{"id":85,"date":"2026-01-23T08:39:05","date_gmt":"2026-01-23T07:39:05","guid":{"rendered":"https:\/\/pro-veranda.fr\/actu\/construire-une-veranda-en-zone-protegee-architecte-des-batiments-de-france\/"},"modified":"2026-01-23T08:39:05","modified_gmt":"2026-01-23T07:39:05","slug":"construire-une-veranda-en-zone-protegee-architecte-des-batiments-de-france","status":"publish","type":"post","link":"https:\/\/pro-veranda.fr\/actu\/construire-une-veranda-en-zone-protegee-architecte-des-batiments-de-france\/","title":{"rendered":"Construire une v\u00e9randa en zone prot\u00e9g\u00e9e (Architecte des B\u00e2timents de France)."},"content":{"rendered":"<p>Construire une v\u00e9randa est un projet enthousiasmant, mais lorsqu&rsquo;il prend place en <strong>zone prot\u00e9g\u00e9e<\/strong>, il requiert une attention toute particuli\u00e8re. L&rsquo;avis de l&rsquo;Architecte des B\u00e2timents de France (ABF) devient alors un pivot central de votre d\u00e9marche. Cet article vous guide \u00e0 travers les sp\u00e9cificit\u00e9s de la <strong>r\u00e9glementation<\/strong> pour mener \u00e0 bien votre projet d&rsquo;extension dans le respect du <strong>patrimoine<\/strong>.<\/p>\n\n<p><strong>En bref : les points cl\u00e9s pour votre v\u00e9randa en secteur ABF<\/strong><\/p>\n\n<ul class=\"wp-block-list\"><li>\ud83d\udccd <strong>V\u00e9rification pr\u00e9alable<\/strong> : Avant tout, consultez le Plan Local d&rsquo;Urbanisme (PLU) en mairie pour savoir si votre bien est situ\u00e9 en zone prot\u00e9g\u00e9e.<\/li><li>\ud83d\udcc4 <strong>Autorisation d&rsquo;urbanisme<\/strong> : L&rsquo;avis de l&rsquo;ABF est obligatoire. Le d\u00e9lai d&rsquo;instruction de votre <strong>permis de construire<\/strong> ou de votre <strong>d\u00e9claration pr\u00e9alable<\/strong> sera prolong\u00e9.<\/li><li>\ud83d\udcd0 <strong>Conformit\u00e9 architecturale<\/strong> : Votre projet de <strong>v\u00e9randa<\/strong> doit s&rsquo;int\u00e9grer harmonieusement \u00e0 l&rsquo;existant et \u00e0 l&rsquo;environnement. Le choix des mat\u00e9riaux, des couleurs et des formes est crucial.<\/li><li>\ud83e\udd1d <strong>Dialogue et pr\u00e9paration<\/strong> : Un dossier bien pr\u00e9par\u00e9 et une communication en amont avec les services de l&rsquo;<strong>urbanisme<\/strong> et l&rsquo;ABF maximisent vos chances de succ\u00e8s.<\/li><li>\u23f3 <strong>Patience et flexibilit\u00e9<\/strong> : Soyez pr\u00eat \u00e0 adapter votre projet initial pour obtenir une <strong>autorisation<\/strong> en bonne et due forme.<\/li><\/ul>\n\n<h2 class=\"wp-block-heading\">Comprendre le r\u00f4le de l&rsquo;Architecte des B\u00e2timents de France (ABF)<\/h2>\n\n<p>L&rsquo;Architecte des B\u00e2timents de France est un agent de l&rsquo;\u00c9tat expert en patrimoine architectural et paysager. Sa mission principale est de veiller \u00e0 la conservation et \u00e0 la mise en valeur des espaces prot\u00e9g\u00e9s. Lorsqu&rsquo;un projet de construction, comme l&rsquo;ajout d&rsquo;une <strong>v\u00e9randa<\/strong>, est envisag\u00e9 dans le p\u00e9rim\u00e8tre d&rsquo;un monument historique ou au sein d&rsquo;un site patrimonial remarquable, son intervention est syst\u00e9matique.<\/p>\n\n<p>Son avis ne doit pas \u00eatre per\u00e7u comme une contrainte, mais plut\u00f4t comme une garantie de qualit\u00e9. L&rsquo;ABF s&rsquo;assure que votre extension respecte l&rsquo;harmonie du lieu, l&rsquo;authenticit\u00e9 du b\u00e2ti et la valeur historique de l&rsquo;environnement. Il est le garant de la <strong>conformit\u00e9<\/strong> de votre projet avec les r\u00e8gles qui prot\u00e8gent notre <strong>patrimoine<\/strong> commun.<\/p>\n\n<h3 class=\"wp-block-heading\">Comment savoir si votre projet est concern\u00e9 par un avis ABF ?<\/h3>\n\n<p>Le premier r\u00e9flexe est de vous rendre au service de l&rsquo;<strong>urbanisme<\/strong> de votre mairie. En consultant le Plan Local d&rsquo;Urbanisme (PLU) ou tout autre document d&rsquo;urbanisme en vigueur, vous pourrez identifier si votre parcelle se situe dans une <strong>zone prot\u00e9g\u00e9e<\/strong>. Ces zones sont clairement d\u00e9limit\u00e9es.<\/p>\n\n<p>Il est essentiel de v\u00e9rifier ce point avant m\u00eame de dessiner les premiers plans. Le PLU peut \u00e9galement fixer des contraintes sp\u00e9cifiques, comme le Coefficient d\u2019Emprise au Sol (CES), qui limite la surface constructible sur votre terrain. Un rendez-vous avec un instructeur du service urbanisme est souvent le meilleur moyen d&rsquo;obtenir des informations claires et fiables. Pour <a href=\"https:\/\/pro-veranda.fr\/actu\/veranda-guide-complet-pour-reussir-les-demarches-administratives\/\">r\u00e9ussir vos d\u00e9marches administratives<\/a>, cette \u00e9tape est incontournable.<\/p>\n\n<h2 class=\"wp-block-heading\">Les d\u00e9marches administratives sp\u00e9cifiques \u00e0 la zone prot\u00e9g\u00e9e<\/h2>\n\n<p>En secteur prot\u00e9g\u00e9, la proc\u00e9dure d&rsquo;<strong>autorisation<\/strong> d&rsquo;urbanisme est plus stricte. M\u00eame pour une surface de v\u00e9randa qui ne n\u00e9cessiterait qu&rsquo;une <strong>d\u00e9claration pr\u00e9alable<\/strong> de travaux en temps normal, un <strong>permis de construire<\/strong> peut \u00eatre exig\u00e9. La mairie transmettra automatiquement votre dossier \u00e0 l&rsquo;ABF pour avis.<\/p>\n\n<p>Cette consultation allonge les d\u00e9lais d&rsquo;instruction. Comptez g\u00e9n\u00e9ralement un mois suppl\u00e9mentaire par rapport \u00e0 une proc\u00e9dure classique. Il est donc primordial d&rsquo;anticiper cette contrainte dans votre planning de travaux. La pr\u00e9paration du dossier doit \u00eatre m\u00e9ticuleuse pour \u00e9viter tout retard ou refus.<\/p>\n\n<h3 class=\"wp-block-heading\">Pr\u00e9parer un dossier solide pour convaincre l&rsquo;ABF<\/h3>\n\n<p>Pour mettre toutes les chances de votre c\u00f4t\u00e9, votre dossier doit d\u00e9montrer que votre projet de v\u00e9randa a \u00e9t\u00e9 pens\u00e9 avec soin pour s&rsquo;int\u00e9grer parfaitement. L&rsquo;ABF sera particuli\u00e8rement attentif aux points suivants :<\/p>\n\n<ul class=\"wp-block-list\"><li>\ud83c\udfdb\ufe0f <strong>L&rsquo;int\u00e9gration architecturale<\/strong> : La v\u00e9randa doit dialoguer avec le b\u00e2timent principal, sans le d\u00e9naturer.<\/li><li>\ud83e\udeb5 <strong>Le choix des mat\u00e9riaux<\/strong> : Privil\u00e9giez des mat\u00e9riaux nobles et durables (bois, acier, aluminium de qualit\u00e9) qui s&rsquo;accordent avec le style local. <a href=\"https:\/\/pro-veranda.fr\/actu\/veranda-guide-complet-pour-choisir-les-materiaux-adaptes\/\">Le choix des mat\u00e9riaux adapt\u00e9s<\/a> est un facteur de r\u00e9ussite.<\/li><li>\ud83c\udfa8 <strong>Les couleurs et finitions<\/strong> : Les teintes doivent \u00eatre en harmonie avec la fa\u00e7ade existante et les prescriptions \u00e9ventuelles du PLU.<\/li><li>\u270f\ufe0f <strong>La qualit\u00e9 des plans<\/strong> : Des documents clairs, pr\u00e9cis et d\u00e9taill\u00e9s (plan de situation, plan de masse, coupes, fa\u00e7ades, insertion paysag\u00e8re 3D) sont indispensables pour une bonne compr\u00e9hension du projet. Pensez \u00e0 consulter la liste des <a href=\"https:\/\/pro-veranda.fr\/actu\/le-dossier-de-permis-de-construire-pour-une-veranda-quelles-pieces-fournir\/\">pi\u00e8ces \u00e0 fournir pour le dossier de permis de construire<\/a>.<\/li><\/ul>\n\n<p>Le tableau ci-dessous r\u00e9sume les principales diff\u00e9rences entre une proc\u00e9dure standard et une proc\u00e9dure en zone prot\u00e9g\u00e9e.<\/p>\n\n<figure class=\"wp-block-table\"><table>\n<thead>\n<tr>\n<th>Crit\u00e8re<\/th>\n<th>Proc\u00e9dure Standard<\/th>\n<th>Proc\u00e9dure en Zone Prot\u00e9g\u00e9e (Avis ABF)<\/th>\n<\/tr>\n<\/thead>\n<tbody>\n<tr>\n<td><strong>D\u00e9lai d&rsquo;instruction (D\u00e9claration Pr\u00e9alable)<\/strong><\/td>\n<td>1 mois \u23f1\ufe0f<\/td>\n<td>2 mois \u23f3<\/td>\n<\/tr>\n<tr>\n<td><strong>D\u00e9lai d&rsquo;instruction (Permis de Construire)<\/strong><\/td>\n<td>2 mois (maison individuelle) \u23f1\ufe0f<\/td>\n<td>3 mois ou plus \u23f3<\/td>\n<\/tr>\n<tr>\n<td><strong>Avis Consult\u00e9<\/strong><\/td>\n<td>Service urbanisme de la mairie<\/td>\n<td>Mairie + Architecte des B\u00e2timents de France \ud83c\udfdb\ufe0f<\/td>\n<\/tr>\n<tr>\n<td><strong>Flexibilit\u00e9 du projet<\/strong><\/td>\n<td>Elev\u00e9e (dans le respect du PLU)<\/td>\n<td>Limit\u00e9e par les contraintes patrimoniales (mat\u00e9riaux, formes, couleurs)  stricter<\/td>\n<\/tr>\n<\/tbody>\n<\/table><\/figure>\n\n<h2 class=\"wp-block-heading\">Anticiper les contraintes pour un projet de v\u00e9randa r\u00e9ussi<\/h2>\n\n<p>L&rsquo;ABF peut imposer des prescriptions techniques pr\u00e9cises. Par exemple, il pourrait refuser l&rsquo;usage du PVC au profit du bois ou de l&rsquo;acier, exiger des menuiseries \u00e0 petits-bois pour rappeler un style ancien, ou imposer une toiture en ardoise ou en tuiles traditionnelles plut\u00f4t qu&rsquo;en polycarbonate. Ces exigences visent \u00e0 garantir une extension de qualit\u00e9 qui valorise votre bien et son environnement.<\/p>\n\n<p>L&rsquo;objectif n&rsquo;est pas de vous forcer \u00e0 construire une r\u00e9plique \u00e0 l&rsquo;ancienne, mais de trouver le juste \u00e9quilibre entre confort moderne et respect du b\u00e2ti existant. Une <a href=\"https:\/\/pro-veranda.fr\/actu\/veranda-guide-complet-pour-installer-une-extension-lumineuse\/\">extension lumineuse et bien con\u00e7ue<\/a> peut parfaitement s&rsquo;int\u00e9grer dans un cadre historique si elle est pens\u00e9e avec intelligence et respect.<\/p>\n\n<h3 class=\"wp-block-heading\">Que faire en cas d&rsquo;avis d\u00e9favorable de l&rsquo;ABF ?<\/h3>\n\n<p>Un avis d\u00e9favorable (ou un avis favorable avec des prescriptions que vous ne souhaitez pas suivre) n&rsquo;est pas forc\u00e9ment une fin de non-recevoir. Dans un premier temps, il est vivement conseill\u00e9 de prendre contact avec l&rsquo;ABF pour comprendre les motifs de son refus et discuter des modifications qui pourraient rendre le projet acceptable.<\/p>\n\n<p>Si le dialogue n&rsquo;aboutit pas, des voies de recours existent, notamment aupr\u00e8s du pr\u00e9fet de r\u00e9gion. Il est \u00e9galement possible de faire \u00e9voluer votre projet en cours de route ; sachez qu&rsquo;il existe des proc\u00e9dures pour <a href=\"https:\/\/pro-veranda.fr\/actu\/modifier-un-permis-de-construire-en-cours-pour-ajouter-une-veranda\/\">modifier un permis de construire d\u00e9j\u00e0 accord\u00e9<\/a>. Toutefois, une approche collaborative et un dossier bien pr\u00e9par\u00e9 d\u00e8s le d\u00e9part restent la meilleure strat\u00e9gie pour mener votre projet \u00e0 son terme sans encombre.<\/p>\n\n<script type=\"application\/ld+json\">\n{\"@context\":\"https:\/\/schema.org\",\"@type\":\"FAQPage\",\"mainEntity\":[{\"@type\":\"Question\",\"name\":\"Quel est le du00e9lai de ru00e9ponse pour une demande d'autorisation en zone protu00e9gu00e9e ?\",\"acceptedAnswer\":{\"@type\":\"Answer\",\"text\":\"Le du00e9lai d'instruction est gu00e9nu00e9ralement prolongu00e9 d'un mois. Pour une du00e9claration pru00e9alable, il passe de 1 u00e0 2 mois. Pour un permis de construire pour une maison individuelle, il passe de 2 u00e0 3 mois. Ce du00e9lai peut u00eatre encore plus long si le dossier est complexe.\"}},{\"@type\":\"Question\",\"name\":\"Puis-je construire une vu00e9randa tru00e8s contemporaine pru00e8s d'un monument historique ?\",\"acceptedAnswer\":{\"@type\":\"Answer\",\"text\":\"C'est possible, mais complexe. L'ABF privilu00e9gie souvent l'harmonie et l'intu00e9gration. Un projet contemporain peut u00eatre acceptu00e9 s'il est d'une grande qualitu00e9 architecturale et qu'il dialogue respectueusement avec l'ancien, sans le pasticher ni le du00e9naturer. La clu00e9 est de du00e9montrer la pertinence et la qualitu00e9 du projet.\"}},{\"@type\":\"Question\",\"name\":\"L'avis de l'Architecte des Bu00e2timents de France est-il toujours contraignant ?\",\"acceptedAnswer\":{\"@type\":\"Answer\",\"text\":\"L'avis de l'ABF peut u00eatre un 'avis simple' ou un 'avis conforme'. En cas d'avis conforme, le maire est tenu de le suivre. Si le maire du00e9livre une autorisation malgru00e9 un avis conforme du00e9favorable, celle-ci est illu00e9gale. Il est donc crucial de prendre en compte ses recommandations.\"}},{\"@type\":\"Question\",\"name\":\"Dois-je obligatoirement faire appel u00e0 un architecte pour ma vu00e9randa en zone protu00e9gu00e9e ?\",\"acceptedAnswer\":{\"@type\":\"Answer\",\"text\":\"Le recours u00e0 un architecte est obligatoire si la surface de plancher totale de votre habitation (maison + vu00e9randa) du00e9passe 150 mu00b2. Toutefois, mu00eame en dessous de ce seuil, faire appel u00e0 un architecte est fortement recommandu00e9 en zone protu00e9gu00e9e. Son expertise facilitera les u00e9changes avec l'ABF et la constitution d'un dossier de qualitu00e9.\"}}]}\n<\/script>\n<h3>Quel est le d\u00e9lai de r\u00e9ponse pour une demande d&rsquo;autorisation en zone prot\u00e9g\u00e9e ?<\/h3>\n<p>Le d\u00e9lai d&rsquo;instruction est g\u00e9n\u00e9ralement prolong\u00e9 d&rsquo;un mois. Pour une d\u00e9claration pr\u00e9alable, il passe de 1 \u00e0 2 mois. Pour un permis de construire pour une maison individuelle, il passe de 2 \u00e0 3 mois. Ce d\u00e9lai peut \u00eatre encore plus long si le dossier est complexe.<\/p>\n<h3>Puis-je construire une v\u00e9randa tr\u00e8s contemporaine pr\u00e8s d&rsquo;un monument historique ?<\/h3>\n<p>C&rsquo;est possible, mais complexe. L&rsquo;ABF privil\u00e9gie souvent l&rsquo;harmonie et l&rsquo;int\u00e9gration. Un projet contemporain peut \u00eatre accept\u00e9 s&rsquo;il est d&rsquo;une grande qualit\u00e9 architecturale et qu&rsquo;il dialogue respectueusement avec l&rsquo;ancien, sans le pasticher ni le d\u00e9naturer. La cl\u00e9 est de d\u00e9montrer la pertinence et la qualit\u00e9 du projet.<\/p>\n<h3>L&rsquo;avis de l&rsquo;Architecte des B\u00e2timents de France est-il toujours contraignant ?<\/h3>\n<p>L&rsquo;avis de l&rsquo;ABF peut \u00eatre un &lsquo;avis simple&rsquo; ou un &lsquo;avis conforme&rsquo;. En cas d&rsquo;avis conforme, le maire est tenu de le suivre. Si le maire d\u00e9livre une autorisation malgr\u00e9 un avis conforme d\u00e9favorable, celle-ci est ill\u00e9gale. Il est donc crucial de prendre en compte ses recommandations.<\/p>\n<h3>Dois-je obligatoirement faire appel \u00e0 un architecte pour ma v\u00e9randa en zone prot\u00e9g\u00e9e ?<\/h3>\n<p>Le recours \u00e0 un architecte est obligatoire si la surface de plancher totale de votre habitation (maison + v\u00e9randa) d\u00e9passe 150 m\u00b2. Toutefois, m\u00eame en dessous de ce seuil, faire appel \u00e0 un architecte est fortement recommand\u00e9 en zone prot\u00e9g\u00e9e. Son expertise facilitera les \u00e9changes avec l&rsquo;ABF et la constitution d&rsquo;un dossier de qualit\u00e9.<\/p>\n\n","protected":false},"excerpt":{"rendered":"<p>Construire une v\u00e9randa est un projet enthousiasmant, mais lorsqu&rsquo;il prend place en zone prot\u00e9g\u00e9e, il requiert une attention toute particuli\u00e8re. [&hellip;]<\/p>\n","protected":false},"author":1,"featured_media":82,"comment_status":"open","ping_status":"open","sticky":false,"template":"","format":"standard","meta":{"site-sidebar-layout":"default","site-content-layout":"","ast-site-content-layout":"default","site-content-style":"default","site-sidebar-style":"default","ast-global-header-display":"","ast-banner-title-visibility":"","ast-main-header-display":"","ast-hfb-above-header-display":"","ast-hfb-below-header-display":"","ast-hfb-mobile-header-display":"","site-post-title":"","ast-breadcrumbs-content":"","ast-featured-img":"","footer-sml-layout":"","ast-disable-related-posts":"","theme-transparent-header-meta":"","adv-header-id-meta":"","stick-header-meta":"","header-above-stick-meta":"","header-main-stick-meta":"","header-below-stick-meta":"","astra-migrate-meta-layouts":"default","ast-page-background-enabled":"default","ast-page-background-meta":{"desktop":{"background-color":"var(--ast-global-color-5)","background-image":"","background-repeat":"repeat","background-position":"center center","background-size":"auto","background-attachment":"scroll","background-type":"","background-media":"","overlay-type":"","overlay-color":"","overlay-opacity":"","overlay-gradient":""},"tablet":{"background-color":"","background-image":"","background-repeat":"repeat","background-position":"center center","background-size":"auto","background-attachment":"scroll","background-type":"","background-media":"","overlay-type":"","overlay-color":"","overlay-opacity":"","overlay-gradient":""},"mobile":{"background-color":"","background-image":"","background-repeat":"repeat","background-position":"center center","background-size":"auto","background-attachment":"scroll","background-type":"","background-media":"","overlay-type":"","overlay-color":"","overlay-opacity":"","overlay-gradient":""}},"ast-content-background-meta":{"desktop":{"background-color":"var(--ast-global-color-4)","background-image":"","background-repeat":"repeat","background-position":"center center","background-size":"auto","background-attachment":"scroll","background-type":"","background-media":"","overlay-type":"","overlay-color":"","overlay-opacity":"","overlay-gradient":""},"tablet":{"background-color":"var(--ast-global-color-4)","background-image":"","background-repeat":"repeat","background-position":"center center","background-size":"auto","background-attachment":"scroll","background-type":"","background-media":"","overlay-type":"","overlay-color":"","overlay-opacity":"","overlay-gradient":""},"mobile":{"background-color":"var(--ast-global-color-4)","background-image":"","background-repeat":"repeat","background-position":"center center","background-size":"auto","background-attachment":"scroll","background-type":"","background-media":"","overlay-type":"","overlay-color":"","overlay-opacity":"","overlay-gradient":""}},"footnotes":""},"categories":[1],"tags":[],"class_list":["post-85","post","type-post","status-publish","format-standard","has-post-thumbnail","hentry","category-veranda"],"_links":{"self":[{"href":"https:\/\/pro-veranda.fr\/actu\/wp-json\/wp\/v2\/posts\/85","targetHints":{"allow":["GET"]}}],"collection":[{"href":"https:\/\/pro-veranda.fr\/actu\/wp-json\/wp\/v2\/posts"}],"about":[{"href":"https:\/\/pro-veranda.fr\/actu\/wp-json\/wp\/v2\/types\/post"}],"author":[{"embeddable":true,"href":"https:\/\/pro-veranda.fr\/actu\/wp-json\/wp\/v2\/users\/1"}],"replies":[{"embeddable":true,"href":"https:\/\/pro-veranda.fr\/actu\/wp-json\/wp\/v2\/comments?post=85"}],"version-history":[{"count":0,"href":"https:\/\/pro-veranda.fr\/actu\/wp-json\/wp\/v2\/posts\/85\/revisions"}],"wp:featuredmedia":[{"embeddable":true,"href":"https:\/\/pro-veranda.fr\/actu\/wp-json\/wp\/v2\/media\/82"}],"wp:attachment":[{"href":"https:\/\/pro-veranda.fr\/actu\/wp-json\/wp\/v2\/media?parent=85"}],"wp:term":[{"taxonomy":"category","embeddable":true,"href":"https:\/\/pro-veranda.fr\/actu\/wp-json\/wp\/v2\/categories?post=85"},{"taxonomy":"post_tag","embeddable":true,"href":"https:\/\/pro-veranda.fr\/actu\/wp-json\/wp\/v2\/tags?post=85"}],"curies":[{"name":"wp","href":"https:\/\/api.w.org\/{rel}","templated":true}]}}