{"id":83,"date":"2026-01-23T08:39:01","date_gmt":"2026-01-23T07:39:01","guid":{"rendered":"https:\/\/pro-veranda.fr\/actu\/veranda-guide-complet-pour-profiter-toute-lannee\/"},"modified":"2026-01-23T08:39:01","modified_gmt":"2026-01-23T07:39:01","slug":"veranda-guide-complet-pour-profiter-toute-lannee","status":"publish","type":"post","link":"https:\/\/pro-veranda.fr\/actu\/veranda-guide-complet-pour-profiter-toute-lannee\/","title":{"rendered":"V\u00e9randa : guide complet pour profiter toute l&rsquo;ann\u00e9e"},"content":{"rendered":"<p><strong>En bref<\/strong><\/p>\n\n<p>Transformer une v\u00e9randa en une pi\u00e8ce de vie utilisable toute l&rsquo;ann\u00e9e n&rsquo;est plus un r\u00eave, mais une r\u00e9alit\u00e9 accessible gr\u00e2ce \u00e0 une conception r\u00e9fl\u00e9chie. Loin d&rsquo;\u00eatre un simple espace de transition, la v\u00e9randa moderne devient une extension \u00e0 part enti\u00e8re de la maison, baign\u00e9e de lumi\u00e8re et ouverte sur la nature. La cl\u00e9 du succ\u00e8s r\u00e9side dans une approche globale qui int\u00e8gre isolation performante, solutions de chauffage et de ventilation adapt\u00e9es, ainsi qu&rsquo;un am\u00e9nagement soign\u00e9 pour garantir un confort optimal, quelle que soit la saison.<\/p>\n\n<ul class=\"wp-block-list\"><li>\u2705 <strong>Prioriser l&rsquo;isolation thermique :<\/strong> C&rsquo;est le fondement d&rsquo;une v\u00e9randa quatre saisons. Le choix du vitrage et des mat\u00e9riaux de structure est d\u00e9terminant.<\/li><li>\u2600\ufe0f <strong>Ma\u00eetriser la temp\u00e9rature :<\/strong> Des syst\u00e8mes de chauffage efficaces pour l&rsquo;hiver et des protections solaires intelligentes pour l&rsquo;\u00e9t\u00e9 sont indispensables.<\/li><li>\ud83d\udecb\ufe0f <strong>Penser polyvalence :<\/strong> Un am\u00e9nagement et un mobilier modulables permettent \u00e0 l&rsquo;espace de s&rsquo;adapter \u00e0 vos besoins tout au long de l&rsquo;ann\u00e9e.<\/li><li>\ud83c\udf3f <strong>Soigner le design et l&rsquo;entretien :<\/strong> L&rsquo;esth\u00e9tique, l&rsquo;\u00e9clairage et un entretien r\u00e9gulier assurent la p\u00e9rennit\u00e9 et l&rsquo;agr\u00e9ment de votre installation.<\/li><\/ul>\n\n<h2 class=\"wp-block-heading\">Les fondations d&rsquo;une v\u00e9randa 4 saisons : isolation et mat\u00e9riaux<\/h2>\n\n<p>Pour qu&rsquo;une v\u00e9randa devienne une v\u00e9ritable pi\u00e8ce \u00e0 vivre douze mois par an, tout commence par sa structure. Une <strong>isolation thermique irr\u00e9prochable<\/strong> est la pierre angulaire de votre projet, garantissant un confort constant et ma\u00eetrisant vos d\u00e9penses \u00e9nerg\u00e9tiques. Cela passe in\u00e9vitablement par un choix judicieux des mat\u00e9riaux et du vitrage.<\/p>\n\n<p>Le vitrage est l&rsquo;\u00e9l\u00e9ment central. Oubliez le simple vitrage, synonyme d&rsquo;effet de serre en \u00e9t\u00e9 et de glaci\u00e8re en hiver. Optez au minimum pour un <strong>double vitrage \u00e0 isolation renforc\u00e9e (VIR)<\/strong>, voire un triple vitrage dans les r\u00e9gions les plus froides. Ces technologies limitent les d\u00e9perditions de chaleur en hiver et bloquent une partie du rayonnement solaire en \u00e9t\u00e9, assurant ainsi une temp\u00e9rature int\u00e9rieure plus stable.<\/p>\n\n<p>Concernant la structure, plusieurs options s&rsquo;offrent \u00e0 vous. L&rsquo;aluminium, moderne et facile d&rsquo;entretien, doit imp\u00e9rativement \u00eatre \u00e0 rupture de pont thermique pour ne pas conduire le froid. Le bois offre une isolation naturelle et une ambiance chaleureuse, mais demande un entretien plus r\u00e9gulier. Le PVC, quant \u00e0 lui, repr\u00e9sente un excellent compromis en termes de performance et de budget. Le <a href=\"https:\/\/pro-veranda.fr\/actu\/veranda-guide-complet-pour-choisir-les-materiaux-adaptes\/\">choix des mat\u00e9riaux performants<\/a> est donc une \u00e9tape \u00e0 ne pas n\u00e9gliger pour le confort futur.<\/p>\n\n<h3 class=\"wp-block-heading\">La toiture, un bouclier thermique essentiel<\/h3>\n\n<p>La toiture de votre v\u00e9randa joue un r\u00f4le tout aussi crucial que les parois vitr\u00e9es. Une toiture enti\u00e8rement vitr\u00e9e maximise la luminosit\u00e9, mais peut s&rsquo;av\u00e9rer complexe \u00e0 g\u00e9rer thermiquement. Les panneaux sandwichs isolants, compos\u00e9s d&rsquo;un c\u0153ur en mousse polyur\u00e9thane, offrent les <strong>meilleures performances d&rsquo;isolation thermique et acoustique<\/strong>. Pour un compromis id\u00e9al, il est possible d&rsquo;alterner ces panneaux avec des puits de lumi\u00e8re pour conserver une belle clart\u00e9 sans sacrifier le confort.<\/p>\n\n<h2 class=\"wp-block-heading\">Ma\u00eetriser le froid : quelle solution de chauffage pour votre v\u00e9randa ?<\/h2>\n\n<p>En hiver, un chauffage efficace est indispensable pour transformer votre v\u00e9randa en un cocon douillet. Le choix du syst\u00e8me d\u00e9pendra de la surface, de la fr\u00e9quence d&rsquo;utilisation et de votre budget. Il est crucial de bien dimensionner la puissance n\u00e9cessaire pour ne pas surconsommer.<\/p>\n\n<p>Les radiateurs \u00e9lectriques \u00e0 inertie offrent une mont\u00e9e en temp\u00e9rature rapide et une chaleur douce. Plus discret, le plancher chauffant \u00e9lectrique ou hydraulique diffuse une chaleur homog\u00e8ne et tr\u00e8s agr\u00e9able, lib\u00e9rant totalement l&rsquo;espace mural. Pour une touche d&rsquo;authenticit\u00e9 et une chaleur enveloppante, le po\u00eale \u00e0 bois ou \u00e0 granul\u00e9s est une option de plus en plus pris\u00e9e, alliant performance et design. Pour une approche plus \u00e9cologique, la pompe \u00e0 chaleur air\/air (climatisation r\u00e9versible) permet de chauffer en hiver et de rafra\u00eechir en \u00e9t\u00e9. Penser en amont \u00e0 <a href=\"https:\/\/pro-veranda.fr\/actu\/veranda-guide-complet-pour-integrer-le-chauffage-et-la-ventilation\/\">int\u00e9grer un syst\u00e8me de chauffage et de ventilation<\/a> d\u00e8s la conception est un v\u00e9ritable atout.<\/p>\n\n<figure class=\"wp-block-table\"><table>\n<thead>\n<tr>\n<th>Type de Chauffage<\/th>\n<th>Avantages<\/th>\n<th>Id\u00e9al pour&#8230;<\/th>\n<\/tr>\n<\/thead>\n<tbody>\n<tr>\n<td>Radiateurs \u00e0 inertie \u26a1<\/td>\n<td>Installation simple, mont\u00e9e en chaleur rapide, co\u00fbt d&rsquo;achat mod\u00e9r\u00e9.<\/td>\n<td>Un usage ponctuel ou en compl\u00e9ment d&rsquo;un autre syst\u00e8me.<\/td>\n<\/tr>\n<tr>\n<td>Plancher chauffant \ud83d\udc63<\/td>\n<td>Chaleur homog\u00e8ne, confort absolu, totalement invisible.<\/td>\n<td>Un usage quotidien et les projets de construction neuve.<\/td>\n<\/tr>\n<tr>\n<td>Po\u00eale \u00e0 bois\/granul\u00e9s \ud83d\udd25<\/td>\n<td>Ambiance conviviale, excellente performance, combustible \u00e9conomique.<\/td>\n<td>Les grandes v\u00e9randas et les amateurs de chaleur authentique.<\/td>\n<\/tr>\n<tr>\n<td>Pompe \u00e0 chaleur (clim r\u00e9versible) \ud83d\udca8<\/td>\n<td>Solution 2-en-1 (chaud\/froid), performante et \u00e9conome \u00e0 l&rsquo;usage.<\/td>\n<td>Un confort optimal en toute saison et sur de grandes surfaces.<\/td>\n<\/tr>\n<\/tbody>\n<\/table><\/figure>\n\n<figure class=\"is-provider-youtube is-type-video wp-block-embed wp-block-embed-youtube wp-embed-aspect-16-9 wp-has-aspect-ratio\"><div class=\"wp-block-embed__wrapper\">\n<iframe loading=\"lazy\" title=\"Am\u00e9nager une v\u00e9randa en pi\u00e8ce \u00e0 vivre : Et si la mode nous inspirait !\" width=\"500\" height=\"281\" src=\"https:\/\/www.youtube.com\/embed\/Y1ydQEwMjRI?feature=oembed\" frameborder=\"0\" allow=\"accelerometer; autoplay; clipboard-write; encrypted-media; gyroscope; picture-in-picture; web-share\" referrerpolicy=\"strict-origin-when-cross-origin\" allowfullscreen><\/iframe>\n<\/div><\/figure>\n\nAbsolument ! Voici un bloc de code pr\u00eat \u00e0 \u00eatre int\u00e9gr\u00e9, con\u00e7u avec une approche moderne et cr\u00e9ative, utilisant Tailwind CSS pour un design \u00e9pur\u00e9 et responsive.\n\n\u00ab\u00a0`html\n<!-- D\u00c9BUT DU BLOC CALCULATEUR V\u00c9RANDA -->\n\n<!-- Appel de la librairie Tailwind CSS pour le style.\n     Le script \"browser\" permet d'utiliser les classes Tailwind directement dans le HTML sans \u00e9tape de compilation.\n     Parfait pour une int\u00e9gration simple et rapide dans un article de blog. -->\n<script src=\"https:\/\/cdn.jsdelivr.net\/npm\/@tailwindcss\/browser@4\"><\/script>\n\n<div id=\"calculateur-veranda-container\" class=\"not-prose max-w-2xl mx-auto my-12 font-sans bg-slate-50 rounded-2xl shadow-lg border border-slate-200 overflow-hidden\">\n    <div class=\"p-6 sm:p-8\">\n        <!-- En-t\u00eate du calculateur -->\n        <div class=\"flex items-center gap-4 mb-6\">\n            <div class=\"flex-shrink-0 bg-sky-100 text-sky-600 rounded-full p-3\">\n                <svg xmlns=\"http:\/\/www.w3.org\/2000\/svg\" class=\"h-8 w-8\" viewBox=\"0 0 24 24\" fill=\"none\" stroke=\"currentColor\" stroke-width=\"2\" stroke-linecap=\"round\" stroke-linejoin=\"round\">\n                    <path d=\"M12 13V2\" \/>\n                    <path d=\"M12 2l3.5 3.5\" \/>\n                    <path d=\"M12 2L8.5 5.5\" \/>\n                    <path d=\"M20 16.5A7.5 7.5 0 004 16.5\" \/>\n                    <path d=\"M12 22a2.5 2.5 0 002.5-2.5V17a2.5 2.5 0 00-5 0v2.5A2.5 2.5 0 0012 22z\" \/>\n                <\/svg>\n            <\/div>\n            <div>\n                <h2 class=\"text-2xl font-bold text-slate-800\" id=\"calculateur-titre\">Chaleur id\u00e9ale pour votre v\u00e9randa<\/h2>\n                <p class=\"text-slate-500\" id=\"calculateur-sous-titre\">Estimez la puissance de chauffage n\u00e9cessaire en quelques clics.<\/p>\n            <\/div>\n        <\/div>\n\n        <!-- Formulaire de saisie -->\n        <form id=\"formCalculChauffage\" class=\"grid grid-cols-1 gap-6\">\n            <!-- Champ 1 : Surface -->\n            <div>\n                <label for=\"surface\" class=\"block text-sm font-semibold text-slate-700 mb-2\" id=\"label-surface\">Surface de la v\u00e9randa (en m\u00b2)<\/label>\n                <div class=\"relative\">\n                    <input type=\"number\" id=\"surface\" name=\"surface\" class=\"w-full pl-4 pr-12 py-3 bg-white border border-slate-300 rounded-lg shadow-sm focus:outline-none focus:ring-2 focus:ring-sky-500 focus:border-sky-500 transition\" placeholder=\"Ex: 20\" required min=\"1\">\n                    <span class=\"absolute inset-y-0 right-4 flex items-center text-slate-400 font-mono\">m\u00b2<\/span>\n                <\/div>\n            <\/div>\n\n            <!-- Champ 2 : Hauteur -->\n            <div>\n                <label for=\"hauteur\" class=\"block text-sm font-semibold text-slate-700 mb-2\" id=\"label-hauteur\">Hauteur sous plafond (en m)<\/label>\n                <div class=\"relative\">\n                    <input type=\"number\" id=\"hauteur\" name=\"hauteur\" class=\"w-full pl-4 pr-12 py-3 bg-white border border-slate-300 rounded-lg shadow-sm focus:outline-none focus:ring-2 focus:ring-sky-500 focus:border-sky-500 transition\" placeholder=\"Ex: 2.5\" required min=\"1\" step=\"0.1\">\n                    <span class=\"absolute inset-y-0 right-4 flex items-center text-slate-400 font-mono\">m<\/span>\n                <\/div>\n            <\/div>\n\n            <!-- Champ 3 : Qualit\u00e9 de l'isolation -->\n            <div>\n                <label for=\"isolation\" class=\"block text-sm font-semibold text-slate-700 mb-2\" id=\"label-isolation\">Qualit\u00e9 de l&rsquo;isolation<\/label>\n                <select id=\"isolation\" name=\"isolation\" class=\"w-full pl-4 pr-10 py-3 bg-white border border-slate-300 rounded-lg shadow-sm focus:outline-none focus:ring-2 focus:ring-sky-500 focus:border-sky-500 transition appearance-none\">\n                    <option value=\"50\" id=\"option-faible\">Faible (simple vitrage, ancienne)<\/option>\n                    <option value=\"40\" selected id=\"option-moyenne\">Moyenne (double vitrage standard)<\/option>\n                    <option value=\"35\" id=\"option-bonne\">Bonne (double vitrage r\u00e9cent, rupture de pont thermique)<\/option>\n                <\/select>\n            <\/div>\n\n            <!-- Bouton de calcul -->\n            <button type=\"submit\" id=\"bouton-calculer\" class=\"w-full bg-sky-600 text-white font-bold text-lg py-3 px-6 rounded-lg hover:bg-sky-700 focus:outline-none focus:ring-4 focus:ring-sky-300 transition-all duration-300 ease-in-out transform hover:scale-105\">\n                Calculer la puissance\n            <\/button>\n        <\/form>\n    <\/div>\n\n    <!-- Zone de r\u00e9sultat (initialement masqu\u00e9e) -->\n    <div id=\"resultatCalcul\" class=\"hidden bg-gradient-to-br from-sky-50 to-blue-50 p-6 sm:p-8 border-t border-slate-200\">\n        <h3 class=\"text-lg font-semibold text-slate-700\" id=\"resultat-titre\">Puissance de chauffage recommand\u00e9e :<\/h3>\n        <p class=\"my-4 text-center\">\n            <span id=\"puissanceResultat\" class=\"text-5xl sm:text-6xl font-black text-transparent bg-clip-text bg-gradient-to-r from-sky-500 to-blue-600\">0<\/span>\n            <span class=\"text-2xl font-bold text-slate-500 ml-2\">Watts<\/span>\n        <\/p>\n        <div class=\"mt-4 text-sm text-slate-600 bg-slate-100 p-4 rounded-lg border border-slate-200\">\n            <p id=\"resultat-conseil\"><strong>Conseil :<\/strong> Cette puissance peut \u00eatre r\u00e9partie sur un ou plusieurs appareils (radiateurs \u00e9lectriques, pompe \u00e0 chaleur, etc.). Pensez \u00e0 choisir des \u00e9quipements performants et programmables pour optimiser votre confort et votre consommation.<\/p>\n        <\/div>\n    <\/div>\n<\/div>\n\n<script>\n    \/\/ Attend que le contenu de la page soit enti\u00e8rement charg\u00e9 avant d'ex\u00e9cuter le script.\n    \/\/ C'est une bonne pratique pour s'assurer que tous les \u00e9l\u00e9ments HTML sont disponibles.\n    document.addEventListener('DOMContentLoaded', () => {\n\n        \/\/ --- S\u00c9LECTION DES \u00c9L\u00c9MENTS DU DOM ---\n        \/\/ On r\u00e9cup\u00e8re tous les \u00e9l\u00e9ments interactifs du calculateur par leur ID pour pouvoir les manipuler.\n        const form = document.getElementById('formCalculChauffage');\n        const surfaceInput = document.getElementById('surface');\n        const hauteurInput = document.getElementById('hauteur');\n        const isolationSelect = document.getElementById('isolation');\n        const resultatDiv = document.getElementById('resultatCalcul');\n        const puissanceSpan = document.getElementById('puissanceResultat');\n\n        \/\/ --- GESTIONNAIRE D'\u00c9V\u00c9NEMENT ---\n        \/\/ On \u00e9coute l'\u00e9v\u00e9nement 'submit' sur le formulaire.\n        form.addEventListener('submit', (event) => {\n            \/\/ event.preventDefault() emp\u00eache le comportement par d\u00e9faut du formulaire,\n            \/\/ qui est de recharger la page.\n            event.preventDefault();\n\n            \/\/ --- R\u00c9CUP\u00c9RATION ET CONVERSION DES VALEURS ---\n            \/\/ On r\u00e9cup\u00e8re les valeurs des champs et on les convertit en nombres \u00e0 virgule (parseFloat).\n            \/\/ L'op\u00e9rateur '|| 0' assure que si un champ est vide, on utilise 0 comme valeur par d\u00e9faut.\n            const surface = parseFloat(surfaceInput.value) || 0;\n            const hauteur = parseFloat(hauteurInput.value) || 0;\n            const coefIsolation = parseFloat(isolationSelect.value);\n\n            \/\/ --- VALIDATION SIMPLE ---\n            \/\/ Si la surface ou la hauteur sont nulles ou n\u00e9gatives, on arr\u00eate le calcul.\n            if (surface <= 0 || hauteur <= 0) {\n                \/\/ Pour une meilleure UX, on pourrait afficher un message d'erreur ici.\n                \/\/ Pour garder le code simple, on se contente d'arr\u00eater.\n                return;\n            }\n\n            \/\/ --- LOGIQUE DE CALCUL ---\n            \/\/ La formule standard simplifi\u00e9e pour estimer les besoins en chauffage est :\n            \/\/ Puissance (W) = Volume (m\u00b3) * Coefficient (W\/m\u00b3)\n            \/\/ Le coefficient d\u00e9pend de la qualit\u00e9 de l'isolation de la pi\u00e8ce.\n            \/\/ 1. Calcul du volume de la v\u00e9randa.\n            const volume = surface * hauteur;\n\n            \/\/ 2. Calcul de la puissance n\u00e9cessaire.\n            const puissanceCalculee = volume * coefIsolation;\n\n            \/\/ 3. On arrondit le r\u00e9sultat \u00e0 l'entier le plus proche pour une lecture facile.\n            const puissanceArrondie = Math.round(puissanceCalculee);\n\n            \/\/ --- AFFICHAGE DU R\u00c9SULTAT ---\n            \/\/ On met \u00e0 jour le contenu du span de r\u00e9sultat.\n            \/\/ toLocaleString('fr-FR') formate le nombre avec un s\u00e9parateur de milliers pour la lisibilit\u00e9 (ex: 2 500).\n            puissanceSpan.textContent = puissanceArrondie.toLocaleString('fr-FR');\n\n            \/\/ On retire la classe 'hidden' de la div de r\u00e9sultat pour la rendre visible.\n            \/\/ Tailwind CSS utilise cette classe pour contr\u00f4ler la visibilit\u00e9 (display: none).\n            resultatDiv.classList.remove('hidden');\n\n            \/\/ --- AM\u00c9LIORATION UX : SCROLL AUTOMATIQUE ---\n            \/\/ Une fois le r\u00e9sultat affich\u00e9, on fait d\u00e9filer la page en douceur\n            \/\/ pour que l'utilisateur voie imm\u00e9diatement le r\u00e9sultat, surtout sur mobile.\n            resultatDiv.scrollIntoView({\n                behavior: 'smooth',\n                block: 'end'\n            });\n        });\n    });\n<\/script>\n\n<!-- FIN DU BLOC CALCULATEUR V\u00c9RANDA -->\n\n<h2 class=\"wp-block-heading\">Dompter la chaleur estivale : astuces pour une fra\u00eecheur optimale<\/h2>\n\n<p>L'\u00e9t\u00e9, le principal d\u00e9fi est d'\u00e9viter la surchauffe. La meilleure strat\u00e9gie est d'emp\u00eacher le soleil de frapper directement les vitres. Les <strong>protections solaires ext\u00e9rieures<\/strong> sont les plus efficaces : stores bannes, volets roulants ou brise-soleil orientables (BSO) bloquent le rayonnement avant qu'il n'atteigne le vitrage.<\/p>\n\n<p>\u00c0 l'int\u00e9rieur, des stores (californiens, v\u00e9nitiens, enrouleurs) permettent de moduler la luminosit\u00e9 et de pr\u00e9server l'intimit\u00e9. Une bonne ventilation est \u00e9galement essentielle. Pensez \u00e0 cr\u00e9er des courants d'air en ouvrant des fen\u00eatres oppos\u00e9es ou en installant des a\u00e9rateurs en partie haute et basse. Un ventilateur de plafond peut aussi grandement am\u00e9liorer le confort en brassant l'air. L'objectif est de <a href=\"https:\/\/pro-veranda.fr\/actu\/veranda-guide-complet-pour-installer-une-extension-lumineuse\/\">cr\u00e9er une extension lumineuse mais temp\u00e9r\u00e9e<\/a>, m\u00eame au c\u0153ur de l'\u00e9t\u00e9.<\/p>\n\n<h2 class=\"wp-block-heading\">Am\u00e9nagement et design : cr\u00e9er un espace de vie polyvalent<\/h2>\n\n<p>Une fois le confort thermique assur\u00e9, place \u00e0 l'am\u00e9nagement ! Pour que votre v\u00e9randa soit agr\u00e9able en toute saison, privil\u00e9giez un mobilier polyvalent et des mat\u00e9riaux adapt\u00e9s. Le design de votre v\u00e9randa doit \u00eatre une extension naturelle de votre int\u00e9rieur.<\/p>\n\n<ul class=\"wp-block-list\"><li>\ud83d\udecb\ufe0f <strong>Mobilier modulable :<\/strong> Optez pour des canap\u00e9s d'angle, des tables basses gigognes ou des tables extensibles pour adapter l'espace \u00e0 vos activit\u00e9s (lecture, repas, t\u00e9l\u00e9travail).<\/li><li>\ud83c\udf3f <strong>Mat\u00e9riaux naturels :<\/strong> Le rotin, l'osier ou le bois clair apportent une touche chaleureuse qui se marie parfaitement avec la vue sur le jardin. Pensez \u00e0 des coussins et plaids que vous pourrez changer au fil des saisons.<\/li><li>\ud83d\udca1 <strong>\u00c9clairage soign\u00e9 :<\/strong> Variez les sources lumineuses avec un \u00e9clairage principal (spots, suspension) et des \u00e9clairages d'ambiance (lampes \u00e0 poser, guirlandes lumineuses) pour cr\u00e9er une atmosph\u00e8re cosy le soir. Un variateur d'intensit\u00e9 est un excellent investissement.<\/li><li>\ud83c\udf31 <strong>La plantation :<\/strong> Int\u00e9grer des plantes vertes am\u00e9liore non seulement l'esth\u00e9tique, mais contribue aussi \u00e0 r\u00e9guler l'humidit\u00e9 et \u00e0 rafra\u00eechir l'atmosph\u00e8re.<\/li><\/ul>\n\n<p>L'objectif est de faire de cet espace un lieu o\u00f9 l'on se sent bien, un v\u00e9ritable cocon. Un bon am\u00e9nagement est la derni\u00e8re \u00e9tape pour <a href=\"https:\/\/pro-veranda.fr\/actu\/veranda-guide-complet-pour-creer-un-espace-convivial\/\">cr\u00e9er un espace convivial<\/a> et accueillant pour votre famille et vos amis.<\/p>\n\n<figure class=\"is-provider-youtube is-type-video wp-block-embed wp-block-embed-youtube wp-embed-aspect-16-9 wp-has-aspect-ratio\"><div class=\"wp-block-embed__wrapper\">\n<iframe loading=\"lazy\" title=\"Comment avoir une v\u00e9randa de r\u00eave ? #LMF5\" width=\"500\" height=\"281\" src=\"https:\/\/www.youtube.com\/embed\/6CET22Idsq8?feature=oembed\" frameborder=\"0\" allow=\"accelerometer; autoplay; clipboard-write; encrypted-media; gyroscope; picture-in-picture; web-share\" referrerpolicy=\"strict-origin-when-cross-origin\" allowfullscreen><\/iframe>\n<\/div><\/figure>\n\n<h2 class=\"wp-block-heading\">L'entretien, gage de durabilit\u00e9 pour votre v\u00e9randa<\/h2>\n\n<p>Enfin, pour profiter durablement de votre investissement, un entretien r\u00e9gulier est primordial. Cela permet de pr\u00e9server les performances et l'esth\u00e9tique de votre installation. Un nettoyage des vitres et de la structure deux \u00e0 trois fois par an est g\u00e9n\u00e9ralement suffisant.<\/p>\n\n<p>Il est \u00e9galement important de v\u00e9rifier l'\u00e9tat des joints d'\u00e9tanch\u00e9it\u00e9 et le bon fonctionnement des ouvertures et des syst\u00e8mes d'occultation. Un d\u00e9poussi\u00e9rage des grilles de ventilation garantira une bonne qualit\u00e9 de l'air. <a href=\"https:\/\/pro-veranda.fr\/actu\/veranda-guide-complet-pour-lentretien-et-la-maintenance\/\">L'entretien r\u00e9gulier de votre v\u00e9randa<\/a> est la garantie de son confort et de sa long\u00e9vit\u00e9.<\/p>\n\n<script type=\"application\/ld+json\">\n{\"@context\":\"https:\/\/schema.org\",\"@type\":\"FAQPage\",\"mainEntity\":[{\"@type\":\"Question\",\"name\":\"Comment bien isoler une vu00e9randa existante pour l'hiver ?\",\"acceptedAnswer\":{\"@type\":\"Answer\",\"text\":\"Pour une vu00e9randa existante, vous pouvez amu00e9liorer l'isolation en posant des films isolants sur les vitrages, en installant des rideaux thermiques u00e9pais et en vu00e9rifiant l'u00e9tanchu00e9itu00e9 de tous les joints. L'ajout d'un tapis u00e9pais au sol contribuera u00e9galement au confort.\"}},{\"@type\":\"Question\",\"name\":\"Quels meubles ru00e9sistent le mieux dans une vu00e9randa ?\",\"acceptedAnswer\":{\"@type\":\"Answer\",\"text\":\"Les meubles en aluminium, en ru00e9sine tressu00e9e (polyrotin) ou en bois exotique traitu00e9 (teck) sont parfaits car ils ru00e9sistent bien aux variations de tempu00e9rature et u00e0 la luminositu00e9. Pour les textiles, privilu00e9giez des tissus traitu00e9s anti-UV et du00e9houssables pour un entretien facile.\"}},{\"@type\":\"Question\",\"name\":\"Puis-je installer une cuisine dans ma vu00e9randa ?\",\"acceptedAnswer\":{\"@type\":\"Answer\",\"text\":\"Absolument. Une vu00e9randa peut tout u00e0 fait accueillir une cuisine ou une salle u00e0 manger. Il faut cependant pru00e9voir une ventilation tru00e8s efficace (hotte aspirante, VMC) pour gu00e9rer les odeurs et l'humiditu00e9, ainsi que des raccordements techniques (eau, u00e9lectricitu00e9) planifiu00e9s du00e8s la phase de conception.\"}}]}\n<\/script>\n<h3>Comment bien isoler une v\u00e9randa existante pour l'hiver ?<\/h3>\n<p>Pour une v\u00e9randa existante, vous pouvez am\u00e9liorer l'isolation en posant des films isolants sur les vitrages, en installant des rideaux thermiques \u00e9pais et en v\u00e9rifiant l'\u00e9tanch\u00e9it\u00e9 de tous les joints. L'ajout d'un tapis \u00e9pais au sol contribuera \u00e9galement au confort.<\/p>\n<h3>Quels meubles r\u00e9sistent le mieux dans une v\u00e9randa ?<\/h3>\n<p>Les meubles en aluminium, en r\u00e9sine tress\u00e9e (polyrotin) ou en bois exotique trait\u00e9 (teck) sont parfaits car ils r\u00e9sistent bien aux variations de temp\u00e9rature et \u00e0 la luminosit\u00e9. Pour les textiles, privil\u00e9giez des tissus trait\u00e9s anti-UV et d\u00e9houssables pour un entretien facile.<\/p>\n<h3>Puis-je installer une cuisine dans ma v\u00e9randa ?<\/h3>\n<p>Absolument. Une v\u00e9randa peut tout \u00e0 fait accueillir une cuisine ou une salle \u00e0 manger. Il faut cependant pr\u00e9voir une ventilation tr\u00e8s efficace (hotte aspirante, VMC) pour g\u00e9rer les odeurs et l'humidit\u00e9, ainsi que des raccordements techniques (eau, \u00e9lectricit\u00e9) planifi\u00e9s d\u00e8s la phase de conception.<\/p>\n\n","protected":false},"excerpt":{"rendered":"<p>En bref Transformer une v\u00e9randa en une pi\u00e8ce de vie utilisable toute l&rsquo;ann\u00e9e n&rsquo;est plus un r\u00eave, mais une r\u00e9alit\u00e9 [&hellip;]<\/p>\n","protected":false},"author":1,"featured_media":81,"comment_status":"open","ping_status":"open","sticky":false,"template":"","format":"standard","meta":{"site-sidebar-layout":"default","site-content-layout":"","ast-site-content-layout":"default","site-content-style":"default","site-sidebar-style":"default","ast-global-header-display":"","ast-banner-title-visibility":"","ast-main-header-display":"","ast-hfb-above-header-display":"","ast-hfb-below-header-display":"","ast-hfb-mobile-header-display":"","site-post-title":"","ast-breadcrumbs-content":"","ast-featured-img":"","footer-sml-layout":"","ast-disable-related-posts":"","theme-transparent-header-meta":"","adv-header-id-meta":"","stick-header-meta":"","header-above-stick-meta":"","header-main-stick-meta":"","header-below-stick-meta":"","astra-migrate-meta-layouts":"default","ast-page-background-enabled":"default","ast-page-background-meta":{"desktop":{"background-color":"var(--ast-global-color-5)","background-image":"","background-repeat":"repeat","background-position":"center center","background-size":"auto","background-attachment":"scroll","background-type":"","background-media":"","overlay-type":"","overlay-color":"","overlay-opacity":"","overlay-gradient":""},"tablet":{"background-color":"","background-image":"","background-repeat":"repeat","background-position":"center center","background-size":"auto","background-attachment":"scroll","background-type":"","background-media":"","overlay-type":"","overlay-color":"","overlay-opacity":"","overlay-gradient":""},"mobile":{"background-color":"","background-image":"","background-repeat":"repeat","background-position":"center center","background-size":"auto","background-attachment":"scroll","background-type":"","background-media":"","overlay-type":"","overlay-color":"","overlay-opacity":"","overlay-gradient":""}},"ast-content-background-meta":{"desktop":{"background-color":"var(--ast-global-color-4)","background-image":"","background-repeat":"repeat","background-position":"center center","background-size":"auto","background-attachment":"scroll","background-type":"","background-media":"","overlay-type":"","overlay-color":"","overlay-opacity":"","overlay-gradient":""},"tablet":{"background-color":"var(--ast-global-color-4)","background-image":"","background-repeat":"repeat","background-position":"center center","background-size":"auto","background-attachment":"scroll","background-type":"","background-media":"","overlay-type":"","overlay-color":"","overlay-opacity":"","overlay-gradient":""},"mobile":{"background-color":"var(--ast-global-color-4)","background-image":"","background-repeat":"repeat","background-position":"center center","background-size":"auto","background-attachment":"scroll","background-type":"","background-media":"","overlay-type":"","overlay-color":"","overlay-opacity":"","overlay-gradient":""}},"footnotes":""},"categories":[1],"tags":[],"class_list":["post-83","post","type-post","status-publish","format-standard","has-post-thumbnail","hentry","category-veranda"],"_links":{"self":[{"href":"https:\/\/pro-veranda.fr\/actu\/wp-json\/wp\/v2\/posts\/83","targetHints":{"allow":["GET"]}}],"collection":[{"href":"https:\/\/pro-veranda.fr\/actu\/wp-json\/wp\/v2\/posts"}],"about":[{"href":"https:\/\/pro-veranda.fr\/actu\/wp-json\/wp\/v2\/types\/post"}],"author":[{"embeddable":true,"href":"https:\/\/pro-veranda.fr\/actu\/wp-json\/wp\/v2\/users\/1"}],"replies":[{"embeddable":true,"href":"https:\/\/pro-veranda.fr\/actu\/wp-json\/wp\/v2\/comments?post=83"}],"version-history":[{"count":0,"href":"https:\/\/pro-veranda.fr\/actu\/wp-json\/wp\/v2\/posts\/83\/revisions"}],"wp:featuredmedia":[{"embeddable":true,"href":"https:\/\/pro-veranda.fr\/actu\/wp-json\/wp\/v2\/media\/81"}],"wp:attachment":[{"href":"https:\/\/pro-veranda.fr\/actu\/wp-json\/wp\/v2\/media?parent=83"}],"wp:term":[{"taxonomy":"category","embeddable":true,"href":"https:\/\/pro-veranda.fr\/actu\/wp-json\/wp\/v2\/categories?post=83"},{"taxonomy":"post_tag","embeddable":true,"href":"https:\/\/pro-veranda.fr\/actu\/wp-json\/wp\/v2\/tags?post=83"}],"curies":[{"name":"wp","href":"https:\/\/api.w.org\/{rel}","templated":true}]}}