{"id":77,"date":"2026-01-22T08:54:07","date_gmt":"2026-01-22T07:54:07","guid":{"rendered":"https:\/\/pro-veranda.fr\/actu\/veranda-guide-complet-pour-integrer-le-chauffage-et-la-ventilation\/"},"modified":"2026-01-22T08:54:07","modified_gmt":"2026-01-22T07:54:07","slug":"veranda-guide-complet-pour-integrer-le-chauffage-et-la-ventilation","status":"publish","type":"post","link":"https:\/\/pro-veranda.fr\/actu\/veranda-guide-complet-pour-integrer-le-chauffage-et-la-ventilation\/","title":{"rendered":"V\u00e9randa : guide complet pour int\u00e9grer le chauffage et la ventilation"},"content":{"rendered":"<p>Une v\u00e9randa est bien plus qu&rsquo;une simple extension vitr\u00e9e ; c&rsquo;est une v\u00e9ritable pi\u00e8ce de vie qui fait le pont entre l&rsquo;int\u00e9rieur et l&rsquo;ext\u00e9rieur. Pour en profiter pleinement tout au long de l&rsquo;ann\u00e9e, une gestion thermique ma\u00eetris\u00e9e est indispensable. Cet article-guide d\u00e9taille les solutions de <strong>chauffage<\/strong> et de <strong>ventilation<\/strong> adapt\u00e9es, afin de transformer votre v\u00e9randa en un havre de paix, quelle que soit la saison.<\/p>\n\n<p><strong>En bref : les cl\u00e9s pour un confort thermique optimal dans votre v\u00e9randa<\/strong><\/p>\n\n<ul class=\"wp-block-list\"><li>\u2744\ufe0f <strong>L&rsquo;isolation avant tout :<\/strong> Un bon chauffage est inefficace dans une passoire thermique. La qualit\u00e9 du vitrage et de la structure est le pr\u00e9requis \u00e0 toute installation.<\/li><li>\ud83d\udcd0 <strong>L&rsquo;analyse des besoins :<\/strong> La superficie, l&rsquo;orientation et l&rsquo;usage de la v\u00e9randa d\u00e9terminent la puissance et le type de chauffage n\u00e9cessaires.<\/li><li>\ud83d\udd25 <strong>Un chauffage adapt\u00e9 :<\/strong> Du raccordement au syst\u00e8me central aux solutions autonomes (\u00e9lectrique, bois, pompe \u00e0 chaleur), chaque option pr\u00e9sente des avantages sp\u00e9cifiques \u00e0 \u00e9valuer.<\/li><li>\ud83c\udf2c\ufe0f <strong>Une ventilation essentielle :<\/strong> Pour garantir un air sain, \u00e9viter la condensation et r\u00e9guler la temp\u00e9rature en \u00e9t\u00e9, l&rsquo;a\u00e9ration est un pilier de votre confort.<\/li><\/ul>\n\n<h2 class=\"wp-block-heading\">\u00c9valuer les besoins thermiques de votre v\u00e9randa : le point de d\u00e9part<\/h2>\n\n<p>Avant m\u00eame de choisir un \u00e9quipement, une analyse rigoureuse de votre espace s&rsquo;impose. La conception d&rsquo;une v\u00e9randa, majoritairement vitr\u00e9e, la rend particuli\u00e8rement sensible aux variations de temp\u00e9rature. Ignorer cette \u00e9tape pr\u00e9liminaire, c&rsquo;est prendre le risque d&rsquo;un syst\u00e8me de chauffage surdimensionn\u00e9 et co\u00fbteux, ou \u00e0 l&rsquo;inverse, insuffisant pour garantir un <strong>confort thermique<\/strong> ad\u00e9quat durant les mois les plus froids.<\/p>\n\n<h3 class=\"wp-block-heading\">Superficie, isolation et orientation : le trio gagnant du confort thermique<\/h3>\n\n<p>Trois crit\u00e8res fondamentaux doivent guider votre r\u00e9flexion pour assurer une <strong>efficacit\u00e9 \u00e9nerg\u00e9tique<\/strong> maximale. Premi\u00e8rement, la <strong>superficie<\/strong> de la pi\u00e8ce dicte la puissance de chauffe requise. Une grande v\u00e9randa exigera logiquement plus d&rsquo;<strong>\u00e9nergie<\/strong> qu&rsquo;un espace plus modeste.<\/p>\n\n<p>Deuxi\u00e8mement, l&rsquo;<strong>isolation<\/strong> est votre meilleure alli\u00e9e. Une structure performante, dot\u00e9e de double, voire de triple vitrage \u00e0 contr\u00f4le solaire et de profil\u00e9s \u00e0 rupture de pont thermique, limitera drastiquement les d\u00e9perditions de chaleur. Pour un <a href=\"https:\/\/pro-veranda.fr\/actu\/veranda-guide-complet-pour-optimiser-lisolation-thermique\/\">renforcement thermique optimal<\/a>, chaque d\u00e9tail compte. Enfin, l&rsquo;<strong>orientation<\/strong> joue un r\u00f4le capital : une v\u00e9randa expos\u00e9e plein sud b\u00e9n\u00e9ficiera d&rsquo;apports solaires passifs importants en hiver, r\u00e9duisant d&rsquo;autant les besoins en chauffage.<\/p>\n\n<h2 class=\"wp-block-heading\">Les solutions de chauffage pour une v\u00e9randa : comparatif et analyse<\/h2>\n\n<p>Une fois vos besoins clairement d\u00e9finis, plusieurs options s&rsquo;offrent \u00e0 vous pour chauffer efficacement votre nouvel espace de vie. Le choix d\u00e9pendra de la configuration de votre logement, de votre budget et de vos attentes en mati\u00e8re de confort et de praticit\u00e9.<\/p>\n\n<h3 class=\"wp-block-heading\">Raccorder sa v\u00e9randa au chauffage central : une extension naturelle<\/h3>\n\n<p>Si votre habitation est d\u00e9j\u00e0 \u00e9quip\u00e9e d&rsquo;un syst\u00e8me de chauffage central (chaudi\u00e8re \u00e0 gaz, \u00e0 fioul ou pompe \u00e0 chaleur), \u00e9tendre le circuit existant est une solution coh\u00e9rente et performante. La premi\u00e8re \u00e9tape consiste \u00e0 <strong>v\u00e9rifier que la puissance de votre chaudi\u00e8re<\/strong> est suffisante pour supporter l&rsquo;ajout de nouveaux \u00e9metteurs de chaleur. Un professionnel pourra r\u00e9aliser ce calcul.<\/p>\n\n<p>L&rsquo;installation se concr\u00e9tise ensuite par la pose de radiateurs \u00e0 eau chaude, id\u00e9alement \u00e9quip\u00e9s de vannes thermostatiques pour une r\u00e9gulation fine de la temp\u00e9rature. Le plancher chauffant est une autre alternative de premier choix, offrant une chaleur douce et homog\u00e8ne, bien que son installation soit plus cons\u00e9quente et doive \u00eatre anticip\u00e9e lors de la construction de la dalle.<\/p>\n\n<figure class=\"is-provider-youtube is-type-video wp-block-embed wp-block-embed-youtube wp-embed-aspect-16-9 wp-has-aspect-ratio\"><div class=\"wp-block-embed__wrapper\">\n<iframe loading=\"lazy\" title=\"Int\u00e9grer des ventilo-convecteurs dans notre syst\u00e8me climatique WISE fonctionnant \u00e0 la demande\" width=\"500\" height=\"281\" src=\"https:\/\/www.youtube.com\/embed\/rWHZ6J52RZE?feature=oembed\" frameborder=\"0\" allow=\"accelerometer; autoplay; clipboard-write; encrypted-media; gyroscope; picture-in-picture; web-share\" referrerpolicy=\"strict-origin-when-cross-origin\" allowfullscreen><\/iframe>\n<\/div><\/figure>\n\n<h3 class=\"wp-block-heading\">Syst\u00e8mes de chauffage autonomes : flexibilit\u00e9 et performance<\/h3>\n\n<p>Lorsque le raccordement au circuit central est impossible ou non souhait\u00e9, les solutions ind\u00e9pendantes offrent une grande flexibilit\u00e9. Chaque technologie poss\u00e8de ses propres caract\u00e9ristiques, qu&rsquo;il convient de comparer pour trouver celle qui correspond le mieux \u00e0 votre usage.<\/p>\n\n<figure class=\"wp-block-table\"><table>\n<thead>\n<tr>\n<th>Type de chauffage<\/th>\n<th>Avantages \ud83d\udc4d<\/th>\n<th>Inconv\u00e9nients \ud83d\udc4e<\/th>\n<th>Usage id\u00e9al<\/th>\n<\/tr>\n<\/thead>\n<tbody>\n<tr>\n<td><strong>\u00c9lectrique (\u00e0 inertie)<\/strong><\/td>\n<td>Installation simple et rapide, co\u00fbt d&rsquo;achat mod\u00e9r\u00e9, r\u00e9gulation pr\u00e9cise.<\/td>\n<td>Co\u00fbt \u00e0 l&rsquo;usage potentiellement \u00e9lev\u00e9 si l&rsquo;isolation est moyenne.<\/td>\n<td>Usage ponctuel ou en appoint d&rsquo;une autre source de chaleur.<\/td>\n<\/tr>\n<tr>\n<td><strong>Po\u00eale \u00e0 bois ou \u00e0 granul\u00e9s<\/strong><\/td>\n<td>\ud83d\udd25 Ambiance chaleureuse, combustible \u00e9conomique, excellente performance.<\/td>\n<td>N\u00e9cessite un conduit d&rsquo;\u00e9vacuation des fum\u00e9es, stockage du combustible, entretien r\u00e9gulier.<\/td>\n<td>Chauffage principal pour un usage quotidien et une ambiance conviviale.<\/td>\n<\/tr>\n<tr>\n<td><strong>Pompe \u00e0 chaleur air\/air (climatisation r\u00e9versible)<\/strong><\/td>\n<td>\ud83d\udca8 Tr\u00e8s \u00e9conomique \u00e0 l&rsquo;usage (puise les calories dans l&rsquo;air), fonction <strong>climatisation<\/strong> en \u00e9t\u00e9.<\/td>\n<td>Co\u00fbt d&rsquo;investissement plus \u00e9lev\u00e9, n\u00e9cessite une unit\u00e9 ext\u00e9rieure.<\/td>\n<td>Solution tout-en-un pour un confort optimal toute l&rsquo;ann\u00e9e.<\/td>\n<\/tr>\n<\/tbody>\n<\/table><\/figure>\n\nAbsolument ! Voici un bloc de code pr\u00eat \u00e0 l&#8217;emploi, con\u00e7u avec une esth\u00e9tique moderne gr\u00e2ce \u00e0 Tailwind CSS et une touche d&rsquo;interactivit\u00e9 pour un rendu ultra pro sur ton article.\n\n<!-- D\u00c9BUT DU CALCULATEUR DE PUISSANCE POUR V\u00c9RANDA -->\n<div id=\"calculateur-veranda-container\" class=\"not-prose font-sans bg-slate-50 rounded-xl shadow-lg p-6 sm:p-8 w-full max-w-2xl mx-auto my-12 border border-slate-200\">\n\n    <!-- Titre et description -->\n    <div class=\"text-center mb-8\">\n        <h2 class=\"text-2xl sm:text-3xl font-bold text-slate-800\">Estimez la puissance de chauffage id\u00e9ale<\/h2>\n        <p class=\"text-slate-600 mt-2\">Remplissez les champs ci-dessous pour obtenir une estimation personnalis\u00e9e pour votre v\u00e9randa.<\/p>\n    <\/div>\n\n    <!-- Formulaire du calculateur -->\n    <form id=\"verandaCalculatorForm\" class=\"space-y-6\">\n\n        <!-- Champ 1: Surface de la v\u00e9randa -->\n        <div>\n            <label for=\"surface\" class=\"block text-sm font-semibold text-slate-700 mb-2\">Surface de la v\u00e9randa (en m\u00b2)<\/label>\n            <div class=\"relative\">\n                <input type=\"number\" id=\"surface\" name=\"surface\" class=\"w-full p-3 pl-4 border border-slate-300 rounded-lg focus:ring-2 focus:ring-teal-500 focus:border-teal-500 transition-shadow\" placeholder=\"Ex: 20\" required min=\"1\">\n                <span class=\"absolute right-4 top-1\/2 -translate-y-1\/2 text-slate-400\">m\u00b2<\/span>\n            <\/div>\n        <\/div>\n\n        <!-- Champ 2: Qualit\u00e9 de l'isolation -->\n        <div>\n            <label for=\"isolation\" class=\"block text-sm font-semibold text-slate-700 mb-2\">Qualit\u00e9 de l&rsquo;isolation<\/label>\n            <select id=\"isolation\" name=\"isolation\" class=\"w-full p-3 bg-white border border-slate-300 rounded-lg focus:ring-2 focus:ring-teal-500 focus:border-teal-500 transition-shadow appearance-none\" style=\"background-image: url('data:image\/svg+xml;charset=US-ASCII,%3Csvg%20xmlns%3D%22http%3A\/\/www.w3.org\/2000\/svg%22%20width%3D%22292.4%22%20height%3D%22292.4%22%3E%3Cpath%20fill%3D%22%2364748b%22%20d%3D%22M287%2069.4a17.6%2017.6%200%200%200-13-5.4H18.4c-5%200-9.3%201.8-12.9%205.4A17.6%2017.6%200%200%200%200%2082.2c0%205%201.8%209.3%205.4%2012.9l128%20127.9c3.6%203.6%207.8%205.4%2012.8%205.4s9.2-1.8%2012.8-5.4L287%2095c3.5-3.5%205.4-7.8%205.4-12.8%200-5-1.9-9.2-5.5-12.8z%22\/%3E%3C\/svg%3E'); background-repeat: no-repeat; background-position: right 1rem center; background-size: 0.8em;\">\n                <option value=\"1.8\">Faible (Simple vitrage, ponts thermiques)<\/option>\n                <option value=\"1.2\" selected>Moyenne (Double vitrage standard, isolation correcte)<\/option>\n                <option value=\"0.8\">Bonne (Triple vitrage, isolation renforc\u00e9e, norme RE2020)<\/option>\n            <\/select>\n        <\/div>\n\n        <!-- Groupe de champs: Temp\u00e9ratures -->\n        <div class=\"grid grid-cols-1 sm:grid-cols-2 gap-6\">\n            <!-- Champ 3: Temp\u00e9rature ext\u00e9rieure de base -->\n            <div>\n                <label for=\"tempExt\" class=\"block text-sm font-semibold text-slate-700 mb-2\">Temp\u00e9rature ext\u00e9rieure de base<\/label>\n                 <div class=\"relative\">\n                    <input type=\"number\" id=\"tempExt\" name=\"tempExt\" value=\"-5\" class=\"w-full p-3 pl-4 border border-slate-300 rounded-lg focus:ring-2 focus:ring-teal-500 focus:border-teal-500 transition-shadow\" placeholder=\"Ex: -7\" required>\n                    <span class=\"absolute right-4 top-1\/2 -translate-y-1\/2 text-slate-400\">\u00b0C<\/span>\n                <\/div>\n                <button type=\"button\" id=\"geoSuggestBtn\" class=\"text-xs text-teal-600 hover:text-teal-800 font-semibold mt-1.5 flex items-center\">\n                    <svg xmlns=\"http:\/\/www.w3.org\/2000\/svg\" class=\"h-4 w-4 mr-1\" viewBox=\"0 0 20 20\" fill=\"currentColor\"><path fill-rule=\"evenodd\" d=\"M5.05 4.05a7 7 0 119.9 9.9L10 18.9l-4.95-4.95a7 7 0 010-9.9zM10 11a2 2 0 100-4 2 2 0 000 4z\" clip-rule=\"evenodd\" \/><\/svg>\n                    <span id=\"geoSuggestText\">Sugg\u00e9rer selon ma localisation<\/span>\n                <\/button>\n            <\/div>\n            <!-- Champ 4: Temp\u00e9rature int\u00e9rieure souhait\u00e9e -->\n            <div>\n                <label for=\"tempInt\" class=\"block text-sm font-semibold text-slate-700 mb-2\">Temp\u00e9rature int\u00e9rieure souhait\u00e9e<\/label>\n                 <div class=\"relative\">\n                    <input type=\"number\" id=\"tempInt\" name=\"tempInt\" value=\"20\" class=\"w-full p-3 pl-4 border border-slate-300 rounded-lg focus:ring-2 focus:ring-teal-500 focus:border-teal-500 transition-shadow\" placeholder=\"Ex: 21\" required>\n                     <span class=\"absolute right-4 top-1\/2 -translate-y-1\/2 text-slate-400\">\u00b0C<\/span>\n                <\/div>\n            <\/div>\n        <\/div>\n\n        <!-- Bouton de calcul -->\n        <button type=\"submit\" class=\"w-full bg-teal-600 text-white font-bold py-3 px-6 rounded-lg hover:bg-teal-700 focus:outline-none focus:ring-4 focus:ring-teal-500\/50 transition-all duration-300 transform hover:scale-105 shadow-md\">\n            Calculer la puissance\n        <\/button>\n    <\/form>\n\n    <!-- Zone de r\u00e9sultat (initialement cach\u00e9e) -->\n    <div id=\"resultatDiv\" class=\"hidden mt-8 p-6 bg-teal-50 border-l-4 border-teal-500 rounded-r-lg animate-fade-in\">\n        <h3 class=\"text-lg font-bold text-teal-800\">Puissance de chauffage recommand\u00e9e :<\/h3>\n        <p class=\"text-4xl sm:text-5xl font-extrabold text-teal-700 my-3\" id=\"resultatWatts\">0 W<\/p>\n        <p class=\"text-sm text-slate-600\">\n            Cette estimation est bas\u00e9e sur une hauteur sous plafond standard de <strong>2,50 m\u00e8tres<\/strong>. Elle sert de guide et ne remplace pas une \u00e9tude thermique professionnelle. Pensez \u00e0 majorer l\u00e9g\u00e8rement cette valeur pour une mont\u00e9e en temp\u00e9rature plus rapide.\n        <\/p>\n    <\/div>\n\n<\/div>\n\n<!-- Chargement du moteur de Tailwind CSS pour le style -->\n<!-- Ce script permet d'utiliser les classes de Tailwind directement dans le HTML sans \u00e9tape de compilation -->\n<script src=\"https:\/\/cdn.jsdelivr.net\/npm\/@tailwindcss\/browser@4\"><\/script>\n\n<!-- Logique JavaScript du calculateur -->\n<script>\n    document.addEventListener('DOMContentLoaded', () => {\n\n        \/\/ --- S\u00c9LECTION DES \u00c9L\u00c9MENTS DU DOM ---\n        const form = document.getElementById('verandaCalculatorForm');\n        const surfaceInput = document.getElementById('surface');\n        const isolationInput = document.getElementById('isolation');\n        const tempExtInput = document.getElementById('tempExt');\n        const tempIntInput = document.getElementById('tempInt');\n        const resultatDiv = document.getElementById('resultatDiv');\n        const resultatWatts = document.getElementById('resultatWatts');\n        const geoSuggestBtn = document.getElementById('geoSuggestBtn');\n        const geoSuggestText = document.getElementById('geoSuggestText');\n\n        \/\/ --- CONSTANTES DE CALCUL ---\n        \/\/ Hauteur sous plafond standard pour une v\u00e9randa.\n        const HAUTEUR_SOUS_PLAFOND = 2.5; \/\/ en m\u00e8tres\n\n        \/\/ --- GESTION DE L'\u00c9V\u00c9NEMENT DE SOUMISSION DU FORMULAIRE ---\n        form.addEventListener('submit', function(event) {\n            \/\/ Emp\u00eache le rechargement de la page\n            event.preventDefault();\n\n            \/\/ --- LECTURE ET CONVERSION DES VALEURS DU FORMULAIRE ---\n            \/\/ On utilise parseFloat pour convertir les textes des champs en nombres d\u00e9cimaux.\n            const surface = parseFloat(surfaceInput.value);\n            const coeffIsolation = parseFloat(isolationInput.value); \/\/ Le coefficient G\n            const tempInt = parseFloat(tempIntInput.value);\n            const tempExt = parseFloat(tempExtInput.value);\n\n            \/\/ --- VALIDATION SIMPLE ---\n            \/\/ S'assure que les champs num\u00e9riques sont bien des nombres valides.\n            if (isNaN(surface) || isNaN(coeffIsolation) || isNaN(tempInt) || isNaN(tempExt)) {\n                alert('Veuillez v\u00e9rifier que tous les champs sont correctement remplis.');\n                return;\n            }\n\n            \/\/ --- FORMULE DE CALCUL DE LA PUISSANCE ---\n            \/\/ Puissance (W) = Coefficient (G) * Volume (m\u00b3) * Delta de Temp\u00e9rature (\u00b0C)\n            const volume = surface * HAUTEUR_SOUS_PLAFOND;\n            const deltaT = tempInt - tempExt;\n            \n            \/\/ On s'assure que le delta de temp\u00e9rature est positif\n            if (deltaT <= 0) {\n                 resultatWatts.textContent = \"0 W\";\n                 resultatDiv.classList.remove('hidden');\n                 return;\n            }\n            \n            const puissanceCalculee = coeffIsolation * volume * deltaT;\n\n            \/\/ --- AFFICHAGE DU R\u00c9SULTAT ---\n            \/\/ On arrondit le r\u00e9sultat pour une meilleure lisibilit\u00e9.\n            resultatWatts.textContent = Math.round(puissanceCalculee) + ' W';\n            \n            \/\/ On rend la div de r\u00e9sultat visible avec une petite animation.\n            resultatDiv.classList.remove('hidden');\n\n            \/\/ Fait d\u00e9filer la vue jusqu'au r\u00e9sultat pour une meilleure exp\u00e9rience utilisateur\n            resultatDiv.scrollIntoView({ behavior: 'smooth', block: 'center' });\n        });\n\n        \/\/ --- FONCTIONNALIT\u00c9 BONUS : G\u00c9OLOCALISATION ---\n        geoSuggestBtn.addEventListener('click', () => {\n            geoSuggestText.textContent = 'Recherche...';\n            geoSuggestBtn.disabled = true;\n\n            \/\/ Appel \u00e0 une API gratuite de g\u00e9olocalisation par IP (sans cl\u00e9 requise)\n            \/\/ URL de l'API : http:\/\/ip-api.com\/json\/\n            \/\/ Exemple de r\u00e9ponse JSON :\n            \/\/ {\n            \/\/   \"status\": \"success\",\n            \/\/   \"country\": \"France\",\n            \/\/   \"countryCode\": \"FR\",\n            \/\/   \"region\": \"IDF\",\n            \/\/   \"regionName\": \"\u00cele-de-France\",\n            \/\/   \"city\": \"Paris\",\n            \/\/   ...\n            \/\/ }\n            fetch('http:\/\/ip-api.com\/json\/?fields=status,city')\n                .then(response => response.json())\n                .then(data => {\n                    if (data.status === 'success' && data.city) {\n                        const city = data.city;\n                        \/\/ Mappage simple de villes fran\u00e7aises \u00e0 des temp\u00e9ratures de base standards\n                        const tempBases = {\n                            'Paris': -5, 'Lille': -7, 'Strasbourg': -9, 'Lyon': -7, 'Marseille': -2, 'Nice': 0,\n                            'Bordeaux': -3, 'Toulouse': -3, 'Nantes': -4, 'Rennes': -4, 'Clermont-Ferrand': -8\n                        };\n                        const tempSuggeree = tempBases[city] || -5; \/\/ -5\u00b0C par d\u00e9faut si la ville n'est pas dans la liste\n                        tempExtInput.value = tempSuggeree;\n                        geoSuggestText.textContent = `Sugg\u00e9r\u00e9 pour ${city} : ${tempSuggeree}\u00b0C`;\n                    } else {\n                        geoSuggestText.textContent = 'Localisation \u00e9chou\u00e9e';\n                    }\n                })\n                .catch(error => {\n                    console.error(\"Erreur lors de la g\u00e9olocalisation:\", error);\n                    geoSuggestText.textContent = 'Erreur de connexion';\n                })\n                .finally(() => {\n                    \/\/ R\u00e9active le bouton apr\u00e8s un court d\u00e9lai pour \u00e9viter les clics r\u00e9p\u00e9t\u00e9s\n                    setTimeout(() => {\n                        geoSuggestBtn.disabled = false;\n                        if(geoSuggestText.textContent.includes('Sugg\u00e9r\u00e9 pour') === false) {\n                           geoSuggestText.textContent = 'Sugg\u00e9rer selon ma localisation';\n                        }\n                    }, 2000);\n                });\n        });\n        \n        \/\/ Ajout d'une petite animation CSS via JS pour le fun\n        const style = document.createElement('style');\n        style.textContent = `\n            @keyframes fade-in {\n                from { opacity: 0; transform: translateY(10px); }\n                to { opacity: 1; transform: translateY(0); }\n            }\n            .animate-fade-in {\n                animation: fade-in 0.5s ease-out forwards;\n            }\n        `;\n        document.head.append(style);\n    });\n<\/script>\n<!-- FIN DU CALCULATEUR -->\n\n<h2 class=\"wp-block-heading\">La ventilation : le pilier oubli\u00e9 du confort dans la v\u00e9randa<\/h2>\n\n<p>Chauffer est une chose, mais respirer un air sain en est une autre. Une <strong>ventilation<\/strong> efficace est cruciale dans une v\u00e9randa pour plusieurs raisons : elle \u00e9vacue l&rsquo;humidit\u00e9 excessive g\u00e9n\u00e9r\u00e9e par les plantes ou l&rsquo;activit\u00e9 humaine, pr\u00e9venant ainsi la condensation sur les vitrages. Elle permet \u00e9galement de renouveler l&rsquo;air et d&rsquo;\u00e9viter la surchauffe durant la p\u00e9riode estivale.<\/p>\n\n<h3 class=\"wp-block-heading\">A\u00e9ration naturelle ou m\u00e9canique : quelles options pour votre projet ?<\/h3>\n\n<p>Assurer une bonne circulation de l&rsquo;air peut se faire de diff\u00e9rentes mani\u00e8res, souvent compl\u00e9mentaires. L&rsquo;objectif est de cr\u00e9er un flux d&rsquo;air constant pour un environnement sain et agr\u00e9able. Pour un projet r\u00e9ussi, pensez \u00e0 bien vous renseigner sur les <a href=\"https:\/\/pro-veranda.fr\/actu\/veranda-guide-complet-pour-choisir-les-materiaux-adaptes\/\">mat\u00e9riaux de construction performants<\/a> qui int\u00e8grent parfois des syst\u00e8mes d&rsquo;a\u00e9ration.<\/p>\n\n<ul class=\"wp-block-list\"><li>\ud83d\udca8 <strong>L&rsquo;a\u00e9ration naturelle :<\/strong> La solution la plus simple consiste \u00e0 int\u00e9grer des ouvrants (fen\u00eatres, baies coulissantes, impostes) en parties basse et haute pour cr\u00e9er un effet de \u00ab\u00a0tirage thermique\u00a0\u00bb.<\/li><li>\ud83d\udd32 <strong>Les grilles de ventilation :<\/strong> Int\u00e9gr\u00e9es aux ch\u00e2ssis des fen\u00eatres ou \u00e0 la structure, elles assurent un renouvellement d&rsquo;air minimal et permanent.<\/li><li>\u2699\ufe0f <strong>La Ventilation M\u00e9canique Contr\u00f4l\u00e9e (VMC) :<\/strong> La solution la plus performante est d&rsquo;\u00e9tendre le syst\u00e8me de VMC de la maison \u00e0 la v\u00e9randa. L&rsquo;air neuf est ainsi aspir\u00e9 depuis la v\u00e9randa pour \u00eatre distribu\u00e9 dans le reste du logement, garantissant une qualit\u00e9 d&rsquo;air optimale.<\/li><li>\ud83c\udf2a\ufe0f <strong>Les a\u00e9rateurs de toiture :<\/strong> Souvent motoris\u00e9s et parfois coupl\u00e9s \u00e0 un capteur de pluie, ils permettent d&rsquo;\u00e9vacuer efficacement l&rsquo;air chaud qui s&rsquo;accumule sous le plafond en \u00e9t\u00e9.<\/li><\/ul>\n\n<figure class=\"is-provider-youtube is-type-video wp-block-embed wp-block-embed-youtube wp-embed-aspect-16-9 wp-has-aspect-ratio\"><div class=\"wp-block-embed__wrapper\">\n<iframe loading=\"lazy\" title=\"Don&#039;t make THESE mistakes when venting the Radiator\ud83d\udca5(almost EVERYONE makes them)\ud83e\udd2f\" width=\"500\" height=\"281\" src=\"https:\/\/www.youtube.com\/embed\/AAioUjmqp9U?feature=oembed\" frameborder=\"0\" allow=\"accelerometer; autoplay; clipboard-write; encrypted-media; gyroscope; picture-in-picture; web-share\" referrerpolicy=\"strict-origin-when-cross-origin\" allowfullscreen><\/iframe>\n<\/div><\/figure>\n\n<h2 class=\"wp-block-heading\">Vers une efficacit\u00e9 \u00e9nerg\u00e9tique maximale : astuces et concepts d&rsquo;avenir<\/h2>\n\n<p>Au-del\u00e0 du choix des \u00e9quipements, l&rsquo;optimisation de leur usage et la conception globale de la v\u00e9randa sont des leviers puissants pour concilier confort et ma\u00eetrise de l&rsquo;\u00e9nergie. Chaque d\u00e9tail, de la r\u00e9gulation \u00e0 la conception architecturale, contribue \u00e0 la performance globale.<\/p>\n\n<h3 class=\"wp-block-heading\">Ma\u00eetriser sa consommation d&rsquo;\u00e9nergie au quotidien<\/h3>\n\n<p>Une fois votre syst\u00e8me install\u00e9, plusieurs bonnes pratiques vous aideront \u00e0 r\u00e9duire votre facture \u00e9nerg\u00e9tique. L&rsquo;installation d&rsquo;un <strong>thermostat connect\u00e9<\/strong> permet de programmer des plages de chauffe et de piloter la temp\u00e9rature \u00e0 distance, \u00e9vitant ainsi de chauffer inutilement. L&rsquo;ajout de <strong>stores ou de volets roulants thermiques<\/strong> constitue une barri\u00e8re suppl\u00e9mentaire contre le froid en hiver et la chaleur en \u00e9t\u00e9. Enfin, n&rsquo;oubliez pas qu&rsquo;un <a href=\"https:\/\/pro-veranda.fr\/actu\/veranda-guide-complet-pour-lentretien-et-la-maintenance\/\">entretien r\u00e9gulier de votre installation<\/a> en garantit le rendement optimal sur le long terme.<\/p>\n\n<h3 class=\"wp-block-heading\">La v\u00e9randa bioclimatique : quand le design sert la performance<\/h3>\n\n<p>Si vous \u00eates en phase de projet, la conception d&rsquo;une v\u00e9randa bioclimatique est l&rsquo;approche la plus aboutie. Ce concept vise \u00e0 tirer le meilleur parti de l&rsquo;environnement : orientation sud pour capter le soleil l&rsquo;hiver, protections solaires (casquettes, brise-soleil) pour s&rsquo;en prot\u00e9ger l&rsquo;\u00e9t\u00e9, et une ventilation naturelle optimis\u00e9e. Une telle conception permet de r\u00e9duire drastiquement les besoins en <strong>chauffage<\/strong> et en <strong>climatisation<\/strong>, transformant la v\u00e9randa en un r\u00e9gulateur thermique pour toute la maison. C&rsquo;est la solution par excellence pour <a href=\"https:\/\/pro-veranda.fr\/actu\/veranda-guide-complet-pour-creer-un-espace-convivial\/\">cr\u00e9er un espace de vie convivial<\/a> et \u00e9co-responsable. Notez que de tels projets, de par leur envergure, n\u00e9cessitent souvent des <a href=\"https:\/\/pro-veranda.fr\/actu\/veranda-guide-complet-pour-reussir-les-demarches-administratives\/\">d\u00e9marches administratives sp\u00e9cifiques<\/a>.<\/p>\n\n<script type=\"application\/ld+json\">\n{\"@context\":\"https:\/\/schema.org\",\"@type\":\"FAQPage\",\"mainEntity\":[{\"@type\":\"Question\",\"name\":\"Peut-on installer une climatisation ru00e9versible dans une vu00e9randa ?\",\"acceptedAnswer\":{\"@type\":\"Answer\",\"text\":\"Oui, absolument. La pompe u00e0 chaleur air\/air, ou climatisation ru00e9versible, est mu00eame l'une des solutions les plus recommandu00e9es. Elle offre un double avantage : un chauffage tru00e8s performant et u00e9conomique en hiver, et une fonction de climatisation indispensable pour profiter de la vu00e9randa durant les fortes chaleurs estivales.\"}},{\"@type\":\"Question\",\"name\":\"Le plancher chauffant est-il une bonne idu00e9e pour une vu00e9randa ?\",\"acceptedAnswer\":{\"@type\":\"Answer\",\"text\":\"Le plancher chauffant est une excellente solution pour une vu00e9randa, car il diffuse une chaleur douce et homogu00e8ne, tru00e8s agru00e9able au quotidien. Cependant, son installation doit u00eatre pru00e9vue du00e8s la construction de la dalle en bu00e9ton. Son inertie thermique le rend idu00e9al pour un usage constant, mais moins ru00e9actif pour un chauffage d'appoint.\"}},{\"@type\":\"Question\",\"name\":\"Quel ru00f4le joue le vitrage dans le confort d'une vu00e9randa ?\",\"acceptedAnswer\":{\"@type\":\"Answer\",\"text\":\"Le vitrage est l'u00e9lu00e9ment central de l'isolation d'une vu00e9randa. Un double vitrage u00e0 isolation thermique renforcu00e9e (VIR) est aujourd'hui un standard minimum. Pour un confort optimal, optez pour un vitrage u00e0 contru00f4le solaire, qui bloque une partie du rayonnement infrarouge en u00e9tu00e9 pour u00e9viter la surchauffe, tout en laissant passer la lumiu00e8re et en conservant la chaleur en hiver.\"}},{\"@type\":\"Question\",\"name\":\"Comment u00e9viter la condensation sur les vitres de ma vu00e9randa en hiver ?\",\"acceptedAnswer\":{\"@type\":\"Answer\",\"text\":\"La condensation est le signe d'une humiditu00e9 ambiante trop u00e9levu00e9e et\/ou de parois froides. Pour y remu00e9dier, la solution la plus efficace est d'assurer une ventilation permanente, mu00eame minimale, gru00e2ce u00e0 des grilles d'au00e9ration ou une VMC. Un chauffage bien ru00e9parti qui maintient les surfaces vitru00e9es u00e0 une tempu00e9rature suffisante aide u00e9galement u00e0 limiter ce phu00e9nomu00e8ne.\"}}]}\n<\/script>\n<h3>Peut-on installer une climatisation r\u00e9versible dans une v\u00e9randa ?<\/h3>\n<p>Oui, absolument. La pompe \u00e0 chaleur air\/air, ou climatisation r\u00e9versible, est m\u00eame l&rsquo;une des solutions les plus recommand\u00e9es. Elle offre un double avantage : un chauffage tr\u00e8s performant et \u00e9conomique en hiver, et une fonction de climatisation indispensable pour profiter de la v\u00e9randa durant les fortes chaleurs estivales.<\/p>\n<h3>Le plancher chauffant est-il une bonne id\u00e9e pour une v\u00e9randa ?<\/h3>\n<p>Le plancher chauffant est une excellente solution pour une v\u00e9randa, car il diffuse une chaleur douce et homog\u00e8ne, tr\u00e8s agr\u00e9able au quotidien. Cependant, son installation doit \u00eatre pr\u00e9vue d\u00e8s la construction de la dalle en b\u00e9ton. Son inertie thermique le rend id\u00e9al pour un usage constant, mais moins r\u00e9actif pour un chauffage d&rsquo;appoint.<\/p>\n<h3>Quel r\u00f4le joue le vitrage dans le confort d&rsquo;une v\u00e9randa ?<\/h3>\n<p>Le vitrage est l&rsquo;\u00e9l\u00e9ment central de l&rsquo;isolation d&rsquo;une v\u00e9randa. Un double vitrage \u00e0 isolation thermique renforc\u00e9e (VIR) est aujourd&rsquo;hui un standard minimum. Pour un confort optimal, optez pour un vitrage \u00e0 contr\u00f4le solaire, qui bloque une partie du rayonnement infrarouge en \u00e9t\u00e9 pour \u00e9viter la surchauffe, tout en laissant passer la lumi\u00e8re et en conservant la chaleur en hiver.<\/p>\n<h3>Comment \u00e9viter la condensation sur les vitres de ma v\u00e9randa en hiver ?<\/h3>\n<p>La condensation est le signe d&rsquo;une humidit\u00e9 ambiante trop \u00e9lev\u00e9e et\/ou de parois froides. Pour y rem\u00e9dier, la solution la plus efficace est d&rsquo;assurer une ventilation permanente, m\u00eame minimale, gr\u00e2ce \u00e0 des grilles d&rsquo;a\u00e9ration ou une VMC. Un chauffage bien r\u00e9parti qui maintient les surfaces vitr\u00e9es \u00e0 une temp\u00e9rature suffisante aide \u00e9galement \u00e0 limiter ce ph\u00e9nom\u00e8ne.<\/p>\n\n","protected":false},"excerpt":{"rendered":"<p>Une v\u00e9randa est bien plus qu&rsquo;une simple extension vitr\u00e9e ; c&rsquo;est une v\u00e9ritable pi\u00e8ce de vie qui fait le pont [&hellip;]<\/p>\n","protected":false},"author":1,"featured_media":75,"comment_status":"open","ping_status":"open","sticky":false,"template":"","format":"standard","meta":{"site-sidebar-layout":"default","site-content-layout":"","ast-site-content-layout":"default","site-content-style":"default","site-sidebar-style":"default","ast-global-header-display":"","ast-banner-title-visibility":"","ast-main-header-display":"","ast-hfb-above-header-display":"","ast-hfb-below-header-display":"","ast-hfb-mobile-header-display":"","site-post-title":"","ast-breadcrumbs-content":"","ast-featured-img":"","footer-sml-layout":"","ast-disable-related-posts":"","theme-transparent-header-meta":"","adv-header-id-meta":"","stick-header-meta":"","header-above-stick-meta":"","header-main-stick-meta":"","header-below-stick-meta":"","astra-migrate-meta-layouts":"default","ast-page-background-enabled":"default","ast-page-background-meta":{"desktop":{"background-color":"var(--ast-global-color-5)","background-image":"","background-repeat":"repeat","background-position":"center center","background-size":"auto","background-attachment":"scroll","background-type":"","background-media":"","overlay-type":"","overlay-color":"","overlay-opacity":"","overlay-gradient":""},"tablet":{"background-color":"","background-image":"","background-repeat":"repeat","background-position":"center center","background-size":"auto","background-attachment":"scroll","background-type":"","background-media":"","overlay-type":"","overlay-color":"","overlay-opacity":"","overlay-gradient":""},"mobile":{"background-color":"","background-image":"","background-repeat":"repeat","background-position":"center center","background-size":"auto","background-attachment":"scroll","background-type":"","background-media":"","overlay-type":"","overlay-color":"","overlay-opacity":"","overlay-gradient":""}},"ast-content-background-meta":{"desktop":{"background-color":"var(--ast-global-color-4)","background-image":"","background-repeat":"repeat","background-position":"center center","background-size":"auto","background-attachment":"scroll","background-type":"","background-media":"","overlay-type":"","overlay-color":"","overlay-opacity":"","overlay-gradient":""},"tablet":{"background-color":"var(--ast-global-color-4)","background-image":"","background-repeat":"repeat","background-position":"center center","background-size":"auto","background-attachment":"scroll","background-type":"","background-media":"","overlay-type":"","overlay-color":"","overlay-opacity":"","overlay-gradient":""},"mobile":{"background-color":"var(--ast-global-color-4)","background-image":"","background-repeat":"repeat","background-position":"center center","background-size":"auto","background-attachment":"scroll","background-type":"","background-media":"","overlay-type":"","overlay-color":"","overlay-opacity":"","overlay-gradient":""}},"footnotes":""},"categories":[1],"tags":[],"class_list":["post-77","post","type-post","status-publish","format-standard","has-post-thumbnail","hentry","category-veranda"],"_links":{"self":[{"href":"https:\/\/pro-veranda.fr\/actu\/wp-json\/wp\/v2\/posts\/77","targetHints":{"allow":["GET"]}}],"collection":[{"href":"https:\/\/pro-veranda.fr\/actu\/wp-json\/wp\/v2\/posts"}],"about":[{"href":"https:\/\/pro-veranda.fr\/actu\/wp-json\/wp\/v2\/types\/post"}],"author":[{"embeddable":true,"href":"https:\/\/pro-veranda.fr\/actu\/wp-json\/wp\/v2\/users\/1"}],"replies":[{"embeddable":true,"href":"https:\/\/pro-veranda.fr\/actu\/wp-json\/wp\/v2\/comments?post=77"}],"version-history":[{"count":0,"href":"https:\/\/pro-veranda.fr\/actu\/wp-json\/wp\/v2\/posts\/77\/revisions"}],"wp:featuredmedia":[{"embeddable":true,"href":"https:\/\/pro-veranda.fr\/actu\/wp-json\/wp\/v2\/media\/75"}],"wp:attachment":[{"href":"https:\/\/pro-veranda.fr\/actu\/wp-json\/wp\/v2\/media?parent=77"}],"wp:term":[{"taxonomy":"category","embeddable":true,"href":"https:\/\/pro-veranda.fr\/actu\/wp-json\/wp\/v2\/categories?post=77"},{"taxonomy":"post_tag","embeddable":true,"href":"https:\/\/pro-veranda.fr\/actu\/wp-json\/wp\/v2\/tags?post=77"}],"curies":[{"name":"wp","href":"https:\/\/api.w.org\/{rel}","templated":true}]}}