{"id":74,"date":"2026-01-21T09:17:00","date_gmt":"2026-01-21T08:17:00","guid":{"rendered":"https:\/\/pro-veranda.fr\/actu\/la-duree-de-validite-dune-autorisation-durbanisme-pour-votre-extension\/"},"modified":"2026-01-21T09:17:00","modified_gmt":"2026-01-21T08:17:00","slug":"la-duree-de-validite-dune-autorisation-durbanisme-pour-votre-extension","status":"publish","type":"post","link":"https:\/\/pro-veranda.fr\/actu\/la-duree-de-validite-dune-autorisation-durbanisme-pour-votre-extension\/","title":{"rendered":"La dur\u00e9e de validit\u00e9 d&rsquo;une autorisation d&rsquo;urbanisme pour votre extension."},"content":{"rendered":"<p>Lorsqu&rsquo;on se lance dans un projet d&rsquo;extension comme l&rsquo;installation d&rsquo;une v\u00e9randa ou d&rsquo;une pergola, l&rsquo;obtention de l&rsquo;autorisation d&rsquo;urbanisme est une \u00e9tape cl\u00e9. Cependant, une fois le pr\u00e9cieux s\u00e9same en main, une autre question se pose : combien de temps est-il valide ? Naviguer entre les d\u00e9lais l\u00e9gaux, les possibilit\u00e9s de prolongation et les risques de caducit\u00e9 est essentiel pour mener \u00e0 bien son chantier sans encombre. Cet article d\u00e9taille tout ce que vous devez savoir sur la <strong>dur\u00e9e de validit\u00e9<\/strong> de votre permis de construire ou de votre d\u00e9claration pr\u00e9alable.<\/p>\n\n<p><strong>En bref :<\/strong><\/p>\n\n<ul class=\"wp-block-list\"><li>\u27a1\ufe0f <strong>Dur\u00e9e standard :<\/strong> Une <strong>autorisation d&rsquo;urbanisme<\/strong> (permis de construire, d&rsquo;am\u00e9nager, de d\u00e9molir ou non-opposition \u00e0 d\u00e9claration pr\u00e9alable) est valide pendant <strong>3 ans<\/strong>.<\/li><li>\u27a1\ufe0f <strong>Prolongation possible :<\/strong> Il est possible de demander une <strong>prolongation<\/strong> de sa validit\u00e9 \u00e0 deux reprises, pour une dur\u00e9e d&rsquo;un an \u00e0 chaque fois, portant le total \u00e0 5 ans.<\/li><li>\u27a1\ufe0f <strong>Mesure exceptionnelle :<\/strong> Un d\u00e9cret de 2025 a automatiquement port\u00e9 \u00e0 <strong>5 ans<\/strong> la dur\u00e9e de validit\u00e9 des autorisations d\u00e9livr\u00e9es entre le 28 mai 2022 et le 28 mai 2024, sans d\u00e9marche n\u00e9cessaire.<\/li><li>\u27a1\ufe0f <strong>Risque de caducit\u00e9 :<\/strong> Si les travaux ne d\u00e9butent pas dans les 3 ans ou sont interrompus pendant plus d&rsquo;un an, l&rsquo;autorisation devient caduque. Il faut alors d\u00e9poser une nouvelle demande.<\/li><\/ul>\n\n<h2 class=\"wp-block-heading\">Comprendre la dur\u00e9e de validit\u00e9 standard d&rsquo;une autorisation d&rsquo;urbanisme<\/h2>\n\n<p>Que vous ayez obtenu un <strong>permis de construire<\/strong> pour une grande v\u00e9randa ou une non-opposition \u00e0 d\u00e9claration pr\u00e9alable pour une pergola adoss\u00e9e, la r\u00e8gle de base est la m\u00eame. Selon l&rsquo;article R424-17 du code de l&rsquo;urbanisme, la <strong>dur\u00e9e de validit\u00e9<\/strong> de votre autorisation est de <strong>trois ans<\/strong>. Ce d\u00e9lai commence \u00e0 courir \u00e0 partir de la date de notification de la d\u00e9cision de la mairie.<\/p>\n\n<p>Cette p\u00e9riode de trois ans vous impose deux conditions majeures : vous devez imp\u00e9rativement commencer les travaux dans ce laps de temps et, une fois d\u00e9marr\u00e9s, ne pas les interrompre pour une p\u00e9riode sup\u00e9rieure \u00e0 un an. Le non-respect de l&rsquo;une de ces r\u00e8gles entra\u00eene ce que l&rsquo;on appelle la <strong>caducit\u00e9<\/strong> de l&rsquo;autorisation. Il est donc crucial de bien anticiper son planning de chantier d\u00e8s l&rsquo;obtention de l&rsquo;accord. Savoir <a href=\"https:\/\/pro-veranda.fr\/actu\/veranda-quand-faut-il-un-permis-de-construire\/\">quand un permis de construire est n\u00e9cessaire<\/a> est la premi\u00e8re \u00e9tape pour ma\u00eetriser ces d\u00e9lais.<\/p>\n\n<h2 class=\"wp-block-heading\">La prolongation des d\u00e9lais : une souplesse encadr\u00e9e par la r\u00e9glementation<\/h2>\n\n<p>La vie d&rsquo;un projet de construction est souvent jalonn\u00e9e d&rsquo;impr\u00e9vus. Heureusement, la <strong>r\u00e9glementation<\/strong> a pr\u00e9vu des m\u00e9canismes de souplesse pour ne pas avoir \u00e0 tout recommencer si votre calendrier est bouscul\u00e9. La <strong>prolongation<\/strong> de l&rsquo;<strong>autorisation d&rsquo;urbanisme<\/strong> en est le principal levier.<\/p>\n\n<h3 class=\"wp-block-heading\">Comment demander une prolongation de votre permis ?<\/h3>\n\n<p>Si vous anticipez que vous ne pourrez pas commencer les travaux dans le d\u00e9lai initial de trois ans, vous pouvez solliciter une prolongation. La loi permet de proroger la validit\u00e9 de votre permis deux fois pour une dur\u00e9e d&rsquo;un an \u00e0 chaque fois. La dur\u00e9e totale peut ainsi \u00eatre port\u00e9e \u00e0 cinq ans.<\/p>\n\n<p>La d\u00e9marche est relativement simple : il suffit d&rsquo;adresser un courrier en double exemplaire \u00e0 la mairie, au moins deux mois avant la date d&rsquo;expiration de votre autorisation. Aucun formulaire CERFA sp\u00e9cifique n&rsquo;est requis. Attention, pour que votre demande soit accept\u00e9e, les <strong>r\u00e8gles d&rsquo;urbanisme<\/strong> et les servitudes administratives applicables \u00e0 votre terrain ne doivent pas avoir \u00e9volu\u00e9 de mani\u00e8re d\u00e9favorable \u00e0 votre projet depuis sa d\u00e9livrance. C&rsquo;est une condition non n\u00e9gociable. Pour bien pr\u00e9parer votre projet, consultez notre <a href=\"https:\/\/pro-veranda.fr\/actu\/veranda-guide-complet-pour-reussir-les-demarches-administratives\/\">guide complet des d\u00e9marches administratives<\/a>.<\/p>\n\n<h3 class=\"wp-block-heading\">Focus sur la prolongation exceptionnelle de 2025<\/h3>\n\n<p>Face \u00e0 des contextes \u00e9conomiques parfois tendus pouvant retarder les projets, les pouvoirs publics interviennent occasionnellement. Un d\u00e9cret dat\u00e9 du 26 mai 2025 a ainsi mis en place une mesure forte : pour toute <strong>autorisation d&rsquo;urbanisme<\/strong> (permis de construire, d&rsquo;am\u00e9nager, etc.) d\u00e9livr\u00e9e entre le 28 mai 2022 et le 28 mai 2024, la <strong>dur\u00e9e de validit\u00e9<\/strong> est automatiquement prolong\u00e9e de trois \u00e0 cinq ans.<\/p>\n\n<p>Cette prolongation est automatique et ne n\u00e9cessite aucune d\u00e9marche de la part du titulaire du permis. C&rsquo;est une bouff\u00e9e d&rsquo;air pour de nombreux porteurs de projet d&rsquo;<strong>extension<\/strong>. Il est cependant important de noter que ces autorisations ne pourront pas b\u00e9n\u00e9ficier des deux prorogations d&rsquo;un an suppl\u00e9mentaires. La dur\u00e9e maximale de cinq ans est ici un plafond d\u00e9finitif.<\/p>\n\n<h2 class=\"wp-block-heading\">Caducit\u00e9 de l&rsquo;autorisation : que se passe-t-il si les d\u00e9lais sont d\u00e9pass\u00e9s ?<\/h2>\n\n<p>La <strong>caducit\u00e9<\/strong> est le terme technique qui d\u00e9signe l&rsquo;expiration d&rsquo;une autorisation d&rsquo;urbanisme. Elle intervient si les travaux n&rsquo;ont pas commenc\u00e9 dans les trois ans ou s&rsquo;ils ont \u00e9t\u00e9 interrompus pendant plus d&rsquo;une ann\u00e9e cons\u00e9cutive. Dans ce cas, l&rsquo;autorisation n&rsquo;est tout simplement plus valable.<\/p>\n\n<p>Les cons\u00e9quences sont directes : il est ill\u00e9gal de poursuivre ou de commencer les travaux. Vous devrez d\u00e9poser un tout nouveau dossier de demande, qui sera instruit sur la base des <strong>r\u00e8gles d&rsquo;urbanisme<\/strong> en vigueur au moment de ce nouveau d\u00e9p\u00f4t, et non plus celles valables lors de votre autorisation initiale. Si le Plan Local d&rsquo;Urbanisme (PLU) a chang\u00e9 entre-temps, votre projet pourrait \u00eatre refus\u00e9. Il est parfois possible d&rsquo;ajuster le projet initial en demandant une <a href=\"https:\/\/pro-veranda.fr\/actu\/modifier-un-permis-de-construire-en-cours-pour-ajouter-une-veranda\/\">modification de permis de construire<\/a> en cours de validit\u00e9 pour \u00e9viter de tout perdre.<\/p>\n\n<figure class=\"wp-block-table\"><table>\n<thead>\n<tr>\n<th>Caract\u00e9ristique \ud83d\udcdd<\/th>\n<th>R\u00e9gime Standard<\/th>\n<th>R\u00e9gime Exceptionnel (D\u00e9cret 2025)<\/th>\n<\/tr>\n<\/thead>\n<tbody>\n<tr>\n<td><strong>P\u00e9riode de d\u00e9livrance<\/strong><\/td>\n<td>Hors p\u00e9riode du 28\/05\/2022 au 28\/05\/2024<\/td>\n<td>Entre le 28\/05\/2022 et le 28\/05\/2024<\/td>\n<\/tr>\n<tr>\n<td><strong>Dur\u00e9e de validit\u00e9 initiale<\/strong><\/td>\n<td>3 ans \ud83d\uddd3\ufe0f<\/td>\n<td>5 ans (automatique) \u23f3<\/td>\n<\/tr>\n<tr>\n<td><strong>Prolongation possible<\/strong><\/td>\n<td>Oui, 2 fois 1 an (sur demande)<\/td>\n<td>Non \u274c<\/td>\n<\/tr>\n<tr>\n<td><strong>Dur\u00e9e totale maximale<\/strong><\/td>\n<td>5 ans<\/td>\n<td>5 ans<\/td>\n<\/tr>\n<\/tbody>\n<\/table><\/figure>\n\n<h2 class=\"wp-block-heading\">Points de vigilance et conseils pratiques pour votre projet d&rsquo;extension<\/h2>\n\n<p>Pour \u00e9viter les mauvaises surprises, une bonne organisation est votre meilleure alli\u00e9e. La gestion des <strong>d\u00e9lais d&rsquo;instruction<\/strong> et de validit\u00e9 doit faire partie int\u00e9grante de votre planification.<\/p>\n\n<p>Voici une liste de bonnes pratiques pour s\u00e9curiser votre projet de v\u00e9randa ou de pergola :<\/p>\n\n<ul class=\"wp-block-list\"><li>\u2705 <strong>Notez la date de notification :<\/strong> D\u00e8s r\u00e9ception de l&rsquo;arr\u00eat\u00e9 municipal, inscrivez la date de d\u00e9but de validit\u00e9 dans votre agenda. C&rsquo;est le point de d\u00e9part de vos trois ans.<\/li><li>\ud83d\uddd3\ufe0f <strong>Anticipez le d\u00e9marrage :<\/strong> Ne lancez pas les travaux \u00e0 la derni\u00e8re minute. Pr\u00e9voyez une marge de s\u00e9curit\u00e9 pour faire face aux al\u00e9as (m\u00e9t\u00e9o, disponibilit\u00e9 des artisans&#8230;).<\/li><li>\u2696\ufe0f <strong>V\u00e9rifiez les r\u00e8gles locales :<\/strong> Avant de d\u00e9poser votre dossier, assurez-vous de bien comprendre <a href=\"https:\/\/pro-veranda.fr\/actu\/la-regle-des-20-m%c2%b2-vs-40-m%c2%b2-tout-comprendre-sur-les-seuils-dextension\/\">les seuils d&rsquo;extension applicables<\/a> dans votre commune.<\/li><li>\ud83d\udd04 <strong>G\u00e9rez les interruptions :<\/strong> Si le chantier doit \u00eatre mis en pause, veillez \u00e0 ce que cette interruption ne d\u00e9passe jamais un an. Conservez des preuves de la reprise (factures, photos dat\u00e9es).<\/li><li>\ud83d\udcec <strong>Demandez la prolongation \u00e0 temps :<\/strong> Si n\u00e9cessaire, envoyez votre demande de prorogation au moins deux mois avant l&rsquo;\u00e9ch\u00e9ance. C&rsquo;est une formalit\u00e9 simple qui peut sauver votre projet. Pensez aussi \u00e0 bien <a href=\"https:\/\/pro-veranda.fr\/actu\/affichage-du-panneau-de-chantier-obligations-legales-et-mentions-obligatoires\/\">afficher le panneau de chantier<\/a> d\u00e8s l&rsquo;obtention de votre autorisation.<\/li><\/ul>\n\n<script type=\"application\/ld+json\">\n{\"@context\":\"https:\/\/schema.org\",\"@type\":\"FAQPage\",\"mainEntity\":[{\"@type\":\"Question\",\"name\":\"Que signifie concru00e8tement 'commencer les travaux' pour que le permis ne soit pas caduc ?\",\"acceptedAnswer\":{\"@type\":\"Answer\",\"text\":\"Pour que le du00e9but des travaux soit reconnu, il ne suffit pas de simples actes pru00e9paratoires comme le nettoyage du terrain. L'administration considu00e8re gu00e9nu00e9ralement que le commencement est effectif avec le du00e9marrage des travaux de fondation ou de terrassement significatifs liu00e9s au projet autorisu00e9.\"}},{\"@type\":\"Question\",\"name\":\"Mon permis pour une vu00e9randa a u00e9tu00e9 accordu00e9 en juillet 2023. Est-il valide pour 5 ans automatiquement ?\",\"acceptedAnswer\":{\"@type\":\"Answer\",\"text\":\"Oui, absolument. Votre permis ayant u00e9tu00e9 du00e9livru00e9 entre le 28 mai 2022 et le 28 mai 2024, il bu00e9nu00e9ficie de la prolongation exceptionnelle pru00e9vue par le du00e9cret de 2025. Sa duru00e9e de validitu00e9 est automatiquement de cinq ans u00e0 compter de sa date de notification.\"}},{\"@type\":\"Question\",\"name\":\"Puis-je changer le modu00e8le de ma pergola alors que mon autorisation est en cours de validitu00e9 ?\",\"acceptedAnswer\":{\"@type\":\"Answer\",\"text\":\"Oui, c'est possible si les modifications sont mineures et ne remettent pas en cause l'u00e9conomie gu00e9nu00e9rale du projet (aspect extu00e9rieur, emprise au sol, etc.). Vous devrez pour cela du00e9poser une demande de permis de construire modificatif. Si les changements sont substantiels, une nouvelle demande de permis sera nu00e9cessaire.\"}},{\"@type\":\"Question\",\"name\":\"La du00e9claration d'achu00e8vement des travaux (DAACT) a-t-elle un impact sur la duru00e9e de validitu00e9 ?\",\"acceptedAnswer\":{\"@type\":\"Answer\",\"text\":\"La DAACT n'impacte pas la duru00e9e de validitu00e9, mais elle en est la conclusion logique. Elle doit u00eatre du00e9posu00e9e en mairie une fois les travaux terminu00e9s et conformes u00e0 l'autorisation. Elle est cruciale, notamment pour les questions d'assurance et de revente future de votre bien. Pour certains projets, comme une pergola, vous vous demanderez si la <a href='https:\/\/pro-veranda.fr\/actu\/la-declaration-dachevement-des-travaux-daact-est-elle-obligatoire-pour-une-pergola\/'>DAACT est obligatoire<\/a>.\"}}]}\n<\/script>\n<h3>Que signifie concr\u00e8tement &lsquo;commencer les travaux&rsquo; pour que le permis ne soit pas caduc ?<\/h3>\n<p>Pour que le d\u00e9but des travaux soit reconnu, il ne suffit pas de simples actes pr\u00e9paratoires comme le nettoyage du terrain. L&rsquo;administration consid\u00e8re g\u00e9n\u00e9ralement que le commencement est effectif avec le d\u00e9marrage des travaux de fondation ou de terrassement significatifs li\u00e9s au projet autoris\u00e9.<\/p>\n<h3>Mon permis pour une v\u00e9randa a \u00e9t\u00e9 accord\u00e9 en juillet 2023. Est-il valide pour 5 ans automatiquement ?<\/h3>\n<p>Oui, absolument. Votre permis ayant \u00e9t\u00e9 d\u00e9livr\u00e9 entre le 28 mai 2022 et le 28 mai 2024, il b\u00e9n\u00e9ficie de la prolongation exceptionnelle pr\u00e9vue par le d\u00e9cret de 2025. Sa dur\u00e9e de validit\u00e9 est automatiquement de cinq ans \u00e0 compter de sa date de notification.<\/p>\n<h3>Puis-je changer le mod\u00e8le de ma pergola alors que mon autorisation est en cours de validit\u00e9 ?<\/h3>\n<p>Oui, c&rsquo;est possible si les modifications sont mineures et ne remettent pas en cause l&rsquo;\u00e9conomie g\u00e9n\u00e9rale du projet (aspect ext\u00e9rieur, emprise au sol, etc.). Vous devrez pour cela d\u00e9poser une demande de permis de construire modificatif. Si les changements sont substantiels, une nouvelle demande de permis sera n\u00e9cessaire.<\/p>\n<h3>La d\u00e9claration d&rsquo;ach\u00e8vement des travaux (DAACT) a-t-elle un impact sur la dur\u00e9e de validit\u00e9 ?<\/h3>\n<p>La DAACT n&rsquo;impacte pas la dur\u00e9e de validit\u00e9, mais elle en est la conclusion logique. Elle doit \u00eatre d\u00e9pos\u00e9e en mairie une fois les travaux termin\u00e9s et conformes \u00e0 l&rsquo;autorisation. Elle est cruciale, notamment pour les questions d&rsquo;assurance et de revente future de votre bien. Pour certains projets, comme une pergola, vous vous demanderez si la <a href='https:\/\/pro-veranda.fr\/actu\/la-declaration-dachevement-des-travaux-daact-est-elle-obligatoire-pour-une-pergola\/'>DAACT est obligatoire<\/a>.<\/p>\n\n","protected":false},"excerpt":{"rendered":"<p>Lorsqu&rsquo;on se lance dans un projet d&rsquo;extension comme l&rsquo;installation d&rsquo;une v\u00e9randa ou d&rsquo;une pergola, l&rsquo;obtention de l&rsquo;autorisation d&rsquo;urbanisme est une [&hellip;]<\/p>\n","protected":false},"author":1,"featured_media":70,"comment_status":"open","ping_status":"open","sticky":false,"template":"","format":"standard","meta":{"site-sidebar-layout":"default","site-content-layout":"","ast-site-content-layout":"default","site-content-style":"default","site-sidebar-style":"default","ast-global-header-display":"","ast-banner-title-visibility":"","ast-main-header-display":"","ast-hfb-above-header-display":"","ast-hfb-below-header-display":"","ast-hfb-mobile-header-display":"","site-post-title":"","ast-breadcrumbs-content":"","ast-featured-img":"","footer-sml-layout":"","ast-disable-related-posts":"","theme-transparent-header-meta":"","adv-header-id-meta":"","stick-header-meta":"","header-above-stick-meta":"","header-main-stick-meta":"","header-below-stick-meta":"","astra-migrate-meta-layouts":"default","ast-page-background-enabled":"default","ast-page-background-meta":{"desktop":{"background-color":"var(--ast-global-color-5)","background-image":"","background-repeat":"repeat","background-position":"center center","background-size":"auto","background-attachment":"scroll","background-type":"","background-media":"","overlay-type":"","overlay-color":"","overlay-opacity":"","overlay-gradient":""},"tablet":{"background-color":"","background-image":"","background-repeat":"repeat","background-position":"center center","background-size":"auto","background-attachment":"scroll","background-type":"","background-media":"","overlay-type":"","overlay-color":"","overlay-opacity":"","overlay-gradient":""},"mobile":{"background-color":"","background-image":"","background-repeat":"repeat","background-position":"center center","background-size":"auto","background-attachment":"scroll","background-type":"","background-media":"","overlay-type":"","overlay-color":"","overlay-opacity":"","overlay-gradient":""}},"ast-content-background-meta":{"desktop":{"background-color":"var(--ast-global-color-4)","background-image":"","background-repeat":"repeat","background-position":"center center","background-size":"auto","background-attachment":"scroll","background-type":"","background-media":"","overlay-type":"","overlay-color":"","overlay-opacity":"","overlay-gradient":""},"tablet":{"background-color":"var(--ast-global-color-4)","background-image":"","background-repeat":"repeat","background-position":"center center","background-size":"auto","background-attachment":"scroll","background-type":"","background-media":"","overlay-type":"","overlay-color":"","overlay-opacity":"","overlay-gradient":""},"mobile":{"background-color":"var(--ast-global-color-4)","background-image":"","background-repeat":"repeat","background-position":"center center","background-size":"auto","background-attachment":"scroll","background-type":"","background-media":"","overlay-type":"","overlay-color":"","overlay-opacity":"","overlay-gradient":""}},"footnotes":""},"categories":[6],"tags":[],"class_list":["post-74","post","type-post","status-publish","format-standard","has-post-thumbnail","hentry","category-extensions-exterieurs"],"_links":{"self":[{"href":"https:\/\/pro-veranda.fr\/actu\/wp-json\/wp\/v2\/posts\/74","targetHints":{"allow":["GET"]}}],"collection":[{"href":"https:\/\/pro-veranda.fr\/actu\/wp-json\/wp\/v2\/posts"}],"about":[{"href":"https:\/\/pro-veranda.fr\/actu\/wp-json\/wp\/v2\/types\/post"}],"author":[{"embeddable":true,"href":"https:\/\/pro-veranda.fr\/actu\/wp-json\/wp\/v2\/users\/1"}],"replies":[{"embeddable":true,"href":"https:\/\/pro-veranda.fr\/actu\/wp-json\/wp\/v2\/comments?post=74"}],"version-history":[{"count":0,"href":"https:\/\/pro-veranda.fr\/actu\/wp-json\/wp\/v2\/posts\/74\/revisions"}],"wp:featuredmedia":[{"embeddable":true,"href":"https:\/\/pro-veranda.fr\/actu\/wp-json\/wp\/v2\/media\/70"}],"wp:attachment":[{"href":"https:\/\/pro-veranda.fr\/actu\/wp-json\/wp\/v2\/media?parent=74"}],"wp:term":[{"taxonomy":"category","embeddable":true,"href":"https:\/\/pro-veranda.fr\/actu\/wp-json\/wp\/v2\/categories?post=74"},{"taxonomy":"post_tag","embeddable":true,"href":"https:\/\/pro-veranda.fr\/actu\/wp-json\/wp\/v2\/tags?post=74"}],"curies":[{"name":"wp","href":"https:\/\/api.w.org\/{rel}","templated":true}]}}