{"id":65,"date":"2026-01-20T08:19:10","date_gmt":"2026-01-20T07:19:10","guid":{"rendered":"https:\/\/pro-veranda.fr\/actu\/veranda-guide-complet-pour-creer-un-espace-convivial\/"},"modified":"2026-01-20T08:19:10","modified_gmt":"2026-01-20T07:19:10","slug":"veranda-guide-complet-pour-creer-un-espace-convivial","status":"publish","type":"post","link":"https:\/\/pro-veranda.fr\/actu\/veranda-guide-complet-pour-creer-un-espace-convivial\/","title":{"rendered":"V\u00e9randa : guide complet pour cr\u00e9er un espace convivial"},"content":{"rendered":"<p><strong>En bref :<\/strong><\/p>\n\n<p>La v\u00e9randa, bien plus qu&rsquo;une simple extension, est une v\u00e9ritable pi\u00e8ce de vie qui fait le pont entre votre int\u00e9rieur et le jardin. Pour r\u00e9ussir son am\u00e9nagement et en faire un espace convivial, une planification minutieuse est indispensable. Cet article vous guide \u00e0 travers les \u00e9tapes cl\u00e9s, de la d\u00e9finition de son usage futur aux choix d\u00e9coratifs qui feront de votre v\u00e9randa un havre de paix baign\u00e9 de lumi\u00e8re.<\/p>\n\n<ul class=\"wp-block-list\"><li>\n        <strong>D\u00e9finir l&rsquo;usage en amont :<\/strong> Avant toute chose, d\u00e9terminez la fonction de votre v\u00e9randa (salon, bureau, cuisine&#8230;) pour anticiper les besoins techniques comme l&rsquo;isolation ou les raccordements.\n    <\/li><li>\n        <strong>Choisir les bons mat\u00e9riaux :<\/strong> La structure (bois ou aluminium) et le rev\u00eatement de sol (carrelage, PVC) doivent allier esth\u00e9tique, durabilit\u00e9 et facilit\u00e9 d&rsquo;entretien.\n    <\/li><li>\n        <strong>Cr\u00e9er une ambiance chaleureuse :<\/strong> Jouez avec des couleurs claires, des textiles doux et un \u00e9clairage multiple pour instaurer une atmosph\u00e8re cosy.\n    <\/li><li>\n        <strong>Optimiser l&rsquo;espace :<\/strong> Privil\u00e9giez un mobilier bas et modulable pour pr\u00e9server la vue et la luminosit\u00e9, tout en cr\u00e9ant des zones de vie distinctes.\n    <\/li><li>\n        <strong>Int\u00e9grer la nature :<\/strong> Maximisez la lumi\u00e8re naturelle et ajoutez des plantes vertes pour renforcer la connexion avec l&rsquo;ext\u00e9rieur et cr\u00e9er un v\u00e9ritable jardin d&rsquo;hiver.\n    <\/li><\/ul>\n\n<h2 class=\"wp-block-heading\">D\u00e9finir le projet de votre v\u00e9randa : la cl\u00e9 d&rsquo;un am\u00e9nagement r\u00e9ussi<\/h2>\n\n<p>V\u00e9ritable extension de la maison, la <strong>v\u00e9randa<\/strong> est une pi\u00e8ce baign\u00e9e de lumi\u00e8re qui peut se transformer en un espace de vie exceptionnel. Cependant, avant m\u00eame de penser design et d\u00e9coration, il est primordial de d\u00e9finir pr\u00e9cis\u00e9ment son usage futur. Cette \u00e9tape de conception conditionne l&rsquo;ensemble de la <strong>construction<\/strong>, de la superficie aux aspects techniques.<\/p>\n\n<p>Vous avez pes\u00e9 le pour et le contre avec une pergola bioclimatique et votre choix s&rsquo;est port\u00e9 sur la v\u00e9randa ? Excellente d\u00e9cision. Cette nouvelle pi\u00e8ce, ouverte sur le jardin, vous offrira une luminosit\u00e9 incomparable en toute saison. Mais pour en faire un <strong>espace convivial<\/strong> et fonctionnel, une r\u00e9flexion en amont est essentielle.<\/p>\n\n<p>La phase de planification administrative est \u00e9galement une \u00e9tape cruciale. Selon la surface envisag\u00e9e, les d\u00e9marches varient. Il est donc sage de se renseigner pour savoir <a href=\"https:\/\/pro-veranda.fr\/actu\/veranda-quand-faut-il-un-permis-de-construire\/\">quand un permis de construire est n\u00e9cessaire<\/a> ou si une simple d\u00e9claration de travaux suffit.<\/p>\n\n<h3 class=\"wp-block-heading\">Quelle fonction pour votre future pi\u00e8ce de vie ?<\/h3>\n\n<p>La polyvalence de la v\u00e9randa permet d&rsquo;envisager de multiples am\u00e9nagements. C&rsquo;est la r\u00e9ponse \u00e0 cette question qui guidera vos choix techniques. Voici quelques possibilit\u00e9s :<\/p>\n\n<ul class=\"wp-block-list\"><li>\ud83d\udecb\ufe0f <strong>Un salon ou jardin d&rsquo;hiver :<\/strong> Pour profiter de la vue sur l&rsquo;ext\u00e9rieur toute l&rsquo;ann\u00e9e, une excellente <strong>isolation<\/strong> thermique et un syst\u00e8me de chauffage performant sont indispensables.<\/li><li>\ud83c\udf7d\ufe0f <strong>Une salle \u00e0 manger conviviale :<\/strong> Id\u00e9ale pour recevoir, elle n\u00e9cessitera des stores ou des volets efficaces pour prot\u00e9ger vos invit\u00e9s des rayons UV durant les repas.<\/li><li>\ud83d\udcbb <strong>Un bureau pour le t\u00e9l\u00e9travail :<\/strong> Pensez aux raccordements \u00e9lectriques et \u00e0 un \u00e9clairage adapt\u00e9 pour un confort de travail optimal.<\/li><li>\ud83c\udf73 <strong>Une cuisine ouverte :<\/strong> Ce projet ambitieux implique de pr\u00e9voir les \u00e9vacuations d&rsquo;eau et des rangements concentr\u00e9s sur le mur plein pour ne pas obstruer la vue.<\/li><li>\ud83d\udecf\ufe0f <strong>Une chambre ou suite parentale :<\/strong> L&rsquo;intimit\u00e9 est primordiale. Des solutions d&rsquo;occultation performantes et, si besoin, les raccordements pour une salle de bain, seront \u00e0 anticiper.<\/li><\/ul>\n\n<p>Chaque usage a ses propres contraintes. Anticiper ces besoins vous \u00e9vitera des travaux suppl\u00e9mentaires co\u00fbteux et garantira la fonctionnalit\u00e9 de votre nouvel espace.<\/p>\n\n<h3 class=\"wp-block-heading\">Anticiper les aspects techniques : isolation, chauffage et structure<\/h3>\n\n<p>Une fois la fonction d\u00e9finie, les choix techniques deviennent plus clairs. Une bonne <strong>isolation<\/strong> est le pilier d&rsquo;une v\u00e9randa confortable en toute saison. Le choix du vitrage, de la toiture et d&rsquo;un \u00e9ventuel soubassement en d\u00e9pendra directement. Pour approfondir ce point technique, il est utile de consulter un <a href=\"https:\/\/pro-veranda.fr\/actu\/veranda-guide-complet-pour-optimiser-lisolation-thermique\/\">guide complet sur l&rsquo;isolation thermique<\/a>.<\/p>\n\n<p>Le choix des <strong>mat\u00e9riaux<\/strong> pour la structure est \u00e9galement fondamental. Une structure en aluminium s&rsquo;oriente vers un design moderne et un <strong>entretien<\/strong> minimaliste, tandis qu&rsquo;une ossature en bois offre une ambiance plus chaleureuse et naturelle. Chaque option a ses avantages, et le choix final doit s&rsquo;harmoniser avec le style de votre maison.<\/p>\n\n<figure class=\"is-provider-youtube is-type-video wp-block-embed wp-block-embed-youtube wp-embed-aspect-16-9 wp-has-aspect-ratio\"><div class=\"wp-block-embed__wrapper\">\n<iframe loading=\"lazy\" title=\"Coulissant 4 vantaux ouverture centrale #renovation #veranda #immobilier\" width=\"500\" height=\"281\" src=\"https:\/\/www.youtube.com\/embed\/vLT03UTbrU8?feature=oembed\" frameborder=\"0\" allow=\"accelerometer; autoplay; clipboard-write; encrypted-media; gyroscope; picture-in-picture; web-share\" referrerpolicy=\"strict-origin-when-cross-origin\" allowfullscreen><\/iframe>\n<\/div><\/figure>\n\n<h2 class=\"wp-block-heading\">Cr\u00e9er une ambiance chaleureuse : le choix des couleurs et des mat\u00e9riaux<\/h2>\n\n<p>Pour que votre v\u00e9randa devienne un v\u00e9ritable cocon, l&rsquo;ambiance int\u00e9rieure doit \u00eatre soign\u00e9e. Cela passe par une s\u00e9lection judicieuse des couleurs, des mat\u00e9riaux et de l&rsquo;\u00e9clairage, qui ensemble, cr\u00e9eront un <strong>espace convivial<\/strong> et accueillant.<\/p>\n\n<h3 class=\"wp-block-heading\">La palette de couleurs id\u00e9ale pour une atmosph\u00e8re cosy<\/h3>\n\n<p>Les couleurs jouent un r\u00f4le capital dans la perception de l&rsquo;espace et de la chaleur d&rsquo;une pi\u00e8ce. Pour une v\u00e9randa, privil\u00e9giez les teintes claires qui diffusent la <strong>luminosit\u00e9<\/strong> naturelle.<\/p>\n\n<ul class=\"wp-block-list\"><li><strong>Le beige et le blanc cass\u00e9 :<\/strong> Ils apportent une chaleur douce et une lumi\u00e8re \u00e9clatante, tout en donnant une impression d&rsquo;espace.<\/li><li><strong>Le gris perle :<\/strong> Pour une touche d&rsquo;\u00e9l\u00e9gance moderne sans assombrir la pi\u00e8ce.<\/li><li><strong>Les couleurs pastel :<\/strong> Le vert sauge, le bleu ciel ou le rose poudr\u00e9 peuvent \u00eatre ajout\u00e9s par touches (coussins, plaids, objets d\u00e9co) pour une note de fra\u00eecheur et de douceur.<\/li><\/ul>\n\n<p>Vous pouvez \u00e9galement oser une couleur plus marqu\u00e9e sur le mur plein attenant \u00e0 la maison pour donner du caract\u00e8re \u00e0 votre <strong>design<\/strong> int\u00e9rieur.<\/p>\n\n<h3 class=\"wp-block-heading\">L&rsquo;importance des textiles et de l&rsquo;\u00e9clairage<\/h3>\n\n<p>Les textiles sont les alli\u00e9s incontestables d&rsquo;une d\u00e9coration r\u00e9ussie. Ils apportent confort, chaleur et texture \u00e0 votre am\u00e9nagement. Pensez \u00e0 multiplier les coussins moelleux sur le canap\u00e9, \u00e0 disposer un ou deux plaids en laine pour les soir\u00e9es plus fra\u00eeches et \u00e0 installer un grand tapis pour d\u00e9limiter l&rsquo;espace d\u00e9tente.<\/p>\n\n<p>L&rsquo;\u00e9clairage, quant \u00e0 lui, doit \u00eatre modul\u00e9. Plut\u00f4t qu&rsquo;un seul plafonnier puissant, multipliez les sources lumineuses : lampes \u00e0 poser, appliques murales et guirlandes lumineuses cr\u00e9eront une lumi\u00e8re douce et tamis\u00e9e, propice \u00e0 la relaxation.<\/p>\n\n<figure class=\"wp-block-table\"><table>\n<thead>\n<tr>\n<th>\u00c9l\u00e9ment textile \ud83e\uddf5<\/th>\n<th>Fonction principale<\/th>\n<th>Mat\u00e9riaux sugg\u00e9r\u00e9s<\/th>\n<\/tr>\n<\/thead>\n<tbody>\n<tr>\n<td>Coussins<\/td>\n<td>Apporter du confort et des touches de couleur<\/td>\n<td>Coton, lin, velours<\/td>\n<\/tr>\n<tr>\n<td>Plaids<\/td>\n<td>Offrir de la chaleur et une sensation de cocooning<\/td>\n<td>Laine, fibres m\u00e9lang\u00e9es, fausse fourrure<\/td>\n<\/tr>\n<tr>\n<td>Rideaux \/ Voilages<\/td>\n<td>Pr\u00e9server l&rsquo;intimit\u00e9 et filtrer la lumi\u00e8re<\/td>\n<td>Lin l\u00e9ger, voilage en coton<\/td>\n<\/tr>\n<tr>\n<td>Tapis<\/td>\n<td>D\u00e9limiter l&rsquo;espace et r\u00e9chauffer l&rsquo;atmosph\u00e8re<\/td>\n<td>Jute, laine, coton tiss\u00e9<\/td>\n<\/tr>\n<\/tbody>\n<\/table><\/figure>\n\nVoici un bloc de code pr\u00eat \u00e0 l&#8217;emploi pour votre calculateur de surface de v\u00e9randa. Il est con\u00e7u pour \u00eatre visuellement agr\u00e9able, interactif et facile \u00e0 int\u00e9grer.\n\n<!-- D\u00c9BUT DU CALCULATEUR DE V\u00c9RANDA -->\n<div id=\"calculateur-veranda-container\" class=\"not-prose max-w-3xl mx-auto my-12 font-sans\">\n    \n    <!-- Script pour Tailwind CSS v4 (inclus pour l'autonomie du bloc) -->\n    <script src=\"https:\/\/cdn.jsdelivr.net\/npm\/@tailwindcss\/browser@4\"><\/script>\n\n    <!-- Styles CSS sp\u00e9cifiques pour l'interactivit\u00e9 et l'apparence -->\n    <style>\n        \/* Style pour les boutons radio personnalis\u00e9s *\/\n        #calculateur-veranda-form input[type=\"radio\"]:checked + label {\n            transform: translateY(-2px);\n            box-shadow: 0 4px 6px -1px rgb(0 0 0 \/ 0.1), 0 2px 4px -2px rgb(0 0 0 \/ 0.1);\n            background-color: #10b981; \/* Vert \u00e9meraude *\/\n            color: white;\n            border-color: #059669;\n        }\n        \/* Style pour le slider (curseur) *\/\n        #calculateur-veranda-form input[type=\"range\"] {\n            -webkit-appearance: none;\n            appearance: none;\n            width: 100%;\n            height: 8px;\n            background: #d1d5db; \/* Gris clair *\/\n            border-radius: 5px;\n            outline: none;\n            opacity: 0.7;\n            transition: opacity .2s;\n        }\n        #calculateur-veranda-form input[type=\"range\"]:hover {\n            opacity: 1;\n        }\n        #calculateur-veranda-form input[type=\"range\"]::-webkit-slider-thumb {\n            -webkit-appearance: none;\n            appearance: none;\n            width: 24px;\n            height: 24px;\n            background: #10b981; \/* Vert \u00e9meraude *\/\n            cursor: pointer;\n            border-radius: 50%;\n            border: 3px solid white;\n            box-shadow: 0 0 5px rgba(0,0,0,0.2);\n        }\n        #calculateur-veranda-form input[type=\"range\"]::-moz-range-thumb {\n            width: 24px;\n            height: 24px;\n            background: #10b981;\n            cursor: pointer;\n            border-radius: 50%;\n            border: 3px solid white;\n            box-shadow: 0 0 5px rgba(0,0,0,0.2);\n        }\n        \/* Animation pour l'affichage du r\u00e9sultat *\/\n        .fade-in {\n            animation: fadeIn 0.5s ease-in-out;\n        }\n        @keyframes fadeIn {\n            from { opacity: 0; transform: translateY(10px); }\n            to { opacity: 1; transform: translateY(0); }\n        }\n    <\/style>\n\n    <div class=\"bg-slate-50 rounded-xl shadow-lg p-6 sm:p-8 border border-slate-200\">\n        <div class=\"text-center\">\n            <h2 class=\"text-2xl sm:text-3xl font-bold text-slate-800\">Votre v\u00e9randa id\u00e9ale en 2 clics<\/h2>\n            <p class=\"mt-2 text-slate-600\">Estimez la surface parfaite pour votre nouvel espace de vie.<\/p>\n        <\/div>\n\n        <form id=\"calculateur-veranda-form\" class=\"mt-8 space-y-8\">\n            <!-- \u00c9tape 1: Choix de l'usage -->\n            <div>\n                <label class=\"block text-lg font-semibold text-slate-700 mb-3\">1. Quel sera son usage principal ?<\/label>\n                <div class=\"grid grid-cols-1 sm:grid-cols-3 gap-4\">\n                    <!-- Option Salon -->\n                    <div>\n                        <input type=\"radio\" name=\"usage\" value=\"salon\" id=\"usage-salon\" class=\"sr-only\" checked>\n                        <label for=\"usage-salon\" class=\"cursor-pointer bg-white p-4 w-full rounded-lg border-2 border-slate-200 flex flex-col items-center justify-center text-center transition-all duration-200 hover:border-emerald-500 hover:shadow-md\">\n                            <span class=\"text-4xl mb-2\">&#x1f6cb;&#xfe0f;<\/span>\n                            <span class=\"font-semibold text-slate-700\">Salon convivial<\/span>\n                        <\/label>\n                    <\/div>\n                    <!-- Option Salle \u00e0 manger -->\n                    <div>\n                        <input type=\"radio\" name=\"usage\" value=\"salle_a_manger\" id=\"usage-salle-a-manger\" class=\"sr-only\">\n                        <label for=\"usage-salle-a-manger\" class=\"cursor-pointer bg-white p-4 w-full rounded-lg border-2 border-slate-200 flex flex-col items-center justify-center text-center transition-all duration-200 hover:border-emerald-500 hover:shadow-md\">\n                            <span class=\"text-4xl mb-2\">&#x1f37d;&#xfe0f;<\/span>\n                            <span class=\"font-semibold text-slate-700\">Salle \u00e0 manger<\/span>\n                        <\/label>\n                    <\/div>\n                    <!-- Option Bureau -->\n                    <div>\n                        <input type=\"radio\" name=\"usage\" value=\"bureau\" id=\"usage-bureau\" class=\"sr-only\">\n                        <label for=\"usage-bureau\" class=\"cursor-pointer bg-white p-4 w-full rounded-lg border-2 border-slate-200 flex flex-col items-center justify-center text-center transition-all duration-200 hover:border-emerald-500 hover:shadow-md\">\n                            <span class=\"text-4xl mb-2\">&#x1f4bb;<\/span>\n                            <span class=\"font-semibold text-slate-700\">Bureau lumineux<\/span>\n                        <\/label>\n                    <\/div>\n                <\/div>\n            <\/div>\n\n            <!-- \u00c9tape 2: Nombre d'occupants -->\n            <div>\n                <label for=\"personnes\" class=\"block text-lg font-semibold text-slate-700 mb-3\">2. Pour combien de personnes ?<\/label>\n                <div class=\"flex items-center gap-4 bg-white p-4 rounded-lg border-2 border-slate-200\">\n                    <input type=\"range\" id=\"personnes\" name=\"personnes\" min=\"1\" max=\"12\" value=\"4\" class=\"w-full\">\n                    <span class=\"text-emerald-600 font-bold text-2xl w-28 text-center\">\n                        <span id=\"personnes-valeur\">4<\/span> pers.\n                    <\/span>\n                <\/div>\n            <\/div>\n        <\/form>\n\n        <!-- Zone de R\u00e9sultat -->\n        <div id=\"resultat-veranda\" class=\"mt-8\">\n             <!-- Le r\u00e9sultat sera inject\u00e9 ici par le JavaScript -->\n        <\/div>\n\n    <\/div>\n<\/div>\n\n<script>\n\/\/ Attend que le contenu de la page soit enti\u00e8rement charg\u00e9 pour ex\u00e9cuter le script.\ndocument.addEventListener('DOMContentLoaded', function () {\n\n    \/\/ --- S\u00c9LECTION DES \u00c9L\u00c9MENTS DU DOM ---\n    \/\/ On r\u00e9cup\u00e8re tous les \u00e9l\u00e9ments HTML avec lesquels on va interagir.\n    const form = document.getElementById('calculateur-veranda-form');\n    const personnesInput = document.getElementById('personnes');\n    const personnesValeurSpan = document.getElementById('personnes-valeur');\n    const resultatDiv = document.getElementById('resultat-veranda');\n    const usageInputs = document.querySelectorAll('input[name=\"usage\"]');\n\n    \/\/ --- CONFIGURATION DU CALCULATEUR ---\n    \/\/ Cet objet contient les \"r\u00e8gles m\u00e9tier\" pour le calcul.\n    \/\/ Chaque usage a un facteur (m\u00b2 par personne) et une surface de base minimale.\n    const config = {\n        facteurs: {\n            salon: 5,           \/\/ Un salon n\u00e9cessite plus d'espace par personne (canap\u00e9s, table basse...).\n            salle_a_manger: 4,  \/\/ Espace pour la table, les chaises et la circulation.\n            bureau: 7           \/\/ Moins d'espace par personne, mais une surface de base plus grande pour le mobilier.\n        },\n        base: {\n            salon: 5,           \/\/ Surface de base pour le mobilier de salon.\n            salle_a_manger: 6,  \/\/ Surface de base pour une table.\n            bureau: 8           \/\/ Surface de base pour un bureau et des rangements.\n        },\n        surfaceMinimaleGlobale: 12 \/\/ Une v\u00e9randa fait rarement moins de 12m\u00b2 pour \u00eatre confortable.\n    };\n\n    \/\/ --- FONCTION DE CALCUL ET D'AFFICHAGE ---\n    function calculerEtAfficher() {\n        \/\/ 1. R\u00e9cup\u00e9rer les valeurs actuelles des champs\n        const nombrePersonnes = parseInt(personnesInput.value, 10);\n        const usageSelectionne = document.querySelector('input[name=\"usage\"]:checked').value;\n\n        \/\/ 2. R\u00e9cup\u00e9rer les facteurs de calcul depuis l'objet de configuration\n        const facteur = config.facteurs[usageSelectionne];\n        const base = config.base[usageSelectionne];\n\n        \/\/ 3. Effectuer le calcul\n        \/\/ Formule : Surface = Surface de base + (Nombre de personnes * Facteur m\u00b2\/personne)\n        let surfaceCalculee = base + (nombrePersonnes * facteur);\n        \n        \/\/ 4. S'assurer que le r\u00e9sultat n'est pas inf\u00e9rieur au minimum global recommand\u00e9\n        const surfaceFinale = Math.max(surfaceCalculee, config.surfaceMinimaleGlobale);\n\n        \/\/ 5. G\u00e9n\u00e9rer le texte de recommandation\n        const textePersonnes = nombrePersonnes > 1 ? 'personnes' : 'personne';\n        const nomUsage = usageSelectionne.replace('_', ' \u00e0 ');\n        \n        const htmlResultat = `\n            <div class=\"bg-emerald-50 border-l-4 border-emerald-500 text-emerald-800 p-4 rounded-r-lg fade-in\" role=\"alert\">\n                <p class=\"font-bold text-lg\">Notre recommandation :<\/p>\n                <p class=\"mt-1\">\n                    Pour un(e) <strong>${nomUsage}<\/strong> convivial(e) pour <strong>${nombrePersonnes} ${textePersonnes}<\/strong>, nous sugg\u00e9rons une surface d'environ <strong>${Math.round(surfaceFinale)} m\u00b2<\/strong>.\n                <\/p>\n                <p class=\"text-sm mt-2 text-emerald-700\">\n                    Cela vous garantira un espace confortable, facile \u00e0 am\u00e9nager et o\u00f9 il fait bon vivre !\n                <\/p>\n            <\/div>\n        `;\n\n        \/\/ 6. Afficher le r\u00e9sultat dans la div pr\u00e9vue \u00e0 cet effet\n        resultatDiv.innerHTML = htmlResultat;\n    }\n\n    \/\/ --- GESTION DES \u00c9V\u00c9NEMENTS ---\n\n    \/\/ Met \u00e0 jour la valeur affich\u00e9e \u00e0 c\u00f4t\u00e9 du curseur en temps r\u00e9el.\n    personnesInput.addEventListener('input', function () {\n        personnesValeurSpan.textContent = this.value;\n        \/\/ On recalcule \u00e0 chaque mouvement du curseur pour un effet dynamique.\n        calculerEtAfficher();\n    });\n\n    \/\/ Recalcule le r\u00e9sultat chaque fois que l'usage principal est chang\u00e9.\n    usageInputs.forEach(input => {\n        input.addEventListener('change', calculerEtAfficher);\n    });\n    \n    \/\/ Pour \u00e9viter que le formulaire ne s'envoie si jamais il est dans un vrai <form>\n    form.addEventListener('submit', function (e) {\n        e.preventDefault();\n    });\n\n    \/\/ --- INITIALISATION ---\n    \/\/ Affiche un premier r\u00e9sultat d\u00e8s le chargement de la page avec les valeurs par d\u00e9faut.\n    calculerEtAfficher();\n\n});\n<\/script>\n<!-- FIN DU CALCULATEUR DE V\u00c9RANDA -->\n\n<h2 class=\"wp-block-heading\">Optimiser l&rsquo;espace avec un mobilier et un am\u00e9nagement adapt\u00e9s<\/h2>\n\n<p>L&rsquo;<strong>am\u00e9nagement<\/strong> d&rsquo;une v\u00e9randa doit pr\u00e9server ses deux atouts majeurs : la luminosit\u00e9 et la vue sur l&rsquo;ext\u00e9rieur. Le choix du mobilier et son agencement sont donc strat\u00e9giques pour cr\u00e9er un espace \u00e0 la fois fonctionnel et a\u00e9r\u00e9.<\/p>\n\n<h3 class=\"wp-block-heading\">Choisir un mobilier fonctionnel et l\u00e9ger<\/h3>\n\n<p>Pour ne pas obstruer la vue, privil\u00e9giez un <strong>mobilier bas<\/strong> : canap\u00e9s, tables basses, fauteuils&#8230; Les meubles en mat\u00e9riaux naturels et l\u00e9gers comme le rotin, l&rsquo;osier ou le bois clair contribuent \u00e0 une sensation d&rsquo;espace et renforcent le lien avec le jardin.<\/p>\n\n<p>Dans les surfaces plus r\u00e9duites, les meubles modulables sont une solution astucieuse. Un canap\u00e9 d&rsquo;angle compos\u00e9 de plusieurs modules, une table pliante ou des fauteuils empilables permettent d&rsquo;adapter la configuration de la pi\u00e8ce \u00e0 vos besoins du moment. Pour plus d&rsquo;inspiration, n&rsquo;h\u00e9sitez pas \u00e0 explorer notre <a href=\"https:\/\/pro-veranda.fr\/actu\/veranda-guide-complet-pour-lamenagement-et-la-decoration\/\">guide complet sur l&rsquo;am\u00e9nagement et la d\u00e9coration<\/a>.<\/p>\n\n<h3 class=\"wp-block-heading\">D\u00e9limiter les zones pour plus de fonctionnalit\u00e9<\/h3>\n\n<p>M\u00eame dans un espace ouvert, cr\u00e9er des zones de vie distinctes am\u00e9liore la fonctionnalit\u00e9. Cette d\u00e9limitation peut \u00eatre symbolique, marqu\u00e9e par un tapis, la disposition d&rsquo;un meuble ou un luminaire.<\/p>\n\n<ul class=\"wp-block-list\"><li>\ud83d\udcd6 <strong>Un coin lecture :<\/strong> Un fauteuil confortable, un repose-pieds, une petite biblioth\u00e8que et une lampe de lecture.<\/li><li>\u2615 <strong>Un espace d\u00e9tente :<\/strong> Un canap\u00e9 moelleux, une table basse et quelques poufs pour des moments conviviaux.<\/li><li>\ud83c\udf3f <strong>Un coin repas :<\/strong> Une table (ronde pour plus de convivialit\u00e9) et des chaises confortables pour partager des repas face au jardin.<\/li><\/ul>\n\n<h3 class=\"wp-block-heading\">Int\u00e9grer la verdure pour une transition parfaite<\/h3>\n\n<p>La touche finale pour un <strong>jardin d&rsquo;hiver<\/strong> r\u00e9ussi est l&rsquo;int\u00e9gration de plantes vertes. Elles purifient l&rsquo;air, apportent de la vie et font le lien avec l&rsquo;ext\u00e9rieur. Choisissez des esp\u00e8ces adapt\u00e9es \u00e0 la luminosit\u00e9 de votre v\u00e9randa : foug\u00e8res pour les coins plus ombrag\u00e9s, succulentes pour les zones ensoleill\u00e9es, ou encore des plantes grimpantes pour habiller un mur. En installant une <a href=\"https:\/\/pro-veranda.fr\/actu\/veranda-guide-complet-pour-installer-une-extension-lumineuse\/\">extension lumineuse comme la v\u00e9randa<\/a>, vous offrez \u00e0 vos plantes des conditions de croissance id\u00e9ales.<\/p>\n\n<p>L&rsquo;utilisation de miroirs est aussi une astuce de professionnel. Plac\u00e9s strat\u00e9giquement face \u00e0 une ouverture, ils r\u00e9fl\u00e9chissent la lumi\u00e8re et le paysage, agrandissant visuellement l&rsquo;espace et d\u00e9cuplant la sensation de connexion avec la nature.<\/p>\n\n<figure class=\"is-provider-youtube is-type-video wp-block-embed wp-block-embed-youtube wp-embed-aspect-16-9 wp-has-aspect-ratio\"><div class=\"wp-block-embed__wrapper\">\n<iframe loading=\"lazy\" title=\"#short #floor #plan #3d @mr.davinkonobi\" width=\"500\" height=\"281\" src=\"https:\/\/www.youtube.com\/embed\/g3aZIcDkwQM?feature=oembed\" frameborder=\"0\" allow=\"accelerometer; autoplay; clipboard-write; encrypted-media; gyroscope; picture-in-picture; web-share\" referrerpolicy=\"strict-origin-when-cross-origin\" allowfullscreen><\/iframe>\n<\/div><\/figure>\n\n<script type=\"application\/ld+json\">\n{\"@context\":\"https:\/\/schema.org\",\"@type\":\"FAQPage\",\"mainEntity\":[{\"@type\":\"Question\",\"name\":\"Quelles sont les meilleures plantes u00e0 installer dans une vu00e9randa ?\",\"acceptedAnswer\":{\"@type\":\"Answer\",\"text\":\"Les plantes qui s'adaptent bien u00e0 une forte luminositu00e9 sont idu00e9ales. Les succulentes, les cactus, les philodendrons, les fougu00e8res ou encore les azalu00e9es sont d'excellents choix. Elles apportent une touche de verdure tout en u00e9tant souvent faciles d'entretien.\"}},{\"@type\":\"Question\",\"name\":\"Comment optimiser l'espace dans une petite vu00e9randa ?\",\"acceptedAnswer\":{\"@type\":\"Answer\",\"text\":\"Pour une petite surface, privilu00e9giez les meubles modulables et bas pour ne pas bloquer la vue. Utilisez des rangements verticaux comme des u00e9tagu00e8res murales et optez pour des couleurs claires sur les murs et le mobilier pour agrandir visuellement l'espace.\"}},{\"@type\":\"Question\",\"name\":\"Quels revu00eatements de sol sont recommandu00e9s pour une vu00e9randa ?\",\"acceptedAnswer\":{\"@type\":\"Answer\",\"text\":\"Le carrelage et les sols en PVC sont les plus fonctionnels. La vu00e9randa u00e9tant une zone de passage entre l'intu00e9rieur et l'extu00e9rieur, ces matu00e9riaux sont robustes et tru00e8s faciles u00e0 nettoyer. Le parquet est moins recommandu00e9 en raison de sa sensibilitu00e9 u00e0 l'humiditu00e9 et aux variations de tempu00e9rature.\"}},{\"@type\":\"Question\",\"name\":\"Comment choisir entre une structure en bois et en aluminium ?\",\"acceptedAnswer\":{\"@type\":\"Answer\",\"text\":\"Le choix du00e9pend de votre budget, du style souhaitu00e9 et du niveau d'entretien. L'aluminium est moderne, durable et ne demande quasiment aucun entretien. Le bois est plus chaleureux et traditionnel, mais nu00e9cessite un entretien ru00e9gulier pour pru00e9server son apparence et sa durabilitu00e9. Pour un choix u00e9clairu00e9, consultez notre <a href='https:\/\/pro-veranda.fr\/actu\/veranda-guide-complet-pour-bien-choisir-sa-structure\/'>guide sur les structures de vu00e9randa<\/a>.\"}}]}\n<\/script>\n<h3>Quelles sont les meilleures plantes \u00e0 installer dans une v\u00e9randa ?<\/h3>\n<p>Les plantes qui s&rsquo;adaptent bien \u00e0 une forte luminosit\u00e9 sont id\u00e9ales. Les succulentes, les cactus, les philodendrons, les foug\u00e8res ou encore les azal\u00e9es sont d&rsquo;excellents choix. Elles apportent une touche de verdure tout en \u00e9tant souvent faciles d&rsquo;entretien.<\/p>\n<h3>Comment optimiser l&rsquo;espace dans une petite v\u00e9randa ?<\/h3>\n<p>Pour une petite surface, privil\u00e9giez les meubles modulables et bas pour ne pas bloquer la vue. Utilisez des rangements verticaux comme des \u00e9tag\u00e8res murales et optez pour des couleurs claires sur les murs et le mobilier pour agrandir visuellement l&rsquo;espace.<\/p>\n<h3>Quels rev\u00eatements de sol sont recommand\u00e9s pour une v\u00e9randa ?<\/h3>\n<p>Le carrelage et les sols en PVC sont les plus fonctionnels. La v\u00e9randa \u00e9tant une zone de passage entre l&rsquo;int\u00e9rieur et l&rsquo;ext\u00e9rieur, ces mat\u00e9riaux sont robustes et tr\u00e8s faciles \u00e0 nettoyer. Le parquet est moins recommand\u00e9 en raison de sa sensibilit\u00e9 \u00e0 l&rsquo;humidit\u00e9 et aux variations de temp\u00e9rature.<\/p>\n<h3>Comment choisir entre une structure en bois et en aluminium ?<\/h3>\n<p>Le choix d\u00e9pend de votre budget, du style souhait\u00e9 et du niveau d&rsquo;entretien. L&rsquo;aluminium est moderne, durable et ne demande quasiment aucun entretien. Le bois est plus chaleureux et traditionnel, mais n\u00e9cessite un entretien r\u00e9gulier pour pr\u00e9server son apparence et sa durabilit\u00e9. Pour un choix \u00e9clair\u00e9, consultez notre <a href='https:\/\/pro-veranda.fr\/actu\/veranda-guide-complet-pour-bien-choisir-sa-structure\/'>guide sur les structures de v\u00e9randa<\/a>.<\/p>\n\n","protected":false},"excerpt":{"rendered":"<p>En bref : La v\u00e9randa, bien plus qu&rsquo;une simple extension, est une v\u00e9ritable pi\u00e8ce de vie qui fait le pont [&hellip;]<\/p>\n","protected":false},"author":1,"featured_media":63,"comment_status":"open","ping_status":"open","sticky":false,"template":"","format":"standard","meta":{"site-sidebar-layout":"default","site-content-layout":"","ast-site-content-layout":"default","site-content-style":"default","site-sidebar-style":"default","ast-global-header-display":"","ast-banner-title-visibility":"","ast-main-header-display":"","ast-hfb-above-header-display":"","ast-hfb-below-header-display":"","ast-hfb-mobile-header-display":"","site-post-title":"","ast-breadcrumbs-content":"","ast-featured-img":"","footer-sml-layout":"","ast-disable-related-posts":"","theme-transparent-header-meta":"","adv-header-id-meta":"","stick-header-meta":"","header-above-stick-meta":"","header-main-stick-meta":"","header-below-stick-meta":"","astra-migrate-meta-layouts":"default","ast-page-background-enabled":"default","ast-page-background-meta":{"desktop":{"background-color":"var(--ast-global-color-5)","background-image":"","background-repeat":"repeat","background-position":"center center","background-size":"auto","background-attachment":"scroll","background-type":"","background-media":"","overlay-type":"","overlay-color":"","overlay-opacity":"","overlay-gradient":""},"tablet":{"background-color":"","background-image":"","background-repeat":"repeat","background-position":"center center","background-size":"auto","background-attachment":"scroll","background-type":"","background-media":"","overlay-type":"","overlay-color":"","overlay-opacity":"","overlay-gradient":""},"mobile":{"background-color":"","background-image":"","background-repeat":"repeat","background-position":"center center","background-size":"auto","background-attachment":"scroll","background-type":"","background-media":"","overlay-type":"","overlay-color":"","overlay-opacity":"","overlay-gradient":""}},"ast-content-background-meta":{"desktop":{"background-color":"var(--ast-global-color-4)","background-image":"","background-repeat":"repeat","background-position":"center center","background-size":"auto","background-attachment":"scroll","background-type":"","background-media":"","overlay-type":"","overlay-color":"","overlay-opacity":"","overlay-gradient":""},"tablet":{"background-color":"var(--ast-global-color-4)","background-image":"","background-repeat":"repeat","background-position":"center center","background-size":"auto","background-attachment":"scroll","background-type":"","background-media":"","overlay-type":"","overlay-color":"","overlay-opacity":"","overlay-gradient":""},"mobile":{"background-color":"var(--ast-global-color-4)","background-image":"","background-repeat":"repeat","background-position":"center center","background-size":"auto","background-attachment":"scroll","background-type":"","background-media":"","overlay-type":"","overlay-color":"","overlay-opacity":"","overlay-gradient":""}},"footnotes":""},"categories":[1],"tags":[],"class_list":["post-65","post","type-post","status-publish","format-standard","has-post-thumbnail","hentry","category-veranda"],"_links":{"self":[{"href":"https:\/\/pro-veranda.fr\/actu\/wp-json\/wp\/v2\/posts\/65","targetHints":{"allow":["GET"]}}],"collection":[{"href":"https:\/\/pro-veranda.fr\/actu\/wp-json\/wp\/v2\/posts"}],"about":[{"href":"https:\/\/pro-veranda.fr\/actu\/wp-json\/wp\/v2\/types\/post"}],"author":[{"embeddable":true,"href":"https:\/\/pro-veranda.fr\/actu\/wp-json\/wp\/v2\/users\/1"}],"replies":[{"embeddable":true,"href":"https:\/\/pro-veranda.fr\/actu\/wp-json\/wp\/v2\/comments?post=65"}],"version-history":[{"count":0,"href":"https:\/\/pro-veranda.fr\/actu\/wp-json\/wp\/v2\/posts\/65\/revisions"}],"wp:featuredmedia":[{"embeddable":true,"href":"https:\/\/pro-veranda.fr\/actu\/wp-json\/wp\/v2\/media\/63"}],"wp:attachment":[{"href":"https:\/\/pro-veranda.fr\/actu\/wp-json\/wp\/v2\/media?parent=65"}],"wp:term":[{"taxonomy":"category","embeddable":true,"href":"https:\/\/pro-veranda.fr\/actu\/wp-json\/wp\/v2\/categories?post=65"},{"taxonomy":"post_tag","embeddable":true,"href":"https:\/\/pro-veranda.fr\/actu\/wp-json\/wp\/v2\/tags?post=65"}],"curies":[{"name":"wp","href":"https:\/\/api.w.org\/{rel}","templated":true}]}}