{"id":59,"date":"2026-01-19T07:52:27","date_gmt":"2026-01-19T06:52:27","guid":{"rendered":"https:\/\/pro-veranda.fr\/actu\/veranda-guide-complet-pour-choisir-les-materiaux-adaptes\/"},"modified":"2026-01-19T07:52:27","modified_gmt":"2026-01-19T06:52:27","slug":"veranda-guide-complet-pour-choisir-les-materiaux-adaptes","status":"publish","type":"post","link":"https:\/\/pro-veranda.fr\/actu\/veranda-guide-complet-pour-choisir-les-materiaux-adaptes\/","title":{"rendered":"V\u00e9randa : guide complet pour choisir les mat\u00e9riaux adapt\u00e9s"},"content":{"rendered":"<p>Agrandir sa maison tout en profitant d\u2019un bain de lumi\u00e8re toute l\u2019ann\u00e9e est le r\u00eave de nombreux propri\u00e9taires. La v\u00e9randa s\u2019impose comme une solution \u00e9l\u00e9gante et fonctionnelle. Cependant, la r\u00e9ussite d\u2019un tel projet repose sur un choix fondamental : celui des mat\u00e9riaux. Entre la modernit\u00e9 de l\u2019aluminium, la chaleur du bois ou le budget accessible du PVC, la d\u00e9cision peut s&rsquo;av\u00e9rer complexe. Ce guide complet vous \u00e9claire pour faire le meilleur choix et concr\u00e9tiser votre projet de construction.<\/p>\n\n<p><strong>En bref : les points cl\u00e9s pour choisir le mat\u00e9riau de votre v\u00e9randa<\/strong><\/p>\n\n<ul class=\"wp-block-list\"><li><strong>Le budget \ud83d\udcb0 :<\/strong> C&rsquo;est le premier crit\u00e8re qui orientera votre choix, avec des options allant du PVC, plus \u00e9conomique, \u00e0 l&rsquo;acier, plus on\u00e9reux.<\/li><li><strong>Le design \ud83c\udfa8 :<\/strong> L&rsquo;esth\u00e9tique souhait\u00e9e est cruciale. L&rsquo;aluminium pour un style contemporain, le bois pour une ambiance authentique, l&rsquo;acier pour un look industriel affirm\u00e9.<\/li><li><strong>L&rsquo;entretien \ud83e\uddfc :<\/strong> \u00c9valuez le temps que vous souhaitez consacrer \u00e0 la maintenance. L&rsquo;aluminium et le PVC sont tr\u00e8s peu exigeants, contrairement au bois qui demande un soin r\u00e9gulier.<\/li><li><strong>L&rsquo;isolation thermique \ud83c\udf21\ufe0f :<\/strong> La performance est essentielle pour le confort. Le bois est naturellement le plus isolant, suivi de pr\u00e8s par le PVC et l&rsquo;aluminium \u00e0 rupture de pont thermique.<\/li><li><strong>La r\u00e9sistance \ud83d\udcaa :<\/strong> La durabilit\u00e9 de la structure d\u00e9pend du mat\u00e9riau. L&rsquo;acier et l&rsquo;aluminium offrent une excellente robustesse, id\u00e9ale pour les grandes surfaces vitr\u00e9es.<\/li><\/ul>\n\n<h2 class=\"wp-block-heading\">Les mat\u00e9riaux de v\u00e9randa \u00e0 la loupe : quel choix pour votre projet ?<\/h2>\n\n<p>Le choix du mat\u00e9riau principal de votre v\u00e9randa est une \u00e9tape d\u00e9terminante qui influencera non seulement son apparence, mais aussi son confort, sa durabilit\u00e9 et son co\u00fbt. Chaque option pr\u00e9sente un \u00e9quilibre unique d&rsquo;avantages et d&rsquo;inconv\u00e9nients. Analysons en d\u00e9tail les solutions les plus courantes sur le march\u00e9 en 2026.<\/p>\n\n<h3 class=\"wp-block-heading\">L&rsquo;aluminium : le champion incontest\u00e9 de la modernit\u00e9<\/h3>\n\n<p>L&rsquo;aluminium est sans conteste le mat\u00e9riau star pour la construction de v\u00e9randas contemporaines. Sa popularit\u00e9 s&rsquo;explique par une combinaison d&rsquo;atouts remarquables. \u00c0 la fois <strong>l\u00e9ger et extr\u00eamement robuste<\/strong>, il ne craint ni les intemp\u00e9ries ni la corrosion, garantissant une long\u00e9vit\u00e9 exceptionnelle avec un entretien quasi inexistant (un simple nettoyage \u00e0 l&rsquo;eau savonneuse suffit). La finesse de ses profil\u00e9s permet de maximiser la surface vitr\u00e9e, cr\u00e9ant ainsi une <a href=\"https:\/\/pro-veranda.fr\/actu\/veranda-guide-complet-pour-installer-une-extension-lumineuse\/\">extension lumineuse<\/a> et a\u00e9rienne. De plus, sa grande mall\u00e9abilit\u00e9 et la vaste palette de couleurs disponibles par thermolaquage lui permettent de s&rsquo;adapter \u00e0 tous les styles architecturaux, du plus classique au plus audacieux.<\/p>\n\n<h3 class=\"wp-block-heading\">Le bois : le choix de l&rsquo;authenticit\u00e9 et de la chaleur<\/h3>\n\n<p>Pour ceux qui recherchent une ambiance chaleureuse et un cachet authentique, le bois reste un choix de pr\u00e9dilection. Mat\u00e9riau noble par excellence, il conf\u00e8re un charme incomparable \u00e0 une extension de maison. Au-del\u00e0 de son esth\u00e9tique, le bois est <strong>un excellent isolant naturel<\/strong>, tant sur le plan thermique qu&rsquo;acoustique. Il contribue \u00e0 cr\u00e9er un espace de vie confortable et une atmosph\u00e8re cosy en toute saison. En contrepartie, le bois exige un entretien plus rigoureux pour pr\u00e9server sa beaut\u00e9 et sa r\u00e9sistance face aux insectes et \u00e0 l&rsquo;humidit\u00e9, impliquant des traitements r\u00e9guliers (lasure, peinture) tous les quelques ann\u00e9es.<\/p>\n\n<figure class=\"is-provider-youtube is-type-video wp-block-embed wp-block-embed-youtube wp-embed-aspect-16-9 wp-has-aspect-ratio\"><div class=\"wp-block-embed__wrapper\">\n<iframe loading=\"lazy\" title=\"DIY GUIDE CONSTRUCTION VERANDA\" width=\"500\" height=\"281\" src=\"https:\/\/www.youtube.com\/embed\/6hBJU7iWclU?feature=oembed\" frameborder=\"0\" allow=\"accelerometer; autoplay; clipboard-write; encrypted-media; gyroscope; picture-in-picture; web-share\" referrerpolicy=\"strict-origin-when-cross-origin\" allowfullscreen><\/iframe>\n<\/div><\/figure>\n\n<h3 class=\"wp-block-heading\">Le PVC : l&rsquo;alternative accessible pour les budgets ma\u00eetris\u00e9s<\/h3>\n\n<p>Si votre budget est le crit\u00e8re principal, le PVC (polychlorure de vinyle) se positionne comme une solution tr\u00e8s int\u00e9ressante. Nettement plus \u00e9conomique que l&rsquo;aluminium ou le bois, il offre n\u00e9anmoins de bonnes performances en termes de <strong>r\u00e9sistance aux intemp\u00e9ries et d&rsquo;isolation<\/strong>. Tout comme l&rsquo;aluminium, son entretien est minimal. Aujourd&rsquo;hui disponible dans de nombreuses couleurs et finitions, y compris des imitations bois assez r\u00e9alistes, il permet de personnaliser le design de sa v\u00e9randa. Il faut cependant noter que sa rigidit\u00e9 est moindre que celle de l&rsquo;aluminium, ce qui limite son usage pour les tr\u00e8s grandes structures. Il peut \u00e9galement \u00eatre sensible aux fortes variations de temp\u00e9rature.<\/p>\n\nVoici un bloc de code pr\u00eat \u00e0 l&#8217;emploi pour votre calculateur de budget de v\u00e9randa. Il est stylis\u00e9 avec Tailwind CSS, enti\u00e8rement en fran\u00e7ais, et ne contient que le code n\u00e9cessaire pour \u00eatre int\u00e9gr\u00e9 directement dans votre page.\n\n\u00ab\u00a0`html\n<!-- D\u00c9BUT DU BLOC CALCULATEUR DE V\u00c9RANDA -->\n<!-- \n    Ce bloc utilise Tailwind CSS via un CDN. \n    Assurez-vous que le script suivant est pr\u00e9sent quelque part dans votre page,\n    id\u00e9alement \u00e0 la fin de votre <body>. Si vous l'avez d\u00e9j\u00e0, pas besoin de le rajouter.\n    <script src=\"https:\/\/cdn.tailwindcss.com\"><\/script>\n    Pour une meilleure performance en production, il est recommand\u00e9 d'utiliser le CDN optimis\u00e9 :\n    <script src=\"https:\/\/cdn.jsdelivr.net\/npm\/@tailwindcss\/browser@4\"><\/script>\n-->\n<div id=\"calculateur-veranda-container\" class=\"max-w-3xl mx-auto my-12 p-6 sm:p-8 bg-white rounded-2xl shadow-lg border border-gray-200 font-sans\">\n    \n    <!-- Titre et introduction -->\n    <div class=\"text-center mb-8\">\n        <svg xmlns=\"http:\/\/www.w3.org\/2000\/svg\" class=\"h-12 w-12 mx-auto text-cyan-600\" fill=\"none\" viewBox=\"0 0 24 24\" stroke=\"currentColor\" stroke-width=\"2\">\n            <path stroke-linecap=\"round\" stroke-linejoin=\"round\" d=\"M3 12l2-2m0 0l7-7 7 7M5 10v10a1 1 0 001 1h3m10-11l2 2m-2-2v10a1 1 0 01-1 1h-3m-6 0a1 1 0 001-1v-4a1 1 0 011-1h2a1 1 0 011 1v4a1 1 0 001 1m-6 0h6\" \/>\n        <\/svg>\n        <h2 class=\"text-3xl font-bold text-gray-800 mt-4\">Estimez le budget de votre future v\u00e9randa<\/h2>\n        <p class=\"text-gray-600 mt-2\">Remplissez les champs ci-dessous pour obtenir une fourchette de prix indicative.<\/p>\n    <\/div>\n\n    <!-- Formulaire du calculateur -->\n    <form id=\"veranda-form\" class=\"space-y-8\">\n\n        <!-- Champ 1: Surface -->\n        <div>\n            <label for=\"surface\" class=\"block text-lg font-semibold text-gray-700 mb-2\">Surface de la v\u00e9randa (en m\u00b2)<\/label>\n            <div class=\"relative\">\n                <input type=\"number\" id=\"surface\" name=\"surface\" min=\"5\" max=\"100\" placeholder=\"Ex: 20\" class=\"w-full p-4 text-lg border border-gray-300 rounded-lg focus:ring-2 focus:ring-cyan-500 focus:border-cyan-500 transition duration-200\" required>\n                <span class=\"absolute inset-y-0 right-4 flex items-center text-gray-500 text-lg\">m\u00b2<\/span>\n            <\/div>\n        <\/div>\n\n        <!-- Champ 2: Mat\u00e9riau -->\n        <fieldset>\n            <legend class=\"block text-lg font-semibold text-gray-700 mb-4\">Mat\u00e9riau de la structure<\/legend>\n            <div class=\"grid grid-cols-2 sm:grid-cols-4 gap-4\">\n                <!-- Option PVC -->\n                <div>\n                    <input type=\"radio\" id=\"pvc\" name=\"materiau\" value=\"pvc\" class=\"hidden peer\">\n                    <label for=\"pvc\" class=\"block p-4 text-center border border-gray-300 rounded-lg cursor-pointer peer-checked:border-cyan-600 peer-checked:ring-2 peer-checked:ring-cyan-500 peer-checked:text-cyan-700 peer-checked:font-bold hover:bg-gray-50 transition\">PVC<\/label>\n                <\/div>\n                <!-- Option Aluminium -->\n                <div>\n                    <input type=\"radio\" id=\"aluminium\" name=\"materiau\" value=\"aluminium\" class=\"hidden peer\" checked>\n                    <label for=\"aluminium\" class=\"block p-4 text-center border border-gray-300 rounded-lg cursor-pointer peer-checked:border-cyan-600 peer-checked:ring-2 peer-checked:ring-cyan-500 peer-checked:text-cyan-700 peer-checked:font-bold hover:bg-gray-50 transition\">Aluminium<\/label>\n                <\/div>\n                <!-- Option Bois -->\n                <div>\n                    <input type=\"radio\" id=\"bois\" name=\"materiau\" value=\"bois\" class=\"hidden peer\">\n                    <label for=\"bois\" class=\"block p-4 text-center border border-gray-300 rounded-lg cursor-pointer peer-checked:border-cyan-600 peer-checked:ring-2 peer-checked:ring-cyan-500 peer-checked:text-cyan-700 peer-checked:font-bold hover:bg-gray-50 transition\">Bois<\/label>\n                <\/div>\n                <!-- Option Acier -->\n                <div>\n                    <input type=\"radio\" id=\"acier\" name=\"materiau\" value=\"acier\" class=\"hidden peer\">\n                    <label for=\"acier\" class=\"block p-4 text-center border border-gray-300 rounded-lg cursor-pointer peer-checked:border-cyan-600 peer-checked:ring-2 peer-checked:ring-cyan-500 peer-checked:text-cyan-700 peer-checked:font-bold hover:bg-gray-50 transition\">Acier<\/label>\n                <\/div>\n            <\/div>\n        <\/fieldset>\n\n        <!-- Champ 3: Vitrage -->\n        <fieldset>\n            <legend class=\"block text-lg font-semibold text-gray-700 mb-4\">Type de vitrage<\/legend>\n            <div class=\"grid grid-cols-1 sm:grid-cols-2 gap-4\">\n                 <!-- Option Double Vitrage -->\n                <div>\n                    <input type=\"radio\" id=\"double\" name=\"vitrage\" value=\"double\" class=\"hidden peer\" checked>\n                    <label for=\"double\" class=\"block p-4 text-center border border-gray-300 rounded-lg cursor-pointer peer-checked:border-cyan-600 peer-checked:ring-2 peer-checked:ring-cyan-500 peer-checked:text-cyan-700 peer-checked:font-bold hover:bg-gray-50 transition\">Double Vitrage<\/label>\n                <\/div>\n                 <!-- Option Triple Vitrage -->\n                <div>\n                    <input type=\"radio\" id=\"triple\" name=\"vitrage\" value=\"triple\" class=\"hidden peer\">\n                    <label for=\"triple\" class=\"block p-4 text-center border border-gray-300 rounded-lg cursor-pointer peer-checked:border-cyan-600 peer-checked:ring-2 peer-checked:ring-cyan-500 peer-checked:text-cyan-700 peer-checked:font-bold hover:bg-gray-50 transition\">Triple Vitrage<\/label>\n                <\/div>\n            <\/div>\n        <\/fieldset>\n    <\/form>\n\n    <!-- Zone de r\u00e9sultat -->\n    <div id=\"resultat-container\" class=\"mt-10 p-6 bg-cyan-50 border-l-4 border-cyan-500 rounded-r-lg\" style=\"display: none;\">\n        <p class=\"text-lg font-semibold text-gray-800\">Votre budget estimatif se situe entre :<\/p>\n        <p id=\"fourchette-prix\" class=\"text-3xl sm:text-4xl font-extrabold text-cyan-800 my-2\"><\/p>\n        <p class=\"text-sm text-gray-600 mt-3\">\n            <strong>Attention :<\/strong> Ce montant est une estimation fournie \u00e0 titre indicatif. Il n&rsquo;inclut pas les co\u00fbts li\u00e9s aux fondations, \u00e0 la ma\u00e7onnerie, aux raccordements \u00e9lectriques ou aux options (stores, \u00e9clairage&#8230;). Pour un devis pr\u00e9cis, contactez un professionnel.\n        <\/p>\n    <\/div>\n<\/div>\n\n<script>\ndocument.addEventListener('DOMContentLoaded', function() {\n\n    \/\/ =========================================================================\n    \/\/ CONFIGURATION DU CALCULATEUR\n    \/\/ Toutes les cha\u00eenes de texte et les valeurs peuvent \u00eatre modifi\u00e9es ici.\n    \/\/ =========================================================================\n\n    \/\/ Base de donn\u00e9es des prix par mat\u00e9riau (fourchette basse et haute par m\u00b2)\n    const PRIX_MATERIAUX = {\n        pvc:       { min: 400,  max: 900 },\n        aluminium: { min: 900,  max: 1800 },\n        bois:      { min: 1100, max: 2300 },\n        acier:     { min: 1500, max: 3000 }\n    };\n\n    \/\/ Multiplicateur de co\u00fbt pour le type de vitrage\n    const MODIFICATEUR_VITRAGE = {\n        double: 1.0,  \/\/ Base de r\u00e9f\u00e9rence\n        triple: 1.15  \/\/ Environ 15% plus cher\n    };\n\n    \/\/ Textes pour l'affichage du r\u00e9sultat\n    const TEXTES = {\n        separateur: 'et',\n        devise: 'EUR',\n        langue: 'fr-FR'\n    };\n\n    \/\/ =========================================================================\n    \/\/ LOGIQUE DU CALCULATEUR (ne pas modifier sauf si n\u00e9cessaire)\n    \/\/ =========================================================================\n    \n    \/\/ NOTE SUR LES APIs : \n    \/\/ Cet outil n'a pas besoin d'API externe. Toutes les donn\u00e9es de prix sont\n    \/\/ contenues dans les constantes ci-dessus pour une performance maximale.\n    \/\/ URL de l'API : N\/A\n    \/\/ Exemple de r\u00e9ponse JSON : N\/A\n\n    \/\/ S\u00e9lection des \u00e9l\u00e9ments du DOM\n    const form = document.getElementById('veranda-form');\n    const inputSurface = document.getElementById('surface');\n    const radiosMateriau = document.querySelectorAll('input[name=\"materiau\"]');\n    const radiosVitrage = document.querySelectorAll('input[name=\"vitrage\"]');\n    const resultatContainer = document.getElementById('resultat-container');\n    const fourchettePrixElement = document.getElementById('fourchette-prix');\n\n    \/**\n     * Formate un nombre en devise selon les param\u00e8tres d\u00e9finis.\n     * @param {number} nombre - Le nombre \u00e0 formater.\n     * @returns {string} Le nombre format\u00e9 en cha\u00eene de caract\u00e8res (ex: \"15 000 \u20ac\").\n     *\/\n    function formaterDevise(nombre) {\n        return new Intl.NumberFormat(TEXTES.langue, {\n            style: 'currency',\n            currency: TEXTES.devise,\n            minimumFractionDigits: 0,\n            maximumFractionDigits: 0\n        }).format(nombre);\n    }\n\n    \/**\n     * Calcule le budget et met \u00e0 jour l'affichage.\n     *\/\n    function calculerEtAfficherBudget() {\n        \/\/ 1. R\u00e9cup\u00e9rer les valeurs des champs\n        const surface = parseFloat(inputSurface.value);\n        const materiauSelectionne = document.querySelector('input[name=\"materiau\"]:checked')?.value;\n        const vitrageSelectionne = document.querySelector('input[name=\"vitrage\"]:checked')?.value;\n\n        \/\/ 2. V\u00e9rifier si toutes les informations sont valides\n        if (!surface || surface <= 0 || !materiauSelectionne || !vitrageSelectionne) {\n            resultatContainer.style.display = 'none'; \/\/ Cacher le r\u00e9sultat si les donn\u00e9es sont incompl\u00e8tes\n            return;\n        }\n\n        \/\/ 3. R\u00e9cup\u00e9rer les donn\u00e9es de prix correspondantes\n        const prixBase = PRIX_MATERIAUX[materiauSelectionne];\n        const modificateur = MODIFICATEUR_VITRAGE[vitrageSelectionne];\n\n        \/\/ 4. Calculer la fourchette de prix\n        const prixMin = surface * prixBase.min * modificateur;\n        const prixMax = surface * prixBase.max * modificateur;\n\n        \/\/ 5. Mettre \u00e0 jour l'interface utilisateur\n        const prixMinFormate = formaterDevise(prixMin);\n        const prixMaxFormate = formaterDevise(prixMax);\n        \n        fourchettePrixElement.textContent = `${prixMinFormate} ${TEXTES.separateur} ${prixMaxFormate}`;\n        resultatContainer.style.display = 'block'; \/\/ Afficher le r\u00e9sultat\n    }\n\n    \/\/ Ajout des \u00e9couteurs d'\u00e9v\u00e9nements pour un calcul en temps r\u00e9el\n    inputSurface.addEventListener('input', calculerEtAfficherBudget);\n    radiosMateriau.forEach(radio => radio.addEventListener('change', calculerEtAfficherBudget));\n    radiosVitrage.forEach(radio => radio.addEventListener('change', calculerEtAfficherBudget));\n\n    \/\/ Lancer un premier calcul au chargement si une surface est d\u00e9j\u00e0 entr\u00e9e (rare, mais possible)\n    calculerEtAfficherBudget();\n\n});\n<\/script>\n<!-- FIN DU BLOC CALCULATEUR DE V\u00c9RANDA -->\n\n<h3 class=\"wp-block-heading\">L&rsquo;acier ou le fer forg\u00e9 : pour un design et une r\u00e9sistance \u00e0 toute \u00e9preuve<\/h3>\n\n<p>L&rsquo;acier s\u00e9duit par son esth\u00e9tique unique, souvent associ\u00e9e aux ateliers d&rsquo;artistes et au style industriel tr\u00e8s en vogue. D&rsquo;une <strong>robustesse incomparable<\/strong>, il autorise les designs les plus fins et les port\u00e9es les plus grandes, id\u00e9ales pour des projets de v\u00e9randas aux dimensions g\u00e9n\u00e9reuses avec un maximum de clair de vitrage. Son allure \u00e9l\u00e9gante et intemporelle, typique des jardins d&rsquo;hiver d&rsquo;antan, apporte un cachet exceptionnel. Son principal inconv\u00e9nient reste son co\u00fbt, g\u00e9n\u00e9ralement plus \u00e9lev\u00e9 que celui des autres mat\u00e9riaux, ainsi que la n\u00e9cessit\u00e9 d&rsquo;un traitement anticorrosion efficace pour garantir sa durabilit\u00e9.<\/p>\n\n<h2 class=\"wp-block-heading\">Comment arbitrer entre les diff\u00e9rents mat\u00e9riaux de v\u00e9randa ?<\/h2>\n\n<p>Le choix final d\u00e9pendra d&rsquo;un \u00e9quilibre judicieux entre vos priorit\u00e9s. Pour vous aider \u00e0 y voir plus clair, voici un tableau comparatif qui r\u00e9sume les caract\u00e9ristiques cl\u00e9s de chaque mat\u00e9riau.<\/p>\n\n<figure class=\"wp-block-table\"><table>\n<thead>\n<tr>\n<th>Crit\u00e8re<\/th>\n<th>Aluminium<\/th>\n<th>Bois<\/th>\n<th>PVC<\/th>\n<th>Acier \/ Fer forg\u00e9<\/th>\n<\/tr>\n<\/thead>\n<tbody>\n<tr>\n<td><strong>Budget \ud83d\udcb0<\/strong><\/td>\n<td>Moyen \u00e0 \u00e9lev\u00e9<\/td>\n<td>Moyen \u00e0 tr\u00e8s \u00e9lev\u00e9<\/td>\n<td>\u00c9conomique<\/td>\n<td>\u00c9lev\u00e9<\/td>\n<\/tr>\n<tr>\n<td><strong>Design \ud83c\udfa8<\/strong><\/td>\n<td>Moderne, fin, large choix de couleurs<\/td>\n<td>Authentique, chaleureux, traditionnel<\/td>\n<td>Classique, choix de couleurs vari\u00e9<\/td>\n<td>Industriel, \u00ab\u00a0atelier d&rsquo;artiste\u00a0\u00bb, fin<\/td>\n<\/tr>\n<tr>\n<td><strong>Entretien \ud83e\uddfc<\/strong><\/td>\n<td>Tr\u00e8s faible<\/td>\n<td>R\u00e9gulier (lasure, peinture)<\/td>\n<td>Tr\u00e8s faible<\/td>\n<td>N\u00e9cessite un traitement anti-corrosion<\/td>\n<\/tr>\n<tr>\n<td><strong>Isolation \ud83d\udd25<\/strong><\/td>\n<td>Bonne (avec rupture de pont thermique)<\/td>\n<td>Excellente<\/td>\n<td>Bonne<\/td>\n<td>Faible (rupture de pont thermique indispensable)<\/td>\n<\/tr>\n<tr>\n<td><strong>R\u00e9sistance \ud83d\udcaa<\/strong><\/td>\n<td>Excellente<\/td>\n<td>Bonne \u00e0 tr\u00e8s bonne (selon essence)<\/td>\n<td>Moyenne<\/td>\n<td>Exceptionnelle<\/td>\n<\/tr>\n<\/tbody>\n<\/table><\/figure>\n\n<p>Le <a href=\"https:\/\/pro-veranda.fr\/actu\/veranda-guide-complet-pour-bien-choisir-sa-structure\/\">choix de la structure<\/a> est donc un arbitrage entre esth\u00e9tique personnelle, contraintes budg\u00e9taires et niveau d&rsquo;implication souhait\u00e9 dans l&rsquo;entretien.<\/p>\n\n<h2 class=\"wp-block-heading\">Au-del\u00e0 de la structure : les autres cl\u00e9s d&rsquo;une v\u00e9randa r\u00e9ussie<\/h2>\n\n<p>Si le choix des mat\u00e9riaux de la structure est primordial, d&rsquo;autres \u00e9l\u00e9ments sont tout aussi cruciaux pour garantir le confort et la p\u00e9rennit\u00e9 de votre installation. Une attention particuli\u00e8re doit \u00eatre port\u00e9e au vitrage. Un <strong>double vitrage \u00e0 isolation renforc\u00e9e (VIR)<\/strong> est aujourd&rsquo;hui un standard minimum, mais opter pour un triple vitrage peut s&rsquo;av\u00e9rer un excellent investissement pour <a href=\"https:\/\/pro-veranda.fr\/actu\/veranda-guide-complet-pour-optimiser-lisolation-thermique\/\">optimiser l&rsquo;isolation thermique<\/a> et acoustique. Pensez \u00e9galement \u00e0 l&rsquo;orientation : une exposition au sud est id\u00e9ale pour capter la chaleur en hiver, mais n\u00e9cessitera des protections solaires (stores, volets) pour \u00e9viter la surchauffe en \u00e9t\u00e9. Enfin, n&rsquo;oubliez pas les <a href=\"https:\/\/pro-veranda.fr\/actu\/veranda-quand-faut-il-un-permis-de-construire\/\">d\u00e9marches administratives n\u00e9cessaires<\/a>, car selon la surface, une d\u00e9claration de travaux ou un permis de construire sera exig\u00e9.<\/p>\n\n<figure class=\"is-provider-youtube is-type-video wp-block-embed wp-block-embed-youtube wp-embed-aspect-16-9 wp-has-aspect-ratio\"><div class=\"wp-block-embed__wrapper\">\n<iframe loading=\"lazy\" title=\"Quel silicone choisir pour vos projets de bricolage #veranda #menuiserie #renovation\" width=\"500\" height=\"281\" src=\"https:\/\/www.youtube.com\/embed\/P9Q_H10uOgU?feature=oembed\" frameborder=\"0\" allow=\"accelerometer; autoplay; clipboard-write; encrypted-media; gyroscope; picture-in-picture; web-share\" referrerpolicy=\"strict-origin-when-cross-origin\" allowfullscreen><\/iframe>\n<\/div><\/figure>\n\n<h2 class=\"wp-block-heading\">Zoom sur la v\u00e9randa bioclimatique : l&rsquo;alliance de l&rsquo;\u00e9cologie et du confort<\/h2>\n\n<p>La v\u00e9randa bioclimatique repr\u00e9sente l&rsquo;\u00e9volution intelligente de l&rsquo;extension vitr\u00e9e. Elle est con\u00e7ue pour tirer le meilleur parti de son environnement et des ressources naturelles. Son principe repose sur une conception optimis\u00e9e pour r\u00e9guler la temp\u00e9rature int\u00e9rieure, r\u00e9duisant ainsi les besoins en chauffage et en climatisation. L&rsquo;orientation au sud est privil\u00e9gi\u00e9e pour maximiser les apports solaires passifs en hiver. En \u00e9t\u00e9, des syst\u00e8mes de protection comme des brise-soleil orientables ou des stores ext\u00e9rieurs la prot\u00e8gent de la surchauffe. La ventilation naturelle est \u00e9galement un pilier de ce concept. Pour aller plus loin dans la performance, plusieurs syst\u00e8mes peuvent \u00eatre int\u00e9gr\u00e9s :<\/p>\n\n<ul class=\"wp-block-list\"><li>\u2600\ufe0f <strong>Puits canadien ou proven\u00e7al :<\/strong> Un syst\u00e8me g\u00e9othermique qui utilise l&rsquo;inertie du sol pour pr\u00e9chauffer l&rsquo;air en hiver et le rafra\u00eechir en \u00e9t\u00e9.<\/li><li>\ud83c\udf3f <strong>Mur v\u00e9g\u00e9talis\u00e9 :<\/strong> Int\u00e9gr\u00e9 \u00e0 la v\u00e9randa, il rafra\u00eechit l&rsquo;air par \u00e9vapotranspiration et am\u00e9liore la qualit\u00e9 de l&rsquo;air int\u00e9rieur.<\/li><li>\ud83d\udca8 <strong>Ventilation naturelle contr\u00f4l\u00e9e :<\/strong> Des ouvertures basses et hautes (fen\u00eatres de toit) cr\u00e9ent un tirage thermique qui \u00e9vacue l&rsquo;air chaud efficacement.<\/li><\/ul>\n\n<p>Une fois la construction achev\u00e9e, il ne vous restera plus qu&rsquo;\u00e0 penser \u00e0 <a href=\"https:\/\/pro-veranda.fr\/actu\/veranda-guide-complet-pour-lamenagement-et-la-decoration\/\">l&rsquo;am\u00e9nagement de votre nouvel espace<\/a> pour en faire un lieu de vie unique.<\/p>\n\n<script type=\"application\/ld+json\">\n{\"@context\":\"https:\/\/schema.org\",\"@type\":\"FAQPage\",\"mainEntity\":[{\"@type\":\"Question\",\"name\":\"Quel est le meilleur matu00e9riau pour l'isolation d'une vu00e9randa ?\",\"acceptedAnswer\":{\"@type\":\"Answer\",\"text\":\"Le bois est naturellement le matu00e9riau le plus isolant. Cependant, l'aluminium u00e0 rupture de pont thermique et le PVC multicamu00e9ral offrent aujourd'hui d'excellentes performances thermiques, qui, combinu00e9es u00e0 un vitrage performant (double ou triple), assurent un confort optimal en toute saison.\"}},{\"@type\":\"Question\",\"name\":\"Faut-il un permis de construire pour installer une vu00e9randa ?\",\"acceptedAnswer\":{\"@type\":\"Answer\",\"text\":\"Cela du00e9pend de la surface de votre projet. Pour une surface de plancher entre 5 mu00b2 et 20 mu00b2 (ou 40 mu00b2 en zone urbaine couverte par un PLU), une simple du00e9claration pru00e9alable de travaux suffit. Au-delu00e0, un permis de construire est obligatoire. Il est essentiel de se renseigner aupru00e8s du service d'urbanisme de votre mairie avant de commencer les travaux.\"}},{\"@type\":\"Question\",\"name\":\"Quelle est la duru00e9e de vie moyenne d'une vu00e9randa en aluminium ?\",\"acceptedAnswer\":{\"@type\":\"Answer\",\"text\":\"Une vu00e9randa en aluminium de bonne qualitu00e9, posu00e9e par un professionnel, a une duru00e9e de vie tru00e8s longue, souvent estimu00e9e u00e0 plus de 50 ans. L'aluminium ne rouille pas, ne se du00e9forme pas et ru00e9siste tru00e8s bien aux agressions climatiques, ce qui en fait un investissement extru00eamement durable avec un minimum d'entretien.\"}},{\"@type\":\"Question\",\"name\":\"Peut-on combiner plusieurs matu00e9riaux pour une vu00e9randa ?\",\"acceptedAnswer\":{\"@type\":\"Answer\",\"text\":\"Oui, absolument. Les vu00e9randas mixtes sont de plus en plus populaires. La solution la plus courante est l'alliance du bois et de l'aluminium. On utilise gu00e9nu00e9ralement l'aluminium pour la structure extu00e9rieure, pour sa ru00e9sistance et son absence d'entretien, et le bois pour l'intu00e9rieur, pour son aspect chaleureux et ses qualitu00e9s isolantes.\"}}]}\n<\/script>\n<h3>Quel est le meilleur mat\u00e9riau pour l&rsquo;isolation d&rsquo;une v\u00e9randa ?<\/h3>\n<p>Le bois est naturellement le mat\u00e9riau le plus isolant. Cependant, l&rsquo;aluminium \u00e0 rupture de pont thermique et le PVC multicam\u00e9ral offrent aujourd&rsquo;hui d&rsquo;excellentes performances thermiques, qui, combin\u00e9es \u00e0 un vitrage performant (double ou triple), assurent un confort optimal en toute saison.<\/p>\n<h3>Faut-il un permis de construire pour installer une v\u00e9randa ?<\/h3>\n<p>Cela d\u00e9pend de la surface de votre projet. Pour une surface de plancher entre 5 m\u00b2 et 20 m\u00b2 (ou 40 m\u00b2 en zone urbaine couverte par un PLU), une simple d\u00e9claration pr\u00e9alable de travaux suffit. Au-del\u00e0, un permis de construire est obligatoire. Il est essentiel de se renseigner aupr\u00e8s du service d&rsquo;urbanisme de votre mairie avant de commencer les travaux.<\/p>\n<h3>Quelle est la dur\u00e9e de vie moyenne d&rsquo;une v\u00e9randa en aluminium ?<\/h3>\n<p>Une v\u00e9randa en aluminium de bonne qualit\u00e9, pos\u00e9e par un professionnel, a une dur\u00e9e de vie tr\u00e8s longue, souvent estim\u00e9e \u00e0 plus de 50 ans. L&rsquo;aluminium ne rouille pas, ne se d\u00e9forme pas et r\u00e9siste tr\u00e8s bien aux agressions climatiques, ce qui en fait un investissement extr\u00eamement durable avec un minimum d&rsquo;entretien.<\/p>\n<h3>Peut-on combiner plusieurs mat\u00e9riaux pour une v\u00e9randa ?<\/h3>\n<p>Oui, absolument. Les v\u00e9randas mixtes sont de plus en plus populaires. La solution la plus courante est l&rsquo;alliance du bois et de l&rsquo;aluminium. On utilise g\u00e9n\u00e9ralement l&rsquo;aluminium pour la structure ext\u00e9rieure, pour sa r\u00e9sistance et son absence d&rsquo;entretien, et le bois pour l&rsquo;int\u00e9rieur, pour son aspect chaleureux et ses qualit\u00e9s isolantes.<\/p>\n\n","protected":false},"excerpt":{"rendered":"<p>Agrandir sa maison tout en profitant d\u2019un bain de lumi\u00e8re toute l\u2019ann\u00e9e est le r\u00eave de nombreux propri\u00e9taires. La v\u00e9randa [&hellip;]<\/p>\n","protected":false},"author":1,"featured_media":57,"comment_status":"open","ping_status":"open","sticky":false,"template":"","format":"standard","meta":{"site-sidebar-layout":"default","site-content-layout":"","ast-site-content-layout":"default","site-content-style":"default","site-sidebar-style":"default","ast-global-header-display":"","ast-banner-title-visibility":"","ast-main-header-display":"","ast-hfb-above-header-display":"","ast-hfb-below-header-display":"","ast-hfb-mobile-header-display":"","site-post-title":"","ast-breadcrumbs-content":"","ast-featured-img":"","footer-sml-layout":"","ast-disable-related-posts":"","theme-transparent-header-meta":"","adv-header-id-meta":"","stick-header-meta":"","header-above-stick-meta":"","header-main-stick-meta":"","header-below-stick-meta":"","astra-migrate-meta-layouts":"default","ast-page-background-enabled":"default","ast-page-background-meta":{"desktop":{"background-color":"var(--ast-global-color-5)","background-image":"","background-repeat":"repeat","background-position":"center center","background-size":"auto","background-attachment":"scroll","background-type":"","background-media":"","overlay-type":"","overlay-color":"","overlay-opacity":"","overlay-gradient":""},"tablet":{"background-color":"","background-image":"","background-repeat":"repeat","background-position":"center center","background-size":"auto","background-attachment":"scroll","background-type":"","background-media":"","overlay-type":"","overlay-color":"","overlay-opacity":"","overlay-gradient":""},"mobile":{"background-color":"","background-image":"","background-repeat":"repeat","background-position":"center center","background-size":"auto","background-attachment":"scroll","background-type":"","background-media":"","overlay-type":"","overlay-color":"","overlay-opacity":"","overlay-gradient":""}},"ast-content-background-meta":{"desktop":{"background-color":"var(--ast-global-color-4)","background-image":"","background-repeat":"repeat","background-position":"center center","background-size":"auto","background-attachment":"scroll","background-type":"","background-media":"","overlay-type":"","overlay-color":"","overlay-opacity":"","overlay-gradient":""},"tablet":{"background-color":"var(--ast-global-color-4)","background-image":"","background-repeat":"repeat","background-position":"center center","background-size":"auto","background-attachment":"scroll","background-type":"","background-media":"","overlay-type":"","overlay-color":"","overlay-opacity":"","overlay-gradient":""},"mobile":{"background-color":"var(--ast-global-color-4)","background-image":"","background-repeat":"repeat","background-position":"center center","background-size":"auto","background-attachment":"scroll","background-type":"","background-media":"","overlay-type":"","overlay-color":"","overlay-opacity":"","overlay-gradient":""}},"footnotes":""},"categories":[1],"tags":[],"class_list":["post-59","post","type-post","status-publish","format-standard","has-post-thumbnail","hentry","category-veranda"],"_links":{"self":[{"href":"https:\/\/pro-veranda.fr\/actu\/wp-json\/wp\/v2\/posts\/59","targetHints":{"allow":["GET"]}}],"collection":[{"href":"https:\/\/pro-veranda.fr\/actu\/wp-json\/wp\/v2\/posts"}],"about":[{"href":"https:\/\/pro-veranda.fr\/actu\/wp-json\/wp\/v2\/types\/post"}],"author":[{"embeddable":true,"href":"https:\/\/pro-veranda.fr\/actu\/wp-json\/wp\/v2\/users\/1"}],"replies":[{"embeddable":true,"href":"https:\/\/pro-veranda.fr\/actu\/wp-json\/wp\/v2\/comments?post=59"}],"version-history":[{"count":0,"href":"https:\/\/pro-veranda.fr\/actu\/wp-json\/wp\/v2\/posts\/59\/revisions"}],"wp:featuredmedia":[{"embeddable":true,"href":"https:\/\/pro-veranda.fr\/actu\/wp-json\/wp\/v2\/media\/57"}],"wp:attachment":[{"href":"https:\/\/pro-veranda.fr\/actu\/wp-json\/wp\/v2\/media?parent=59"}],"wp:term":[{"taxonomy":"category","embeddable":true,"href":"https:\/\/pro-veranda.fr\/actu\/wp-json\/wp\/v2\/categories?post=59"},{"taxonomy":"post_tag","embeddable":true,"href":"https:\/\/pro-veranda.fr\/actu\/wp-json\/wp\/v2\/tags?post=59"}],"curies":[{"name":"wp","href":"https:\/\/api.w.org\/{rel}","templated":true}]}}