{"id":41,"date":"2026-01-14T09:03:58","date_gmt":"2026-01-14T08:03:58","guid":{"rendered":"https:\/\/pro-veranda.fr\/actu\/veranda-guide-complet-pour-installer-une-extension-lumineuse\/"},"modified":"2026-01-14T09:03:58","modified_gmt":"2026-01-14T08:03:58","slug":"veranda-guide-complet-pour-installer-une-extension-lumineuse","status":"publish","type":"post","link":"https:\/\/pro-veranda.fr\/actu\/veranda-guide-complet-pour-installer-une-extension-lumineuse\/","title":{"rendered":"V\u00e9randa : guide complet pour installer une extension lumineuse"},"content":{"rendered":"<p>Une v\u00e9randa n&rsquo;est pas qu&rsquo;une simple pi\u00e8ce ajout\u00e9e ; c&rsquo;est une v\u00e9ritable transition entre votre int\u00e9rieur et votre jardin, un espace de vie baign\u00e9 de lumi\u00e8re. Pour r\u00e9ussir son installation, il est essentiel de penser \u00e0 la fois \u00e0 l&rsquo;apport en lumi\u00e8re naturelle et \u00e0 l&rsquo;\u00e9clairage artificiel qui prendra le relais le soir venu. Ce guide complet vous accompagne dans la cr\u00e9ation de votre extension lumineuse, des fondations jusqu&rsquo;aux finitions.<\/p>\n\n<h3 class=\"wp-block-heading\">En bref : les points cl\u00e9s pour une v\u00e9randa lumineuse r\u00e9ussie<\/h3>\n\n<ul class=\"wp-block-list\"><li>\u2600\ufe0f <strong>Maximiser la lumi\u00e8re naturelle :<\/strong> Une orientation sud et de larges baies vitr\u00e9es peuvent augmenter la luminosit\u00e9 de votre maison jusqu&rsquo;\u00e0 50%.<\/li><li>\ud83c\udfd7\ufe0f <strong>Choisir les bons mat\u00e9riaux :<\/strong> Une structure en aluminium offre une solution moderne et performante, garantissant une excellente isolation thermique et une grande durabilit\u00e9.<\/li><li>\ud83d\udca1 <strong>Planifier l&rsquo;\u00e9clairage artificiel :<\/strong> Anticipez l&rsquo;installation des spots, suspensions et \u00e9clairages d&rsquo;appoint d\u00e8s la conception pour un r\u00e9sultat fonctionnel et esth\u00e9tique.<\/li><li>\ud83d\udecb\ufe0f <strong>Adapter la lumi\u00e8re \u00e0 l&rsquo;usage :<\/strong> L&rsquo;\u00e9clairage ne sera pas le m\u00eame pour une cuisine, qui demande une lumi\u00e8re vive et directe, que pour un salon, qui privil\u00e9gie une ambiance douce et tamis\u00e9e.<\/li><li>\ud83d\udcdd <strong>Respecter la r\u00e9glementation :<\/strong> Selon la taille de votre extension, une d\u00e9claration de travaux ou un permis de construire peut \u00eatre n\u00e9cessaire. Renseignez-vous en amont pour \u00e9viter les mauvaises surprises.<\/li><\/ul>\n\n<h2 class=\"wp-block-heading\">La v\u00e9randa : la solution ultime pour une extension baign\u00e9e de lumi\u00e8re<\/h2>\n\n<p>L&rsquo;ajout d&rsquo;une extension est souvent synonyme de gain de place, mais beaucoup craignent une perte de clart\u00e9 dans les pi\u00e8ces existantes. La v\u00e9randa, gr\u00e2ce \u00e0 sa conception majoritairement vitr\u00e9e, renverse cette id\u00e9e re\u00e7ue. Elle agit comme un v\u00e9ritable capteur de lumi\u00e8re, diffusant l&rsquo;<strong>\u00e9clairage naturel<\/strong> au c\u0153ur de votre habitation.<\/p>\n\n<p>Une orientation plein sud est id\u00e9ale pour capter un maximum de rayons solaires tout au long de la journ\u00e9e, pouvant augmenter l&rsquo;apport lumineux de plus de 50% par rapport \u00e0 d&rsquo;autres expositions. Pour \u00e9viter la surchauffe estivale, il est judicieux d&rsquo;opter pour des vitrages \u00e0 contr\u00f4le solaire. Ces derniers filtrent la chaleur tout en laissant passer la lumi\u00e8re, assurant un confort optimal en toute saison. Votre nouvelle pi\u00e8ce de vie devient alors l&rsquo;endroit parfait pour un salon convivial ou une salle \u00e0 manger ouverte sur l&rsquo;ext\u00e9rieur.<\/p>\n\n<h3 class=\"wp-block-heading\">Structure et mat\u00e9riaux : les fondations de votre projet<\/h3>\n\n<p>La r\u00e9ussite d&rsquo;une <strong>extension lumineuse<\/strong> passe in\u00e9vitablement par le choix de sa structure. Aujourd&rsquo;hui, la <strong>structure en aluminium<\/strong> s&rsquo;impose comme une r\u00e9f\u00e9rence pour ses multiples qualit\u00e9s. Fine et \u00e9l\u00e9gante, elle maximise la surface vitr\u00e9e tout en offrant une robustesse \u00e0 toute \u00e9preuve. C&rsquo;est l&rsquo;un des <strong>mat\u00e9riaux durables<\/strong> par excellence, ne n\u00e9cessitant que tr\u00e8s peu d&rsquo;entretien.<\/p>\n\n<p>L&rsquo;<strong>isolation thermique<\/strong> est un autre pilier de votre projet. Une v\u00e9randa doit \u00eatre une pi\u00e8ce \u00e0 vivre toute l&rsquo;ann\u00e9e. Des profil\u00e9s en aluminium \u00e0 rupture de pont thermique, coupl\u00e9s \u00e0 un double ou triple vitrage performant, sont indispensables pour garantir une temp\u00e9rature agr\u00e9able hiver comme \u00e9t\u00e9. Ces choix techniques sont fondamentaux dans le cadre de <strong>travaux de r\u00e9novation<\/strong> \u00e9nerg\u00e9tique. Pour approfondir ce sujet, ce <a href=\"https:\/\/pro-veranda.fr\/actu\/veranda-guide-complet-pour-bien-choisir-sa-structure\/\">guide complet pour bien choisir sa structure de v\u00e9randa<\/a> vous sera d&rsquo;une grande aide.<\/p>\n\n<figure class=\"is-provider-youtube is-type-video wp-block-embed wp-block-embed-youtube wp-embed-aspect-16-9 wp-has-aspect-ratio\"><div class=\"wp-block-embed__wrapper\">\n<iframe loading=\"lazy\" title=\"\u274c STOP aux pr\u00e9jug\u00e9s sur la v\u00e9randa ! #ideesrecus #extension #v\u00e9randa\" width=\"500\" height=\"281\" src=\"https:\/\/www.youtube.com\/embed\/dtfd67ACzvQ?feature=oembed\" frameborder=\"0\" allow=\"accelerometer; autoplay; clipboard-write; encrypted-media; gyroscope; picture-in-picture; web-share\" referrerpolicy=\"strict-origin-when-cross-origin\" allowfullscreen><\/iframe>\n<\/div><\/figure>\n\n<h2 class=\"wp-block-heading\">Comment planifier l&rsquo;\u00e9clairage artificiel de votre v\u00e9randa ?<\/h2>\n\n<p>Lorsque le soleil se couche, un \u00e9clairage artificiel bien pens\u00e9 est crucial pour conserver l&rsquo;atmosph\u00e8re chaleureuse de votre v\u00e9randa. L&rsquo;id\u00e9al est de pr\u00e9voir son <strong>installation<\/strong> d\u00e8s la phase de conception pour int\u00e9grer harmonieusement les diff\u00e9rents points lumineux dans l&rsquo;architecture.<\/p>\n\n<p>L&rsquo;\u00e9clairage principal est souvent z\u00e9nithal. Les spots encastr\u00e9s dans les chevrons du plafond offrent une lumi\u00e8re uniforme et discr\u00e8te, parfaite pour un \u00e9clairage g\u00e9n\u00e9ral. Orientables, ils permettent de cibler des zones sp\u00e9cifiques. Les suspensions, quant \u00e0 elles, sont un excellent moyen d&rsquo;affirmer votre style d\u00e9coratif au-dessus d&rsquo;une table \u00e0 manger ou d&rsquo;un \u00eelot central.<\/p>\n\n<h3 class=\"wp-block-heading\">Comparatif des solutions d&rsquo;\u00e9clairage pour votre v\u00e9randa<\/h3>\n\n<p>Pour vous aider \u00e0 y voir plus clair, voici un tableau r\u00e9capitulatif des options les plus courantes pour votre <strong>am\u00e9nagement ext\u00e9rieur<\/strong> et int\u00e9rieur.<\/p>\n\n<figure class=\"wp-block-table\"><table>\n<thead>\n<tr>\n<th>Type de luminaire \ud83d\udca1<\/th>\n<th>Avantages \u2705<\/th>\n<th>Id\u00e9al pour&#8230; \ud83c\udfaf<\/th>\n<\/tr>\n<\/thead>\n<tbody>\n<tr>\n<td><strong>Spots encastrables<\/strong><\/td>\n<td>Discrets, modernes, lumi\u00e8re uniforme ou cibl\u00e9e.<\/td>\n<td>\u00c9clairage g\u00e9n\u00e9ral, mise en valeur de zones pr\u00e9cises (plan de travail, mur).<\/td>\n<\/tr>\n<tr>\n<td><strong>Suspensions \/ Lustres<\/strong><\/td>\n<td>Fort potentiel d\u00e9coratif, \u00e9clairage focalis\u00e9.<\/td>\n<td>Au-dessus d&rsquo;une table \u00e0 manger, d&rsquo;un \u00eelot central, ou comme pi\u00e8ce ma\u00eetresse.<\/td>\n<\/tr>\n<tr>\n<td><strong>Bandeaux LED<\/strong><\/td>\n<td>\u00c9clairage indirect, ambiance personnalisable, faible consommation.<\/td>\n<td>Souligner les lignes architecturales, cr\u00e9er une atmosph\u00e8re tamis\u00e9e.<\/td>\n<\/tr>\n<tr>\n<td><strong>Appliques murales<\/strong><\/td>\n<td>Lumi\u00e8re d&rsquo;ambiance, d\u00e9coratives.<\/td>\n<td>Compl\u00e9ter l&rsquo;\u00e9clairage principal, \u00e9clairer un coin lecture.<\/td>\n<\/tr>\n<tr>\n<td><strong>Lampadaires \/ Lampes \u00e0 poser<\/strong><\/td>\n<td>Flexibles, mobiles, ajoutent une touche d\u00e9co.<\/td>\n<td>\u00c9clairage d&rsquo;appoint, cr\u00e9er des zones intimes et chaleureuses.<\/td>\n<\/tr>\n<\/tbody>\n<\/table><\/figure>\n\n<h2 class=\"wp-block-heading\">Un \u00e9clairage adapt\u00e9 \u00e0 chaque fonction de votre nouvelle pi\u00e8ce<\/h2>\n\n<p>Vos besoins en lumi\u00e8re varient radicalement selon l&rsquo;usage que vous ferez de votre v\u00e9randa. Une bonne conception d&rsquo;\u00e9clairage doit anticiper ces diff\u00e9rents sc\u00e9narios pour offrir une modularit\u00e9 parfaite.<\/p>\n\nVoici un calculateur d&rsquo;\u00e9clairage pour v\u00e9randa, pr\u00eat \u00e0 \u00eatre int\u00e9gr\u00e9. Il est con\u00e7u avec Tailwind CSS pour un design moderne et est enti\u00e8rement autonome.\n\n\u00ab\u00a0`html\n<!-- D\u00c9BUT DU BLOC CALCULATEUR DE LUMENS POUR V\u00c9RANDA -->\n<!-- Ce bloc est autonome. Copiez-collez l'ensemble dans votre page. -->\n<!-- Il utilise Tailwind CSS via un CDN pour le style. -->\n<script src=\"https:\/\/cdn.tailwindcss.com\"><\/script>\n\n<div class=\"max-w-2xl mx-auto my-10 p-6 sm:p-8 bg-slate-50 rounded-2xl shadow-lg border border-slate-200 font-sans\">\n    \n    <!-- Titre et description -->\n    <div class=\"text-center mb-8\">\n        <h2 class=\"text-3xl font-bold text-slate-800\">Estimez l&rsquo;\u00c9clairage Id\u00e9al pour Votre V\u00e9randa<\/h2>\n        <p class=\"mt-2 text-slate-600\">\n            Calculez la puissance d&rsquo;\u00e9clairage n\u00e9cessaire. Entrez la surface en m\u00b2, choisissez le type de pi\u00e8ce, et obtenez une recommandation en lumens pour un confort optimal.\n        <\/p>\n    <\/div>\n\n    <!-- Formulaire de calcul -->\n    <div class=\"space-y-6\">\n        \n        <!-- Champ 1: Surface en m\u00b2 -->\n        <div>\n            <label for=\"verandaSurface\" class=\"block text-sm font-medium text-slate-700 mb-2\">\n                Surface de la v\u00e9randa (en m\u00b2)\n            <\/label>\n            <div class=\"relative\">\n                <input \n                    type=\"number\" \n                    id=\"verandaSurface\" \n                    name=\"surface\" \n                    class=\"w-full pl-4 pr-12 py-3 border border-slate-300 rounded-lg shadow-sm focus:outline-none focus:ring-2 focus:ring-sky-500 focus:border-sky-500 transition\"\n                    placeholder=\"Ex: 25\"\n                    min=\"1\"\n                    aria-label=\"Surface de la v\u00e9randa en m\u00e8tres carr\u00e9s\"\n                >\n                <span class=\"absolute inset-y-0 right-0 flex items-center pr-4 text-slate-500\">m\u00b2<\/span>\n            <\/div>\n        <\/div>\n\n        <!-- Champ 2: Type d'utilisation -->\n        <div>\n            <label for=\"verandaType\" class=\"block text-sm font-medium text-slate-700 mb-2\">\n                Utilisation principale de la pi\u00e8ce\n            <\/label>\n            <select \n                id=\"verandaType\" \n                name=\"type\"\n                class=\"w-full p-3 border border-slate-300 rounded-lg shadow-sm focus:outline-none focus:ring-2 focus:ring-sky-500 focus:border-sky-500 transition appearance-none bg-white bg-no-repeat bg-right-3\"\n                style=\"background-image: url('data:image\/svg+xml;charset=US-ASCII,%3Csvg%20xmlns%3D%22http%3A%2F%2Fwww.w3.org%2F2000%2Fsvg%22%20width%3D%2220%22%20height%3D%2220%22%20fill%3D%22none%22%20viewBox%3D%220%200%2020%2020%22%3E%3Cpath%20stroke%3D%22%236b7280%22%20stroke-linecap%3D%22round%22%20stroke-linejoin%3D%22round%22%20stroke-width%3D%221.5%22%20d%3D%22M6%208l4%204%204-4%22%2F%3E%3C%2Fsvg%3E');\"\n                aria-label=\"Type d'utilisation de la v\u00e9randa\"\n            >\n                <option value=\"\" disabled selected>&#8212; Choisissez une option &#8212;<\/option>\n                <option value=\"salon\">Salon \/ D\u00e9tente<\/option>\n                <option value=\"cuisine\">Cuisine \/ Salle \u00e0 manger<\/option>\n                <option value=\"bureau\">Bureau \/ Espace de travail<\/option>\n            <\/select>\n        <\/div>\n    <\/div>\n    \n    <!-- Section R\u00e9sultat (initialement masqu\u00e9e) -->\n    <div id=\"resultatCalcul\" class=\"mt-8 p-6 bg-sky-100\/50 border border-sky-200 rounded-lg text-center transition-all duration-300 opacity-0 transform -translate-y-2\">\n        <p class=\"text-lg font-medium text-sky-800\">Recommandation d&rsquo;\u00e9clairage :<\/p>\n        <p class=\"text-5xl font-extrabold text-sky-600 my-2\">\n            <span id=\"resultatLumens\">0<\/span> lumens\n        <\/p>\n        <p id=\"resultatTexte\" class=\"text-sm text-sky-700\">\n            Ceci est une estimation pour un \u00e9clairage principal confortable.\n        <\/p>\n    <\/div>\n\n<\/div>\n\n<script>\n    \/\/ --- LOGIQUE DU CALCULATEUR D'\u00c9CLAIRAGE ---\n\n    \/\/ <strong>NOTE SUR LES DONN\u00c9ES EXTERNES (API)<\/strong>\n    \/\/ Pour ce calculateur, une API externe n'est pas n\u00e9cessaire.\n    \/\/ La logique repose sur des standards d'\u00e9clairage (lux par type de pi\u00e8ce).\n    \/\/ Int\u00e9grer ces donn\u00e9es directement dans le JS est plus performant et fiable\n    \/\/ qu'un appel r\u00e9seau.\n    \/\/\n    \/\/ Si ces donn\u00e9es venaient d'une API, l'URL pourrait \u00eatre :\n    \/\/ URL API (fictive) : https:\/\/api.eclairage.fr\/v1\/recommendations\n    \/\/\n    \/\/ Exemple de r\u00e9ponse JSON de cette API fictive :\n    \/\/ {\n    \/\/   \"types\": [\n    \/\/     { \"id\": \"salon\", \"nom\": \"Salon \/ D\u00e9tente\", \"lux\": 150 },\n    \/\/     { \"id\": \"cuisine\", \"nom\": \"Cuisine \/ Salle \u00e0 manger\", \"lux\": 300 },\n    \/\/     { \"id\": \"bureau\", \"nom\": \"Bureau \/ Espace de travail\", \"lux\": 500 }\n    \/\/   ]\n    \/\/ }\n\n    \/\/ Objet contenant les valeurs de lux recommand\u00e9es par type d'utilisation.\n    \/\/ Un \"lux\" est l'unit\u00e9 de mesure de l'\u00e9clairement lumineux (1 lux = 1 lumen par m\u00b2).\n    const RECOMMANDATIONS_LUX = {\n        'salon': 150,   \/\/ \u00c9clairage d'ambiance, doux et relaxant.\n        'cuisine': 300, \/\/ \u00c9clairage fonctionnel pour la pr\u00e9paration et les repas.\n        'bureau': 500   \/\/ \u00c9clairage vif pour la concentration et \u00e9viter la fatigue oculaire.\n    };\n\n    \/\/ S\u00e9lection des \u00e9l\u00e9ments du DOM\n    const inputSurface = document.getElementById('verandaSurface');\n    const selectType = document.getElementById('verandaType');\n    const resultatDiv = document.getElementById('resultatCalcul');\n    const resultatSpan = document.getElementById('resultatLumens');\n    const resultatTexte = document.getElementById('resultatTexte');\n\n    \/**\n     * Fonction principale pour calculer et afficher le r\u00e9sultat.\n     * Elle est appel\u00e9e \u00e0 chaque modification des champs.\n     *\/\n    function calculerEtAfficher() {\n        \/\/ 1. R\u00e9cup\u00e9rer les valeurs des champs\n        const surface = parseFloat(inputSurface.value);\n        const type = selectType.value;\n\n        \/\/ 2. Valider les entr\u00e9es\n        \/\/ Si la surface n'est pas un nombre valide (> 0) ou si aucun type n'est choisi,\n        \/\/ on cache le r\u00e9sultat et on arr\u00eate la fonction.\n        if (isNaN(surface) || surface <= 0 || !type) {\n            resultatDiv.style.opacity = '0';\n            resultatDiv.style.transform = 'translateY(-0.5rem)';\n            return;\n        }\n\n        \/\/ 3. Calculer les lumens\n        \/\/ Formule : Lumens = Surface (m\u00b2) * Lux recommand\u00e9s\n        const luxRecommandes = RECOMMANDATIONS_LUX[type];\n        const lumensCalcules = Math.round(surface * luxRecommandes);\n\n        \/\/ 4. Mettre \u00e0 jour et afficher le r\u00e9sultat\n        \/\/ .toLocaleString('fr-FR') formate le nombre avec un s\u00e9parateur de milliers (ex: 7 500)\n        resultatSpan.textContent = lumensCalcules.toLocaleString('fr-FR');\n        \n        \/\/ Personnaliser le texte de conclusion\n        const nomPiece = selectType.options[selectType.selectedIndex].text;\n        resultatTexte.textContent = `Pour une utilisation comme \"${nomPiece}\", cette puissance assure un excellent confort visuel.`;\n\n        \/\/ Afficher le bloc r\u00e9sultat avec une animation douce\n        resultatDiv.style.opacity = '1';\n        resultatDiv.style.transform = 'translateY(0)';\n    }\n\n    \/\/ Ajout des \u00e9couteurs d'\u00e9v\u00e9nements\n    \/\/ On \u00e9coute l'\u00e9v\u00e9nement 'input' qui se d\u00e9clenche \u00e0 chaque modification.\n    \/\/ Cela permet une mise \u00e0 jour en temps r\u00e9el sans bouton \"Calculer\".\n    inputSurface.addEventListener('input', calculerEtAfficher);\n    selectType.addEventListener('input', calculerEtAfficher);\n\n<\/script>\n<!-- FIN DU BLOC CALCULATEUR -->\n\n<h3 class=\"wp-block-heading\">Zones fonctionnelles : la lumi\u00e8re au service de la praticit\u00e9<\/h3>\n\n<p>Dans une cuisine ou un bureau, un \u00e9clairage puissant et homog\u00e8ne est indispensable. Pour une v\u00e9randa-cuisine, des spots orientables au-dessus du plan de travail et de l'\u00e9vier sont essentiels pour la pr\u00e9paration des repas. Pour un espace bureau, privil\u00e9giez une lumi\u00e8re blanche et directe pour favoriser la concentration, comme une suspension r\u00e9glable au-dessus du plan de travail.<\/p>\n\n<h3 class=\"wp-block-heading\">Espaces de d\u00e9tente : la recherche d'une ambiance cosy<\/h3>\n\n<p>Pour un salon ou un coin lecture, l'objectif est de cr\u00e9er une atmosph\u00e8re relaxante. Un \u00e9clairage trop direct serait inconfortable. Il est donc recommand\u00e9 de multiplier les sources de lumi\u00e8re indirecte et d'ambiance. Lampadaires, appliques murales et lampes \u00e0 poser sont vos meilleurs alli\u00e9s. Pensez \u00e9galement \u00e0 installer des variateurs d'intensit\u00e9 pour moduler la luminosit\u00e9 au gr\u00e9 de vos envies.<\/p>\n\n<p>Voici quelques astuces pour une ambiance chaleureuse :<\/p>\n\n<ul class=\"wp-block-list\"><li>\ud83c\udf21\ufe0f Optez pour des ampoules \u00e0 lumi\u00e8re chaude (autour de 2700K) pour une atmosph\u00e8re conviviale.<\/li><li>\ud83c\udf9b\ufe0f Installez des variateurs pour ajuster l'intensit\u00e9 lumineuse selon le moment de la journ\u00e9e.<\/li><li>\ud83c\udfa8 Utilisez des abat-jours en tissu ou en papier pour diffuser et adoucir la lumi\u00e8re.<\/li><li>\u2728 Pensez aux guirlandes lumineuses pour une touche d\u00e9corative et cosy.<\/li><\/ul>\n\n<p>Pour plus d'id\u00e9es, consultez ce <a href=\"https:\/\/pro-veranda.fr\/actu\/veranda-guide-complet-pour-lamenagement-et-la-decoration\/\">guide sur l'am\u00e9nagement et la d\u00e9coration de v\u00e9randa<\/a>.<\/p>\n\n<figure class=\"is-provider-youtube is-type-video wp-block-embed wp-block-embed-youtube wp-embed-aspect-16-9 wp-has-aspect-ratio\"><div class=\"wp-block-embed__wrapper\">\n<iframe loading=\"lazy\" title=\"Glass Room Enclosure under Existing Roof #construction #glassroom #sunroom #patio\" width=\"500\" height=\"281\" src=\"https:\/\/www.youtube.com\/embed\/DoRxZlEfRWY?feature=oembed\" frameborder=\"0\" allow=\"accelerometer; autoplay; clipboard-write; encrypted-media; gyroscope; picture-in-picture; web-share\" referrerpolicy=\"strict-origin-when-cross-origin\" allowfullscreen><\/iframe>\n<\/div><\/figure>\n\n<h2 class=\"wp-block-heading\">R\u00e9glementation et d\u00e9marches administratives : ce qu'il faut savoir<\/h2>\n\n<p>Avant de lancer les <strong>travaux de r\u00e9novation<\/strong>, une \u00e9tape administrative est souvent incontournable. La nature des autorisations d\u00e9pend principalement de la surface de votre future v\u00e9randa. Pour un projet d'envergure, il est crucial de savoir <a href=\"https:\/\/pro-veranda.fr\/actu\/veranda-quand-faut-il-un-permis-de-construire\/\">quand un permis de construire est obligatoire<\/a>.<\/p>\n\n<p>La r\u00e9glementation distingue plusieurs seuils qui d\u00e9terminent si une simple d\u00e9claration pr\u00e9alable de travaux suffit ou si un permis de construire est requis. Pour vous y retrouver, il est utile de bien <a href=\"https:\/\/pro-veranda.fr\/actu\/la-regle-des-20-m%c2%b2-vs-40-m%c2%b2-tout-comprendre-sur-les-seuils-dextension\/\">comprendre les seuils d'extension de 20 m\u00b2 et 40 m\u00b2<\/a>. Une fois la d\u00e9marche identifi\u00e9e, vous devrez remplir les formulaires ad\u00e9quats, comme le <a href=\"https:\/\/pro-veranda.fr\/actu\/comment-remplir-le-formulaire-cerfa-pour-une-declaration-de-travaux-de-veranda\/\">formulaire Cerfa pour une d\u00e9claration de travaux<\/a>.<\/p>\n\n<script type=\"application\/ld+json\">\n{\"@context\":\"https:\/\/schema.org\",\"@type\":\"FAQPage\",\"mainEntity\":[{\"@type\":\"Question\",\"name\":\"Quelle est la meilleure orientation pour une vu00e9randa ?\",\"acceptedAnswer\":{\"@type\":\"Answer\",\"text\":\"L'orientation sud est idu00e9ale pour un apport maximal de lumiu00e8re et de chaleur en hiver. Cependant, elle nu00e9cessite des protections solaires (vitrage u00e0 contru00f4le solaire, stores, volets) pour u00e9viter la surchauffe en u00e9tu00e9. Une orientation est ou ouest offre un bon compromis.\"}},{\"@type\":\"Question\",\"name\":\"Faut-il un permis de construire pour une vu00e9randa ?\",\"acceptedAnswer\":{\"@type\":\"Answer\",\"text\":\"Cela du00e9pend de la surface. En gu00e9nu00e9ral, une du00e9claration pru00e9alable de travaux suffit pour une surface de plancher entre 5 mu00b2 et 20 mu00b2 (ou 40 mu00b2 en zone urbaine couverte par un PLU). Au-delu00e0, un permis de construire est nu00e9cessaire. Il est impu00e9ratif de se renseigner aupru00e8s de sa mairie.\"}},{\"@type\":\"Question\",\"name\":\"Comment u00e9viter l'effet de serre dans une vu00e9randa en u00e9tu00e9 ?\",\"acceptedAnswer\":{\"@type\":\"Answer\",\"text\":\"Pour lutter contre la surchauffe, plusieurs solutions existent : optez pour un vitrage u00e0 contru00f4le solaire, assurez une bonne ventilation (ouvertures en toiture, VMC), et installez des protections extu00e9rieures comme des stores ou des volets roulants, qui sont plus efficaces que les protections intu00e9rieures.\"}},{\"@type\":\"Question\",\"name\":\"Quel matu00e9riau privilu00e9gier pour une vu00e9randa moderne et facile d'entretien ?\",\"acceptedAnswer\":{\"@type\":\"Answer\",\"text\":\"L'aluminium est le matu00e9riau de choix pour une vu00e9randa contemporaine. Il est lu00e9ger, tru00e8s ru00e9sistant, ne rouille pas et demande tru00e8s peu d'entretien. Ses profilu00e9s fins permettent de maximiser la surface vitru00e9e pour un design u00e9puru00e9 et une luminositu00e9 optimale.\"}}]}\n<\/script>\n<h3>Quelle est la meilleure orientation pour une v\u00e9randa ?<\/h3>\n<p>L'orientation sud est id\u00e9ale pour un apport maximal de lumi\u00e8re et de chaleur en hiver. Cependant, elle n\u00e9cessite des protections solaires (vitrage \u00e0 contr\u00f4le solaire, stores, volets) pour \u00e9viter la surchauffe en \u00e9t\u00e9. Une orientation est ou ouest offre un bon compromis.<\/p>\n<h3>Faut-il un permis de construire pour une v\u00e9randa ?<\/h3>\n<p>Cela d\u00e9pend de la surface. En g\u00e9n\u00e9ral, une d\u00e9claration pr\u00e9alable de travaux suffit pour une surface de plancher entre 5 m\u00b2 et 20 m\u00b2 (ou 40 m\u00b2 en zone urbaine couverte par un PLU). Au-del\u00e0, un permis de construire est n\u00e9cessaire. Il est imp\u00e9ratif de se renseigner aupr\u00e8s de sa mairie.<\/p>\n<h3>Comment \u00e9viter l'effet de serre dans une v\u00e9randa en \u00e9t\u00e9 ?<\/h3>\n<p>Pour lutter contre la surchauffe, plusieurs solutions existent : optez pour un vitrage \u00e0 contr\u00f4le solaire, assurez une bonne ventilation (ouvertures en toiture, VMC), et installez des protections ext\u00e9rieures comme des stores ou des volets roulants, qui sont plus efficaces que les protections int\u00e9rieures.<\/p>\n<h3>Quel mat\u00e9riau privil\u00e9gier pour une v\u00e9randa moderne et facile d'entretien ?<\/h3>\n<p>L'aluminium est le mat\u00e9riau de choix pour une v\u00e9randa contemporaine. Il est l\u00e9ger, tr\u00e8s r\u00e9sistant, ne rouille pas et demande tr\u00e8s peu d'entretien. Ses profil\u00e9s fins permettent de maximiser la surface vitr\u00e9e pour un design \u00e9pur\u00e9 et une luminosit\u00e9 optimale.<\/p>\n\n","protected":false},"excerpt":{"rendered":"<p>Une v\u00e9randa n&rsquo;est pas qu&rsquo;une simple pi\u00e8ce ajout\u00e9e ; c&rsquo;est une v\u00e9ritable transition entre votre int\u00e9rieur et votre jardin, un [&hellip;]<\/p>\n","protected":false},"author":1,"featured_media":39,"comment_status":"open","ping_status":"open","sticky":false,"template":"","format":"standard","meta":{"site-sidebar-layout":"default","site-content-layout":"","ast-site-content-layout":"default","site-content-style":"default","site-sidebar-style":"default","ast-global-header-display":"","ast-banner-title-visibility":"","ast-main-header-display":"","ast-hfb-above-header-display":"","ast-hfb-below-header-display":"","ast-hfb-mobile-header-display":"","site-post-title":"","ast-breadcrumbs-content":"","ast-featured-img":"","footer-sml-layout":"","ast-disable-related-posts":"","theme-transparent-header-meta":"","adv-header-id-meta":"","stick-header-meta":"","header-above-stick-meta":"","header-main-stick-meta":"","header-below-stick-meta":"","astra-migrate-meta-layouts":"default","ast-page-background-enabled":"default","ast-page-background-meta":{"desktop":{"background-color":"var(--ast-global-color-5)","background-image":"","background-repeat":"repeat","background-position":"center center","background-size":"auto","background-attachment":"scroll","background-type":"","background-media":"","overlay-type":"","overlay-color":"","overlay-opacity":"","overlay-gradient":""},"tablet":{"background-color":"","background-image":"","background-repeat":"repeat","background-position":"center center","background-size":"auto","background-attachment":"scroll","background-type":"","background-media":"","overlay-type":"","overlay-color":"","overlay-opacity":"","overlay-gradient":""},"mobile":{"background-color":"","background-image":"","background-repeat":"repeat","background-position":"center center","background-size":"auto","background-attachment":"scroll","background-type":"","background-media":"","overlay-type":"","overlay-color":"","overlay-opacity":"","overlay-gradient":""}},"ast-content-background-meta":{"desktop":{"background-color":"var(--ast-global-color-4)","background-image":"","background-repeat":"repeat","background-position":"center center","background-size":"auto","background-attachment":"scroll","background-type":"","background-media":"","overlay-type":"","overlay-color":"","overlay-opacity":"","overlay-gradient":""},"tablet":{"background-color":"var(--ast-global-color-4)","background-image":"","background-repeat":"repeat","background-position":"center center","background-size":"auto","background-attachment":"scroll","background-type":"","background-media":"","overlay-type":"","overlay-color":"","overlay-opacity":"","overlay-gradient":""},"mobile":{"background-color":"var(--ast-global-color-4)","background-image":"","background-repeat":"repeat","background-position":"center center","background-size":"auto","background-attachment":"scroll","background-type":"","background-media":"","overlay-type":"","overlay-color":"","overlay-opacity":"","overlay-gradient":""}},"footnotes":""},"categories":[1],"tags":[],"class_list":["post-41","post","type-post","status-publish","format-standard","has-post-thumbnail","hentry","category-veranda"],"_links":{"self":[{"href":"https:\/\/pro-veranda.fr\/actu\/wp-json\/wp\/v2\/posts\/41","targetHints":{"allow":["GET"]}}],"collection":[{"href":"https:\/\/pro-veranda.fr\/actu\/wp-json\/wp\/v2\/posts"}],"about":[{"href":"https:\/\/pro-veranda.fr\/actu\/wp-json\/wp\/v2\/types\/post"}],"author":[{"embeddable":true,"href":"https:\/\/pro-veranda.fr\/actu\/wp-json\/wp\/v2\/users\/1"}],"replies":[{"embeddable":true,"href":"https:\/\/pro-veranda.fr\/actu\/wp-json\/wp\/v2\/comments?post=41"}],"version-history":[{"count":0,"href":"https:\/\/pro-veranda.fr\/actu\/wp-json\/wp\/v2\/posts\/41\/revisions"}],"wp:featuredmedia":[{"embeddable":true,"href":"https:\/\/pro-veranda.fr\/actu\/wp-json\/wp\/v2\/media\/39"}],"wp:attachment":[{"href":"https:\/\/pro-veranda.fr\/actu\/wp-json\/wp\/v2\/media?parent=41"}],"wp:term":[{"taxonomy":"category","embeddable":true,"href":"https:\/\/pro-veranda.fr\/actu\/wp-json\/wp\/v2\/categories?post=41"},{"taxonomy":"post_tag","embeddable":true,"href":"https:\/\/pro-veranda.fr\/actu\/wp-json\/wp\/v2\/tags?post=41"}],"curies":[{"name":"wp","href":"https:\/\/api.w.org\/{rel}","templated":true}]}}