{"id":38,"date":"2026-01-13T08:02:00","date_gmt":"2026-01-13T07:02:00","guid":{"rendered":"https:\/\/pro-veranda.fr\/actu\/comment-remplir-le-formulaire-cerfa-pour-une-declaration-de-travaux-de-veranda\/"},"modified":"2026-01-13T08:02:00","modified_gmt":"2026-01-13T07:02:00","slug":"comment-remplir-le-formulaire-cerfa-pour-une-declaration-de-travaux-de-veranda","status":"publish","type":"post","link":"https:\/\/pro-veranda.fr\/actu\/comment-remplir-le-formulaire-cerfa-pour-une-declaration-de-travaux-de-veranda\/","title":{"rendered":"Comment remplir le formulaire Cerfa pour une d\u00e9claration de travaux de v\u00e9randa ?"},"content":{"rendered":"<p>Ajouter une v\u00e9randa est un projet formidable pour gagner en espace et en lumi\u00e8re. Cependant, la r\u00e9ussite de ces travaux ne se limite pas \u00e0 la construction. Un dossier administratif bien mont\u00e9 est la cl\u00e9 pour \u00e9viter retards et sanctions. Du choix du bon formulaire Cerfa \u00e0 la d\u00e9claration aux imp\u00f4ts, chaque \u00e9tape compte. Ce guide d\u00e9taill\u00e9 vous accompagne pour naviguer sereinement dans les m\u00e9andres de l&rsquo;urbanisme et de la fiscalit\u00e9.<\/p>\n\n<p><strong>En bref, les points cl\u00e9s \u00e0 retenir pour votre d\u00e9claration de v\u00e9randa :<\/strong><\/p>\n\n<ul class=\"wp-block-list\"><li>\u2705 <strong>Identifier la bonne autorisation :<\/strong> Selon la surface de votre v\u00e9randa, vous aurez besoin soit d&rsquo;une d\u00e9claration pr\u00e9alable de travaux (g\u00e9n\u00e9ralement entre 5 et 20 m\u00b2), soit d&rsquo;un permis de construire (au-del\u00e0 de 20 m\u00b2 ou si la surface totale de la maison d\u00e9passe 150 m\u00b2).<\/li><li>\ud83d\udcdd <strong>Remplir le bon formulaire Cerfa :<\/strong> La d\u00e9claration pr\u00e9alable correspond au Cerfa n\u00b013703, tandis que le permis de construire n\u00e9cessite le Cerfa n\u00b013406. La pr\u00e9cision est de mise pour \u00e9viter un refus de la mairie.<\/li><li>\ud83d\udcc2 <strong>Constituer un dossier complet :<\/strong> Plans, photos, description&#8230; Un dossier administratif solide est indispensable pour obtenir l&rsquo;autorisation de la mairie dans les d\u00e9lais impartis.<\/li><li>\u23f0 <strong>D\u00e9clarer aux imp\u00f4ts apr\u00e8s les travaux :<\/strong> Une fois la construction achev\u00e9e, vous disposez de 90 jours pour remplir le formulaire 6704 IL et le soumettre au centre des imp\u00f4ts fonciers. Cette \u00e9tape est cruciale pour le calcul de vos imp\u00f4ts locaux et pour b\u00e9n\u00e9ficier d&rsquo;\u00e9ventuelles exon\u00e9rations.<\/li><li>\ud83d\udcb0 <strong>Anticiper les taxes :<\/strong> La construction d&rsquo;une v\u00e9randa impacte la taxe fonci\u00e8re et d\u00e9clenche le paiement de la taxe d&rsquo;am\u00e9nagement. Ne pas d\u00e9clarer vous expose \u00e0 de lourdes amendes et \u00e0 un redressement fiscal.<\/li><\/ul>\n\n<h2 class=\"wp-block-heading\">Comprendre le formulaire Cerfa pour une d\u00e9claration de travaux de v\u00e9randa<\/h2>\n\n<p>Avant m\u00eame le premier coup de pelle, la partie administrative de votre projet de v\u00e9randa doit \u00eatre parfaitement ma\u00eetris\u00e9e. Le <strong>formulaire Cerfa<\/strong> est le document officiel qui formalise votre demande aupr\u00e8s du service d&rsquo;urbanisme de votre <strong>mairie<\/strong>. Le choix du bon formulaire est la premi\u00e8re \u00e9tape d\u00e9cisive pour obtenir votre <strong>autorisation<\/strong> de <strong>construction<\/strong>.<\/p>\n\n<p>Pour la plupart des projets de v\u00e9randa, deux cas de figure se pr\u00e9sentent. Si votre extension a une emprise au sol comprise entre 5 m\u00b2 et 20 m\u00b2, une <strong>d\u00e9claration de travaux<\/strong> pr\u00e9alable suffit. Vous devrez alors remplir le <strong>formulaire Cerfa n\u00b013703<\/strong>. Ce seuil peut \u00eatre \u00e9tendu \u00e0 40 m\u00b2 si votre commune est couverte par un Plan Local d\u2019Urbanisme (PLU), \u00e0 condition que la surface totale de votre habitation ne d\u00e9passe pas 150 m\u00b2 apr\u00e8s travaux.<\/p>\n\n<h3 class=\"wp-block-heading\">Remplir la d\u00e9claration pr\u00e9alable de travaux : focus sur le Cerfa 13703<\/h3>\n\n<p>Le formulaire de d\u00e9claration pr\u00e9alable peut sembler intimidant, mais avec une approche m\u00e9thodique, il est tout \u00e0 fait accessible. Il se compose de plusieurs sections qu&rsquo;il faut renseigner avec soin pour constituer un <strong>dossier administratif<\/strong> inattaquable.<\/p>\n\n<p>Voici les \u00e9tapes essentielles pour le compl\u00e9ter :<\/p>\n\n<ol class=\"wp-block-list\"><li><strong>Identification du demandeur :<\/strong> Renseignez vos coordonn\u00e9es compl\u00e8tes. Si vous \u00eates plusieurs propri\u00e9taires, chacun doit \u00eatre mentionn\u00e9.<\/li><li><strong>Coordonn\u00e9es du terrain :<\/strong> Indiquez pr\u00e9cis\u00e9ment l&rsquo;adresse et les r\u00e9f\u00e9rences cadastrales de votre propri\u00e9t\u00e9. Vous pouvez les trouver sur votre acte de propri\u00e9t\u00e9 ou sur le site du cadastre.<\/li><li><strong>Le projet de v\u00e9randa :<\/strong> C&rsquo;est la partie la plus technique. Vous devez d\u00e9crire la nature des <strong>travaux<\/strong>, les mat\u00e9riaux utilis\u00e9s, les dimensions exactes (hauteur, surface de plancher, emprise au sol) et l&rsquo;aspect ext\u00e9rieur de la future <strong>v\u00e9randa<\/strong>. Soyez le plus pr\u00e9cis possible. Un descriptif flou est une cause fr\u00e9quente de demande de pi\u00e8ces compl\u00e9mentaires, ce qui allonge les d\u00e9lais.<\/li><li><strong>Pi\u00e8ces \u00e0 joindre :<\/strong> Le formulaire liste tous les documents \u00e0 fournir. Un oubli peut bloquer l&rsquo;instruction de votre dossier. Pr\u00e9parez minutieusement chaque plan (situation, masse, coupe, fa\u00e7ades).<\/li><\/ol>\n\n<p>Depuis le 1er janvier 2022, de nombreuses communes de plus de 3 500 habitants permettent de d\u00e9poser ce dossier en ligne, simplifiant consid\u00e9rablement la d\u00e9marche.<\/p>\n\n<h2 class=\"wp-block-heading\">Permis de construire : quand est-il obligatoire pour une v\u00e9randa ?<\/h2>\n\n<p>Si votre projet d&rsquo;extension est plus ambitieux, le <strong>permis de construire<\/strong> devient n\u00e9cessaire. Cette autorisation d&rsquo;<strong>urbanisme<\/strong> est requise dans des cas bien d\u00e9finis, qui d\u00e9pendent principalement de la surface cr\u00e9\u00e9e. Il est donc fondamental de bien calculer l&#8217;emprise au sol de votre future installation.<\/p>\n\n<p>Le recours \u00e0 un permis de construire est obligatoire lorsque :<\/p>\n\n<ul class=\"wp-block-list\"><li>La surface de plancher ou l&#8217;emprise au sol de votre v\u00e9randa <strong>d\u00e9passe 20 m\u00b2<\/strong> (ou 40 m\u00b2 en zone urbaine d&rsquo;une commune dot\u00e9e d&rsquo;un PLU).<\/li><li>Apr\u00e8s les <strong>travaux<\/strong>, la surface totale de votre habitation (maison + v\u00e9randa) <strong>exc\u00e8de 150 m\u00b2<\/strong>. Dans ce cas, l&rsquo;intervention d&rsquo;un architecte est \u00e9galement impos\u00e9e par la loi pour concevoir le projet et signer les plans.<\/li><\/ul>\n\n<p>Le dossier de permis de construire est plus exigeant que celui de la d\u00e9claration pr\u00e9alable et le d\u00e9lai d&rsquo;instruction par la <strong>mairie<\/strong> est plus long (g\u00e9n\u00e9ralement deux mois). Pour en savoir plus sur les cas sp\u00e9cifiques, vous pouvez consulter des <a href=\"https:\/\/pro-veranda.fr\/actu\/veranda-quand-faut-il-un-permis-de-construire\/\">guides d\u00e9taill\u00e9s sur la n\u00e9cessit\u00e9 d&rsquo;un permis de construire<\/a>.<\/p>\n\n<h3 class=\"wp-block-heading\">Les pi\u00e8ces ma\u00eetresses de votre dossier administratif<\/h3>\n\n<p>Qu&rsquo;il s&rsquo;agisse d&rsquo;une d\u00e9claration pr\u00e9alable ou d&rsquo;un permis de construire, la qualit\u00e9 de votre dossier est primordiale. Un dossier incomplet ou impr\u00e9cis est la garantie d&rsquo;un aller-retour avec les services d&rsquo;urbanisme. Assurez-vous d&rsquo;inclure les \u00e9l\u00e9ments suivants :<\/p>\n\n<ul class=\"wp-block-list\"><li><strong>Le plan de situation (PCMI1) :<\/strong> Pour localiser votre terrain sur la commune.<\/li><li><strong>Le plan de masse (PCMI2) :<\/strong> Une vue de dessus de votre terrain montrant la construction existante, la future v\u00e9randa, les cl\u00f4tures, les arbres et les raccordements aux r\u00e9seaux.<\/li><li><strong>Le plan de coupe (PCMI3) :<\/strong> Il montre le profil du terrain avant et apr\u00e8s les travaux, ainsi que l&rsquo;implantation de la v\u00e9randa par rapport au terrain naturel.<\/li><li><strong>Le plan des fa\u00e7ades et des toitures (PCMI5) :<\/strong> Des dessins pr\u00e9cis de toutes les fa\u00e7ades de la maison, montrant l&rsquo;aspect avant et apr\u00e8s l&rsquo;ajout de la v\u00e9randa.<\/li><li><strong>Un document graphique (PCMI6) :<\/strong> Une simulation 3D ou un photomontage pour visualiser l&rsquo;int\u00e9gration de la v\u00e9randa dans son environnement.<\/li><li><strong>Des photographies (PCMI7 et PCMI8) :<\/strong> Pour situer le terrain dans son environnement proche et lointain.<\/li><\/ul>\n\n<p>Pour la conception de votre projet, il est essentiel de bien choisir les mat\u00e9riaux et le design. Des <a href=\"https:\/\/pro-veranda.fr\/actu\/veranda-guide-complet-pour-bien-choisir-sa-structure\/\">conseils pour s\u00e9lectionner la structure de votre v\u00e9randa<\/a> peuvent vous aider \u00e0 faire un choix \u00e9clair\u00e9 qui s&rsquo;int\u00e9grera parfaitement \u00e0 l&rsquo;existant.<\/p>\n\n<h2 class=\"wp-block-heading\">L&rsquo;\u00e9tape post-travaux : la d\u00e9claration fiscale de votre v\u00e9randa<\/h2>\n\n<p>L&rsquo;obtention de l&rsquo;autorisation d&rsquo;urbanisme n&rsquo;est que la premi\u00e8re partie du marathon administratif. Une fois votre v\u00e9randa construite, vous avez une obligation de d\u00e9claration aupr\u00e8s des services fiscaux. Cette d\u00e9marche est indispensable pour mettre \u00e0 jour la valeur locative cadastrale de votre bien, qui sert de base au calcul de vos imp\u00f4ts locaux.<\/p>\n\n<p>Vous disposez d&rsquo;un <strong>d\u00e9lai de 90 jours apr\u00e8s l&rsquo;ach\u00e8vement des travaux<\/strong> pour effectuer cette d\u00e9claration via le <strong>formulaire Cerfa n\u00b06704 IL<\/strong>. Le non-respect de ce d\u00e9lai vous expose \u00e0 des sanctions financi\u00e8res et vous priverait d&rsquo;un avantage non n\u00e9gligeable : une <strong>exon\u00e9ration temporaire de taxe fonci\u00e8re<\/strong> sur la partie nouvelle pour une dur\u00e9e de deux ans.<\/p>\n\n<h3 class=\"wp-block-heading\">Impact sur la taxe fonci\u00e8re et la taxe d&rsquo;am\u00e9nagement<\/h3>\n\n<p>L&rsquo;ajout d&rsquo;une v\u00e9randa, consid\u00e9r\u00e9e comme une augmentation de la surface habitable, a des cons\u00e9quences directes sur vos imp\u00f4ts locaux. Il est important de les anticiper pour ne pas avoir de mauvaises surprises.<\/p>\n\n<figure class=\"wp-block-table\"><table>\n<thead>\n<tr>\n<th> taxe<\/th>\n<th>Description de l&rsquo;impact<\/th>\n<th>Bon \u00e0 savoir \ud83d\udca1<\/th>\n<\/tr>\n<\/thead>\n<tbody>\n<tr>\n<td><strong>Taxe Fonci\u00e8re<\/strong><\/td>\n<td>La valeur locative de votre maison est r\u00e9\u00e9valu\u00e9e \u00e0 la hausse, ce qui augmente m\u00e9caniquement le montant de votre taxe fonci\u00e8re chaque ann\u00e9e.<\/td>\n<td>Exon\u00e9ration possible pendant 2 ans si la d\u00e9claration est faite dans les 90 jours suivant la fin de la <strong>construction<\/strong>.<\/td>\n<\/tr>\n<tr>\n<td><strong>Taxe d&rsquo;Am\u00e9nagement<\/strong><\/td>\n<td>C&rsquo;est un imp\u00f4t unique, payable une seule fois, qui est d\u00fb pour toute op\u00e9ration de construction soumise \u00e0 <strong>autorisation<\/strong> d&rsquo;urbanisme.<\/td>\n<td>Son montant d\u00e9pend de la surface cr\u00e9\u00e9e et des taux vot\u00e9s par la commune et le d\u00e9partement. \u00c0 int\u00e9grer dans le budget global du projet !<\/td>\n<\/tr>\n<tr>\n<td><strong>Taxe d&rsquo;habitation<\/strong><\/td>\n<td>Supprim\u00e9e pour les r\u00e9sidences principales depuis 2023, elle ne concerne plus que les r\u00e9sidences secondaires.<\/td>\n<td>Si votre v\u00e9randa est ajout\u00e9e \u00e0 une r\u00e9sidence secondaire, la taxe augmentera en cons\u00e9quence.<\/td>\n<\/tr>\n<\/tbody>\n<\/table><\/figure>\n\n<p>Comprendre les nuances entre les <a href=\"https:\/\/pro-veranda.fr\/actu\/la-regle-des-20-m%c2%b2-vs-40-m%c2%b2-tout-comprendre-sur-les-seuils-dextension\/\">seuils de surface qui d\u00e9clenchent les diff\u00e9rentes formalit\u00e9s<\/a> est crucial pour planifier correctement votre budget et vos d\u00e9marches.<\/p>\n\n<script type=\"application\/ld+json\">\n{\"@context\":\"https:\/\/schema.org\",\"@type\":\"FAQPage\",\"mainEntity\":[{\"@type\":\"Question\",\"name\":\"Faut-il toujours un permis de construire pour une vu00e9randa ?\",\"acceptedAnswer\":{\"@type\":\"Answer\",\"text\":\"Non, ce n'est pas systu00e9matique. Un permis de construire est requis si la vu00e9randa du00e9passe 20 mu00b2 (ou 40 mu00b2 en zone PLU) ou si la surface totale de la maison apru00e8s travaux excu00e8de 150 mu00b2. En dessous de ces seuils, une simple du00e9claration pru00e9alable de travaux suffit.\"}},{\"@type\":\"Question\",\"name\":\"Quelle est la sanction en cas de non-du00e9claration des travaux ?\",\"acceptedAnswer\":{\"@type\":\"Answer\",\"text\":\"L'absence de du00e9claration est une infraction au code de l'urbanisme. Les amendes peuvent u00eatre tru00e8s lourdes, allant jusqu'u00e0 6 000 u20ac par mu00b2 construit illu00e9galement. La mairie peut u00e9galement exiger la mise en conformitu00e9 des travaux, voire la du00e9molition de la vu00e9randa.\"}},{\"@type\":\"Question\",\"name\":\"Comment bu00e9nu00e9ficier des exonu00e9rations fiscales pour une nouvelle vu00e9randa ?\",\"acceptedAnswer\":{\"@type\":\"Answer\",\"text\":\"Pour bu00e9nu00e9ficier de l'exonu00e9ration de taxe fonciu00e8re pendant deux ans sur la nouvelle construction, il est impu00e9ratif de du00e9clarer l'achu00e8vement des travaux au centre des impu00f4ts fonciers dans un du00e9lai de 90 jours, en utilisant le formulaire 6704 IL.\"}},{\"@type\":\"Question\",\"name\":\"Ou00f9 trouver de l'aide pour constituer mon dossier de du00e9claration ?\",\"acceptedAnswer\":{\"@type\":\"Answer\",\"text\":\"Vous pouvez vous rapprocher du service urbanisme de votre mairie qui pourra vous guider. Des plateformes en ligne spu00e9cialisu00e9es et des architectes peuvent u00e9galement vous accompagner dans la constitution d'un dossier administratif complet et conforme aux attentes.\"}}]}\n<\/script>\n<h3>Faut-il toujours un permis de construire pour une v\u00e9randa ?<\/h3>\n<p>Non, ce n&rsquo;est pas syst\u00e9matique. Un permis de construire est requis si la v\u00e9randa d\u00e9passe 20 m\u00b2 (ou 40 m\u00b2 en zone PLU) ou si la surface totale de la maison apr\u00e8s travaux exc\u00e8de 150 m\u00b2. En dessous de ces seuils, une simple d\u00e9claration pr\u00e9alable de travaux suffit.<\/p>\n<h3>Quelle est la sanction en cas de non-d\u00e9claration des travaux ?<\/h3>\n<p>L&rsquo;absence de d\u00e9claration est une infraction au code de l&rsquo;urbanisme. Les amendes peuvent \u00eatre tr\u00e8s lourdes, allant jusqu&rsquo;\u00e0 6 000 \u20ac par m\u00b2 construit ill\u00e9galement. La mairie peut \u00e9galement exiger la mise en conformit\u00e9 des travaux, voire la d\u00e9molition de la v\u00e9randa.<\/p>\n<h3>Comment b\u00e9n\u00e9ficier des exon\u00e9rations fiscales pour une nouvelle v\u00e9randa ?<\/h3>\n<p>Pour b\u00e9n\u00e9ficier de l&rsquo;exon\u00e9ration de taxe fonci\u00e8re pendant deux ans sur la nouvelle construction, il est imp\u00e9ratif de d\u00e9clarer l&rsquo;ach\u00e8vement des travaux au centre des imp\u00f4ts fonciers dans un d\u00e9lai de 90 jours, en utilisant le formulaire 6704 IL.<\/p>\n<h3>O\u00f9 trouver de l&rsquo;aide pour constituer mon dossier de d\u00e9claration ?<\/h3>\n<p>Vous pouvez vous rapprocher du service urbanisme de votre mairie qui pourra vous guider. Des plateformes en ligne sp\u00e9cialis\u00e9es et des architectes peuvent \u00e9galement vous accompagner dans la constitution d&rsquo;un dossier administratif complet et conforme aux attentes.<\/p>\n\n","protected":false},"excerpt":{"rendered":"<p>Ajouter une v\u00e9randa est un projet formidable pour gagner en espace et en lumi\u00e8re. Cependant, la r\u00e9ussite de ces travaux [&hellip;]<\/p>\n","protected":false},"author":1,"featured_media":34,"comment_status":"open","ping_status":"open","sticky":false,"template":"","format":"standard","meta":{"site-sidebar-layout":"default","site-content-layout":"","ast-site-content-layout":"default","site-content-style":"default","site-sidebar-style":"default","ast-global-header-display":"","ast-banner-title-visibility":"","ast-main-header-display":"","ast-hfb-above-header-display":"","ast-hfb-below-header-display":"","ast-hfb-mobile-header-display":"","site-post-title":"","ast-breadcrumbs-content":"","ast-featured-img":"","footer-sml-layout":"","ast-disable-related-posts":"","theme-transparent-header-meta":"","adv-header-id-meta":"","stick-header-meta":"","header-above-stick-meta":"","header-main-stick-meta":"","header-below-stick-meta":"","astra-migrate-meta-layouts":"default","ast-page-background-enabled":"default","ast-page-background-meta":{"desktop":{"background-color":"var(--ast-global-color-5)","background-image":"","background-repeat":"repeat","background-position":"center center","background-size":"auto","background-attachment":"scroll","background-type":"","background-media":"","overlay-type":"","overlay-color":"","overlay-opacity":"","overlay-gradient":""},"tablet":{"background-color":"","background-image":"","background-repeat":"repeat","background-position":"center center","background-size":"auto","background-attachment":"scroll","background-type":"","background-media":"","overlay-type":"","overlay-color":"","overlay-opacity":"","overlay-gradient":""},"mobile":{"background-color":"","background-image":"","background-repeat":"repeat","background-position":"center center","background-size":"auto","background-attachment":"scroll","background-type":"","background-media":"","overlay-type":"","overlay-color":"","overlay-opacity":"","overlay-gradient":""}},"ast-content-background-meta":{"desktop":{"background-color":"var(--ast-global-color-4)","background-image":"","background-repeat":"repeat","background-position":"center center","background-size":"auto","background-attachment":"scroll","background-type":"","background-media":"","overlay-type":"","overlay-color":"","overlay-opacity":"","overlay-gradient":""},"tablet":{"background-color":"var(--ast-global-color-4)","background-image":"","background-repeat":"repeat","background-position":"center center","background-size":"auto","background-attachment":"scroll","background-type":"","background-media":"","overlay-type":"","overlay-color":"","overlay-opacity":"","overlay-gradient":""},"mobile":{"background-color":"var(--ast-global-color-4)","background-image":"","background-repeat":"repeat","background-position":"center center","background-size":"auto","background-attachment":"scroll","background-type":"","background-media":"","overlay-type":"","overlay-color":"","overlay-opacity":"","overlay-gradient":""}},"footnotes":""},"categories":[1],"tags":[],"class_list":["post-38","post","type-post","status-publish","format-standard","has-post-thumbnail","hentry","category-veranda"],"_links":{"self":[{"href":"https:\/\/pro-veranda.fr\/actu\/wp-json\/wp\/v2\/posts\/38","targetHints":{"allow":["GET"]}}],"collection":[{"href":"https:\/\/pro-veranda.fr\/actu\/wp-json\/wp\/v2\/posts"}],"about":[{"href":"https:\/\/pro-veranda.fr\/actu\/wp-json\/wp\/v2\/types\/post"}],"author":[{"embeddable":true,"href":"https:\/\/pro-veranda.fr\/actu\/wp-json\/wp\/v2\/users\/1"}],"replies":[{"embeddable":true,"href":"https:\/\/pro-veranda.fr\/actu\/wp-json\/wp\/v2\/comments?post=38"}],"version-history":[{"count":0,"href":"https:\/\/pro-veranda.fr\/actu\/wp-json\/wp\/v2\/posts\/38\/revisions"}],"wp:featuredmedia":[{"embeddable":true,"href":"https:\/\/pro-veranda.fr\/actu\/wp-json\/wp\/v2\/media\/34"}],"wp:attachment":[{"href":"https:\/\/pro-veranda.fr\/actu\/wp-json\/wp\/v2\/media?parent=38"}],"wp:term":[{"taxonomy":"category","embeddable":true,"href":"https:\/\/pro-veranda.fr\/actu\/wp-json\/wp\/v2\/categories?post=38"},{"taxonomy":"post_tag","embeddable":true,"href":"https:\/\/pro-veranda.fr\/actu\/wp-json\/wp\/v2\/tags?post=38"}],"curies":[{"name":"wp","href":"https:\/\/api.w.org\/{rel}","templated":true}]}}