{"id":35,"date":"2026-01-13T08:01:56","date_gmt":"2026-01-13T07:01:56","guid":{"rendered":"https:\/\/pro-veranda.fr\/actu\/veranda-guide-complet-pour-lamenagement-et-la-decoration\/"},"modified":"2026-01-13T08:01:56","modified_gmt":"2026-01-13T07:01:56","slug":"veranda-guide-complet-pour-lamenagement-et-la-decoration","status":"publish","type":"post","link":"https:\/\/pro-veranda.fr\/actu\/veranda-guide-complet-pour-lamenagement-et-la-decoration\/","title":{"rendered":"V\u00e9randa : guide complet pour l&rsquo;am\u00e9nagement et la d\u00e9coration"},"content":{"rendered":"<p><strong>En bref :<\/strong><\/p>\n\n<p>Transformer un simple espace vitr\u00e9 en une v\u00e9ritable pi\u00e8ce de vie demande plus qu&rsquo;une belle d\u00e9coration. Ce guide complet, r\u00e9dig\u00e9 sous l&rsquo;angle d&rsquo;un menuisier exp\u00e9riment\u00e9, vous livre les cl\u00e9s techniques et pratiques pour un projet de v\u00e9randa r\u00e9ussi. De la conception des fondations au choix des mat\u00e9riaux, en passant par la gestion cruciale de la temp\u00e9rature et de la luminosit\u00e9, d\u00e9couvrez les \u00e9tapes essentielles pour \u00e9viter les pi\u00e8ges courants et cr\u00e9er un espace confortable toute l&rsquo;ann\u00e9e.<\/p>\n\n<ul class=\"wp-block-list\"><li><strong>La r\u00e9flexion avant tout :<\/strong> D\u00e9finir l&rsquo;usage pr\u00e9cis de la v\u00e9randa (salon, cuisine, bureau) est la premi\u00e8re \u00e9tape, car elle conditionne toutes les d\u00e9cisions techniques.<\/li><li><strong>L&rsquo;orientation est reine :<\/strong> L&rsquo;exposition au soleil (Nord, Sud, Est, Ouest) dicte les besoins en isolation, en vitrage \u00e0 contr\u00f4le solaire et en protections ext\u00e9rieures.<\/li><li><strong>Le budget et l&rsquo;administratif :<\/strong> Anticipez un co\u00fbt r\u00e9aliste (de 1 200 \u20ac \u00e0 plus de 3 000 \u20ac\/m\u00b2) et n&rsquo;oubliez jamais les d\u00e9marches d&rsquo;urbanisme (d\u00e9claration de travaux ou permis de construire).<\/li><li><strong>L&rsquo;isolation, non n\u00e9gociable :<\/strong> Une isolation performante de la structure (rupture de pont thermique), du vitrage (double ou triple) et de la dalle au sol est indispensable pour un confort \u00e9t\u00e9 comme hiver.<\/li><li><strong>Am\u00e9nagement et durabilit\u00e9 :<\/strong> Le choix du mobilier de v\u00e9randa, des plantes d&rsquo;int\u00e9rieur et des solutions de ventilation doit \u00eatre pens\u00e9 pour r\u00e9sister aux UV et aux variations de temp\u00e9rature.<\/li><\/ul>\n\n<h2 class=\"wp-block-heading\">Les Fondations d&rsquo;un Projet R\u00e9ussi : L&rsquo;Art de Bien Penser sa V\u00e9randa<\/h2>\n\n<p>Apr\u00e8s plus de vingt ans pass\u00e9s sur les chantiers, \u00e0 fa\u00e7onner le bois et l&rsquo;aluminium, j&rsquo;ai vu des projets de v\u00e9randa transformer des maisons, apportant une lumi\u00e8re et une qualit\u00e9 de vie exceptionnelles. Mais j&rsquo;ai aussi \u00e9t\u00e9 appel\u00e9 pour corriger des erreurs qui co\u00fbtent cher. Une v\u00e9randa, ce n&rsquo;est pas une simple bo\u00eete en verre coll\u00e9e \u00e0 un mur ; c&rsquo;est un v\u00e9ritable espace de vie, un pont entre votre int\u00e9rieur et votre jardin qui doit r\u00e9sister aux assauts du climat. La plus belle <strong>d\u00e9coration<\/strong> ne sauvera jamais une conception technique d\u00e9faillante.<\/p>\n\n<p>Mon objectif ici est de vous donner les cl\u00e9s du terrain, les informations qui comptent. On va parler isolation, ventilation, fondations&#8230; Bref, tout ce qu&rsquo;il faut savoir pour poser les bonnes questions et faire de votre projet une r\u00e9ussite durable.<\/p>\n\n<h3 class=\"wp-block-heading\">\u00c0 quoi va vraiment servir votre nouvel espace de vie ?<\/h3>\n\n<p>C&rsquo;est la premi\u00e8re question \u00e0 se poser, et chaque r\u00e9ponse a des cons\u00e9quences techniques concr\u00e8tes. Un am\u00e9nagement r\u00e9ussi d\u00e9coule d&rsquo;une fonction bien d\u00e9finie.<\/p>\n\n<ul class=\"wp-block-list\"><li>\ud83c\udfe1 <strong>Un salon ou une salle \u00e0 manger :<\/strong> Le grand classique. Le confort thermique toute l&rsquo;ann\u00e9e est ici non n\u00e9gociable. La gestion de la chaleur en \u00e9t\u00e9 est le point critique, tout comme la n\u00e9cessit\u00e9 d&rsquo;un chauffage efficace pour l&rsquo;hiver.<\/li><li>\ud83c\udf73 <strong>Une cuisine :<\/strong> Un projet complexe ! Il faut anticiper les arriv\u00e9es d&rsquo;eau, les \u00e9vacuations et le r\u00e9seau \u00e9lectrique avant m\u00eame de couler la dalle. La ventilation devient capitale ; une simple fen\u00eatre ne suffira pas \u00e0 g\u00e9rer les vapeurs. Une VMC performante est indispensable.<\/li><li>\ud83d\udcbb <strong>Un bureau ou un atelier :<\/strong> La <strong>luminosit\u00e9<\/strong> est reine, mais attention aux reflets sur les \u00e9crans. Des stores \u00e0 lames orientables sont une excellente solution. Pensez \u00e0 multiplier les prises \u00e9lectriques d\u00e8s la conception.<\/li><\/ul>\n\n<h3 class=\"wp-block-heading\">L&rsquo;Orientation : Le Soleil, Meilleur Ami ou Pire Ennemi ?<\/h3>\n\n<p>L&rsquo;orientation de votre future v\u00e9randa dicte son confort thermique. Une exposition plein sud est fantastique pour la chaleur passive en hiver, mais peut transformer la pi\u00e8ce en fournaise l&rsquo;\u00e9t\u00e9 sans une protection solaire ext\u00e9rieure (store, volet roulant) et un vitrage \u00e0 contr\u00f4le solaire. \u00c0 l&rsquo;inverse, une orientation au nord offre une lumi\u00e8re douce et constante, id\u00e9ale pour un atelier, mais exigera une <strong>isolation<\/strong> renforc\u00e9e et un bon chauffage.<\/p>\n\n<p>Les expositions Est (soleil du matin) et Ouest (soleil de l&rsquo;apr\u00e8s-midi) sont d&rsquo;excellents compromis, mais l&rsquo;Ouest demandera une attention particuli\u00e8re \u00e0 la surchauffe en fin de journ\u00e9e estivale.<\/p>\n\n<figure class=\"is-provider-youtube is-type-video wp-block-embed wp-block-embed-youtube wp-embed-aspect-16-9 wp-has-aspect-ratio\"><div class=\"wp-block-embed__wrapper\">\n<iframe loading=\"lazy\" title=\"Comment avoir une v\u00e9randa de r\u00eave ? #LMF5\" width=\"500\" height=\"281\" src=\"https:\/\/www.youtube.com\/embed\/6CET22Idsq8?feature=oembed\" frameborder=\"0\" allow=\"accelerometer; autoplay; clipboard-write; encrypted-media; gyroscope; picture-in-picture; web-share\" referrerpolicy=\"strict-origin-when-cross-origin\" allowfullscreen><\/iframe>\n<\/div><\/figure>\n\n<h3 class=\"wp-block-heading\">Budget et D\u00e9marches : Les Pieds sur Terre<\/h3>\n\n<p>Soyons clairs : une bonne v\u00e9randa a un co\u00fbt. M\u00e9fiez-vous des offres trop all\u00e9chantes qui cachent souvent des mat\u00e9riaux de pi\u00e8tre qualit\u00e9. C\u00f4t\u00e9 administratif, ne commencez jamais les travaux sans autorisation. En r\u00e8gle g\u00e9n\u00e9rale, une d\u00e9claration pr\u00e9alable de travaux suffit jusqu&rsquo;\u00e0 20 m\u00b2, mais il est crucial de v\u00e9rifier <a href=\"https:\/\/pro-veranda.fr\/actu\/la-regle-des-20-m%c2%b2-vs-40-m%c2%b2-tout-comprendre-sur-les-seuils-dextension\/\">les seuils de surface \u00e0 conna\u00eetre<\/a> qui peuvent aller jusqu&rsquo;\u00e0 40 m\u00b2 si votre commune dispose d&rsquo;un Plan Local d&rsquo;Urbanisme (PLU). Au-del\u00e0, il faut se demander <a href=\"https:\/\/pro-veranda.fr\/actu\/veranda-quand-faut-il-un-permis-de-construire\/\">quand un permis de construire est-il n\u00e9cessaire<\/a>. Un passage en mairie vous \u00e9vitera bien des tracas.<\/p>\n\n<h2 class=\"wp-block-heading\">Le Squelette de Votre Confort : Choisir les Bons Mat\u00e9riaux<\/h2>\n\n<p>Le choix de la structure et du vitrage est une d\u00e9cision qui vous engage pour des d\u00e9cennies. C&rsquo;est ce qui va garantir la solidit\u00e9, l&rsquo;isolation et la durabilit\u00e9 de votre <strong>espace ext\u00e9rieur<\/strong> couvert.<\/p>\n\n<h3 class=\"wp-block-heading\">Structure : Aluminium, Bois, PVC ou Acier ?<\/h3>\n\n<p>Le mat\u00e9riau de la structure influence non seulement l&rsquo;esth\u00e9tique mais aussi les performances et l&rsquo;entretien. L&rsquo;aluminium, l\u00e9ger et durable, est le plus r\u00e9pandu, mais exige des profil\u00e9s \u00e0 rupture de pont thermique pour une bonne isolation. Le bois, naturellement isolant et chaleureux, demande un entretien r\u00e9gulier. Pour y voir plus clair, voici un tableau comparatif.<\/p>\n\n<figure class=\"wp-block-table\"><table>\n<thead>\n<tr>\n<th>Mat\u00e9riau<\/th>\n<th>Prix indicatif \/ m\u00b2<\/th>\n<th>Entretien<\/th>\n<th>Isolation<\/th>\n<th>Le + \/ Le \u2013<\/th>\n<\/tr>\n<\/thead>\n<tbody>\n<tr>\n<td>Aluminium \ud83e\ude99<\/td>\n<td>1 500 \u20ac \u2013 2 800 \u20ac<\/td>\n<td>Tr\u00e8s faible<\/td>\n<td>Bonne (avec rupture de pont thermique)<\/td>\n<td>+ Finesse, couleurs \/ \u2013 Moins isolant que le bois<\/td>\n<\/tr>\n<tr>\n<td>Bois \ud83e\udeb5<\/td>\n<td>1 800 \u20ac \u2013 3 000 \u20ac<\/td>\n<td>R\u00e9gulier (lasure)<\/td>\n<td>Excellente<\/td>\n<td>+ Chaleureux, isolant naturel \/ \u2013 Entretien n\u00e9cessaire<\/td>\n<\/tr>\n<tr>\n<td>PVC  \u043f\u043b\u0430\u0441\u0442\u0438\u043a<\/td>\n<td>1 200 \u20ac \u2013 1 900 \u20ac<\/td>\n<td>Quasi nul<\/td>\n<td>Tr\u00e8s bonne<\/td>\n<td>+ Prix, isolation \/ \u2013 Moins esth\u00e9tique, se dilate<\/td>\n<\/tr>\n<tr>\n<td>Acier \/ Fer forg\u00e9 \u2699\ufe0f<\/td>\n<td>3 000 \u20ac et +<\/td>\n<td>Important (anti-corrosion)<\/td>\n<td>Faible<\/td>\n<td>+ \u00c9l\u00e9gance, finesse \/ \u2013 Cher, mauvais isolant<\/td>\n<\/tr>\n<\/tbody>\n<\/table><\/figure>\n\n<h3 class=\"wp-block-heading\">Le Vitrage et l&rsquo;Isolation : Les Moteurs de la Performance Thermique<\/h3>\n\n<p>Le vitrage repr\u00e9sente jusqu&rsquo;\u00e0 80% de la surface d&rsquo;une v\u00e9randa. Un double vitrage \u00e0 isolation renforc\u00e9e (VIR) est le minimum syndical aujourd&rsquo;hui. Pour la toiture, la loi impose un vitrage feuillet\u00e9 pour la s\u00e9curit\u00e9. L&rsquo;isolation ne s&rsquo;arr\u00eate pas l\u00e0 : la dalle en b\u00e9ton sur laquelle repose la v\u00e9randa doit imp\u00e9rativement \u00eatre isol\u00e9e par le dessous pour couper les remont\u00e9es de froid et d&rsquo;humidit\u00e9. C&rsquo;est un d\u00e9tail invisible qui change tout au confort ressenti.<\/p>\n\n<!-- D\u00e9but du bloc calculateur de budget pour v\u00e9randa -->\n<!-- Styles via TailwindCSS JIT CDN -->\n<script src=\"https:\/\/cdn.tailwindcss.com\"><\/script>\n\n<div id=\"calculateur-veranda-container\" class=\"font-sans antialiased text-gray-800 bg-slate-50 p-4 sm:p-8 rounded-2xl shadow-lg border border-slate-200 max-w-4xl mx-auto\">\n\n    <!-- Titre et description -->\n    <div class=\"text-center mb-8\">\n        <h2 class=\"text-3xl sm:text-4xl font-bold text-teal-700 mb-2\">Estimez le budget de votre future v\u00e9randa<\/h2>\n        <p class=\"text-slate-600 max-w-2xl mx-auto\">Un outil simple pour vous donner une premi\u00e8re id\u00e9e du co\u00fbt de votre projet. Les prix sont des estimations et peuvent varier.<\/p>\n    <\/div>\n\n    <div class=\"grid grid-cols-1 lg:grid-cols-2 gap-8\">\n        <!-- Panneau de gauche : Entr\u00e9es utilisateur -->\n        <div class=\"space-y-8\">\n            <!-- \u00c9tape 1 : Surface -->\n            <div>\n                <label for=\"surface-veranda\" class=\"block text-lg font-semibold text-slate-700 mb-3\">\n                    <span class=\"inline-flex items-center justify-center bg-teal-600 text-white rounded-full h-8 w-8 mr-3 text-sm font-bold\">1<\/span>\n                    Surface souhait\u00e9e\n                <\/label>\n                <div class=\"relative\">\n                    <input type=\"number\" id=\"surface-veranda\" name=\"surface-veranda\" min=\"5\" max=\"100\" placeholder=\"Ex: 20\" class=\"w-full pl-5 pr-12 py-3 text-lg border-2 border-slate-300 rounded-lg focus:ring-2 focus:ring-teal-500 focus:border-teal-500 transition-colors duration-200\">\n                    <span class=\"absolute right-4 top-1\/2 -translate-y-1\/2 text-slate-500 font-semibold\">m\u00b2<\/span>\n                <\/div>\n            <\/div>\n\n            <!-- \u00c9tape 2 : Mat\u00e9riau -->\n            <div>\n                 <fieldset>\n                    <legend class=\"block text-lg font-semibold text-slate-700 mb-3\">\n                        <span class=\"inline-flex items-center justify-center bg-teal-600 text-white rounded-full h-8 w-8 mr-3 text-sm font-bold\">2<\/span>\n                        Choix du mat\u00e9riau principal\n                    <\/legend>\n                    <div role=\"radiogroup\" class=\"grid grid-cols-1 sm:grid-cols-2 gap-4\">\n                        <!-- Option PVC -->\n                        <label class=\"relative flex flex-col items-center justify-center p-4 border-2 rounded-lg cursor-pointer transition-all duration-200 hover:shadow-md peer-checked:border-teal-500\">\n                            <input type=\"radio\" name=\"materiau-veranda\" value=\"pvc\" class=\"peer absolute opacity-0 h-0 w-0\">\n                            <div class=\"text-lg font-bold text-slate-800\">PVC<\/div>\n                            <div class=\"text-sm text-slate-500 text-center mt-1\">\u00c9conomique et facile d&rsquo;entretien<\/div>\n                            <div class=\"absolute top-2 right-2 h-5 w-5 rounded-full border-2 border-slate-300 peer-checked:bg-teal-500 peer-checked:border-teal-500 transition-colors duration-200\"><\/div>\n                        <\/label>\n                        <!-- Option Aluminium -->\n                        <label class=\"relative flex flex-col items-center justify-center p-4 border-2 rounded-lg cursor-pointer transition-all duration-200 hover:shadow-md peer-checked:border-teal-500\">\n                            <input type=\"radio\" name=\"materiau-veranda\" value=\"alu\" class=\"peer absolute opacity-0 h-0 w-0\" checked>\n                             <div class=\"text-lg font-bold text-slate-800\">Aluminium<\/div>\n                            <div class=\"text-sm text-slate-500 text-center mt-1\">Moderne, durable et populaire<\/div>\n                            <div class=\"absolute top-2 right-2 h-5 w-5 rounded-full border-2 border-slate-300 peer-checked:bg-teal-500 peer-checked:border-teal-500 transition-colors duration-200\"><\/div>\n                        <\/label>\n                        <!-- Option Bois -->\n                        <label class=\"relative flex flex-col items-center justify-center p-4 border-2 rounded-lg cursor-pointer transition-all duration-200 hover:shadow-md peer-checked:border-teal-500\">\n                            <input type=\"radio\" name=\"materiau-veranda\" value=\"bois\" class=\"peer absolute opacity-0 h-0 w-0\">\n                             <div class=\"text-lg font-bold text-slate-800\">Bois<\/div>\n                            <div class=\"text-sm text-slate-500 text-center mt-1\">Chaleureux, isolant et esth\u00e9tique<\/div>\n                           <div class=\"absolute top-2 right-2 h-5 w-5 rounded-full border-2 border-slate-300 peer-checked:bg-teal-500 peer-checked:border-teal-500 transition-colors duration-200\"><\/div>\n                        <\/label>\n                        <!-- Option Acier -->\n                        <label class=\"relative flex flex-col items-center justify-center p-4 border-2 rounded-lg cursor-pointer transition-all duration-200 hover:shadow-md peer-checked:border-teal-500\">\n                            <input type=\"radio\" name=\"materiau-veranda\" value=\"acier\" class=\"peer absolute opacity-0 h-0 w-0\">\n                             <div class=\"text-lg font-bold text-slate-800\">Acier \/ Fer Forg\u00e9<\/div>\n                            <div class=\"text-sm text-slate-500 text-center mt-1\">Robuste, design et haut de gamme<\/div>\n                           <div class=\"absolute top-2 right-2 h-5 w-5 rounded-full border-2 border-slate-300 peer-checked:bg-teal-500 peer-checked:border-teal-500 transition-colors duration-200\"><\/div>\n                        <\/label>\n                    <\/div>\n                 <\/fieldset>\n            <\/div>\n        <\/div>\n\n        <!-- Panneau de droite : R\u00e9sultat -->\n        <div class=\"bg-gradient-to-br from-teal-600 to-teal-800 text-white rounded-xl flex flex-col items-center justify-center p-6 sm:p-8 text-center min-h-[300px]\">\n            <div id=\"resultat-veranda\" class=\"transition-all duration-300\">\n                <p id=\"resultat-texte-intro\" class=\"text-lg text-teal-100 mb-2\">Estimation du budget de votre projet<\/p>\n                <div id=\"resultat-prix\" class=\"text-4xl sm:text-5xl font-extrabold tracking-tight mb-4\">\n                    <span id=\"prix-min\">&#8212;<\/span> \u20ac &#8211; <span id=\"prix-max\">&#8212;<\/span> \u20ac\n                <\/div>\n                <div id=\"resultat-details\" class=\"text-sm text-teal-200 opacity-0 transition-opacity duration-300\">\n                    Pour une v\u00e9randa en <strong id=\"detail-materiau\">&#8212;<\/strong> de <strong id=\"detail-surface\">&#8212; m\u00b2<\/strong>.\n                <\/div>\n            <\/div>\n            <p id=\"resultat-disclaimer\" class=\"text-xs text-teal-300 mt-6 max-w-xs\">\n                Cette estimation est une fourchette de prix TTC pour la fourniture et la pose. Elle ne remplace pas un devis professionnel.\n            <\/p>\n            <div id=\"message-attente\" class=\"hidden text-center\">\n                 <svg class=\"animate-spin h-8 w-8 text-white mx-auto mb-4\" xmlns=\"http:\/\/www.w3.org\/2000\/svg\" fill=\"none\" viewBox=\"0 0 24 24\">\n                    <circle class=\"opacity-25\" cx=\"12\" cy=\"12\" r=\"10\" stroke=\"currentColor\" stroke-width=\"4\"><\/circle>\n                    <path class=\"opacity-75\" fill=\"currentColor\" d=\"M4 12a8 8 0 018-8V0C5.373 0 0 5.373 0 12h4zm2 5.291A7.962 7.962 0 014 12H0c0 3.042 1.135 5.824 3 7.938l3-2.647z\"><\/path>\n                 <\/svg>\n                 <p class=\"text-lg font-semibold\">Veuillez renseigner la surface et choisir un mat\u00e9riau.<\/p>\n            <\/div>\n        <\/div>\n    <\/div>\n<\/div>\n\n<script>\n    \/\/ Le script est encapsul\u00e9 dans une fonction auto-ex\u00e9cut\u00e9e pour \u00e9viter les conflits globaux.\n    (() => {\n        \/\/ --- CONFIGURATION ET DONN\u00c9ES ---\n        \/\/ Toutes les cha\u00eenes de caract\u00e8res et donn\u00e9es sont centralis\u00e9es ici pour une \u00e9dition facile.\n\n        \/* \n         * Source de donn\u00e9es : Pas d'API externe n\u00e9cessaire. \n         * Les donn\u00e9es sont stock\u00e9es localement pour garantir la performance et la disponibilit\u00e9.\n         * Ces fourchettes de prix au m\u00b2 sont bas\u00e9es sur des moyennes constat\u00e9es sur le march\u00e9 fran\u00e7ais.\n         *\n         * Format des donn\u00e9es (similaire \u00e0 une r\u00e9ponse JSON) :\n         * {\n         *   \"cle_materiau\": {\n         *     \"nom\": \"Nom affich\u00e9\",\n         *     \"min\": prix_minimum_au_m2,\n         *     \"max\": prix_maximum_au_m2\n         *   }, ...\n         * }\n        *\/\n        const PRIX_MATERIAUX = {\n            'pvc': {\n                nom: 'PVC',\n                min: 300,\n                max: 1200\n            },\n            'alu': {\n                nom: 'Aluminium',\n                min: 900,\n                max: 1800\n            },\n            'bois': {\n                nom: 'Bois',\n                min: 1000,\n                max: 2500\n            },\n            'acier': {\n                nom: 'Acier \/ Fer Forg\u00e9',\n                min: 2000,\n                max: 3500\n            }\n        };\n\n        \/\/ --- S\u00c9LECTION DES \u00c9L\u00c9MENTS DU DOM ---\n        \/\/ On r\u00e9cup\u00e8re tous les \u00e9l\u00e9ments HTML avec lesquels on va interagir.\n        const surfaceInput = document.getElementById('surface-veranda');\n        const materiauxRadios = document.querySelectorAll('input[name=\"materiau-veranda\"]');\n        \n        \/\/ \u00c9l\u00e9ments d'affichage du r\u00e9sultat\n        const resultatDiv = document.getElementById('resultat-veranda');\n        const messageAttenteDiv = document.getElementById('message-attente');\n        const prixMinSpan = document.getElementById('prix-min');\n        const prixMaxSpan = document.getElementById('prix-max');\n        const resultatDetailsDiv = document.getElementById('resultat-details');\n        const detailMateriauSpan = document.getElementById('detail-materiau');\n        const detailSurfaceSpan = document.getElementById('detail-surface');\n\n        \/\/ --- FONCTIONS ---\n\n        \/**\n         * Formate un nombre en cha\u00eene de caract\u00e8res mon\u00e9taire pour la France.\n         * @param {number} nombre - Le nombre \u00e0 formater.\n         * @returns {string} Le nombre format\u00e9 (ex: 10 000).\n         *\/\n        const formaterPrix = (nombre) => {\n            return new Intl.NumberFormat('fr-FR', {\n                style: 'decimal',\n                maximumFractionDigits: 0\n            }).format(nombre);\n        };\n\n        \/**\n         * Fonction principale qui calcule et affiche le budget.\n         * Elle lit les valeurs des inputs, effectue le calcul et met \u00e0 jour l'interface.\n         *\/\n        const calculerEtAfficherBudget = () => {\n            \/\/ 1. R\u00e9cup\u00e9rer les valeurs des inputs\n            const surface = parseFloat(surfaceInput.value);\n            const materiauChecked = document.querySelector('input[name=\"materiau-veranda\"]:checked');\n\n            \/\/ 2. Valider les entr\u00e9es\n            if (isNaN(surface) || surface <= 0 || !materiauChecked) {\n                \/\/ Si les donn\u00e9es sont invalides, on affiche le message d'attente\n                resultatDiv.classList.add('hidden');\n                messageAttenteDiv.classList.remove('hidden');\n                return; \/\/ On arr\u00eate l'ex\u00e9cution de la fonction\n            }\n\n            \/\/ Si les donn\u00e9es sont valides, on s'assure que le r\u00e9sultat est visible\n            resultatDiv.classList.remove('hidden');\n            messageAttenteDiv.classList.add('hidden');\n            \n            \/\/ 3. R\u00e9cup\u00e9rer les donn\u00e9es du mat\u00e9riau choisi\n            const materiauValue = materiauChecked.value;\n            const dataMateriau = PRIX_MATERIAUX[materiauValue];\n\n            \/\/ 4. Calculer la fourchette de prix\n            const coutMin = surface * dataMateriau.min;\n            const coutMax = surface * dataMateriau.max;\n\n            \/\/ 5. Mettre \u00e0 jour l'affichage avec les r\u00e9sultats format\u00e9s\n            \/\/ On ajoute une petite animation en rendant le texte transparent avant de le changer\n            resultatDiv.style.opacity = '0';\n            \n            setTimeout(() => {\n                prixMinSpan.textContent = formaterPrix(coutMin);\n                prixMaxSpan.textContent = formaterPrix(coutMax);\n                detailMateriauSpan.textContent = dataMateriau.nom.toLowerCase();\n                detailSurfaceSpan.textContent = `${surface} m\u00b2`;\n                resultatDetailsDiv.classList.remove('opacity-0');\n                \n                \/\/ On r\u00e9tablit l'opacit\u00e9 pour un effet de fondu\n                resultatDiv.style.opacity = '1';\n            }, 200); \/\/ D\u00e9lai court pour la transition\n        };\n\n        \/\/ --- \u00c9COUTEURS D'\u00c9V\u00c9NEMENTS ---\n\n        \/\/ Ajoute un \u00e9couteur sur le champ de surface pour recalculer \u00e0 chaque modification.\n        \/\/ L'\u00e9v\u00e9nement 'input' se d\u00e9clenche instantan\u00e9ment.\n        surfaceInput.addEventListener('input', calculerEtAfficherBudget);\n\n        \/\/ Ajoute un \u00e9couteur sur chaque bouton radio de mat\u00e9riau.\n        \/\/ L'\u00e9v\u00e9nement 'change' se d\u00e9clenche quand une nouvelle option est s\u00e9lectionn\u00e9e.\n        materiauxRadios.forEach(radio => {\n            radio.addEventListener('change', calculerEtAfficherBudget);\n        });\n\n        \/\/ --- INITIALISATION ---\n        \/\/ Appelle la fonction une premi\u00e8re fois au chargement du script pour d\u00e9finir l'\u00e9tat initial.\n        calculerEtAfficherBudget();\n\n    })();\n<\/script>\n<!-- Fin du bloc calculateur -->\n\n<h2 class=\"wp-block-heading\">Donner Vie \u00e0 l&rsquo;Espace : Am\u00e9nagement et D\u00e9coration de votre V\u00e9randa<\/h2>\n\n<p>Une fois la structure pos\u00e9e, il faut la rendre vivable et accueillante. L&rsquo;<strong>am\u00e9nagement<\/strong> de votre v\u00e9randa doit \u00eatre pens\u00e9 pour la polyvalence et la durabilit\u00e9.<\/p>\n\n<h3 class=\"wp-block-heading\">Choisir le Mobilier de V\u00e9randa : L&rsquo;\u00c9preuve du Temps et des UV<\/h3>\n\n<p>Les rayons UV sont impitoyables. Oubliez le canap\u00e9 en cuir qui craquellera en quelques saisons. Privil\u00e9giez du <strong>mobilier de v\u00e9randa<\/strong> con\u00e7u pour l&rsquo;ext\u00e9rieur ou des tissus trait\u00e9s anti-UV. Les mat\u00e9riaux comme le rotin, l&rsquo;osier, le m\u00e9tal ou les bois exotiques sont des valeurs s\u00fbres qui apporteront le <strong>style de v\u00e9randa<\/strong> que vous recherchez sans se d\u00e9grader pr\u00e9matur\u00e9ment.<\/p>\n\n<figure class=\"is-provider-youtube is-type-video wp-block-embed wp-block-embed-youtube wp-embed-aspect-16-9 wp-has-aspect-ratio\"><div class=\"wp-block-embed__wrapper\">\n<iframe loading=\"lazy\" title=\"AGENCER VOTRE VERANDA FACILEMENT !#veranda  #renovation #decoration\" width=\"500\" height=\"281\" src=\"https:\/\/www.youtube.com\/embed\/Ur0UrvjDYM8?feature=oembed\" frameborder=\"0\" allow=\"accelerometer; autoplay; clipboard-write; encrypted-media; gyroscope; picture-in-picture; web-share\" referrerpolicy=\"strict-origin-when-cross-origin\" allowfullscreen><\/iframe>\n<\/div><\/figure>\n\n<h3 class=\"wp-block-heading\">La Touche Finale : Int\u00e9grer les Plantes d&rsquo;Int\u00e9rieur<\/h3>\n\n<p>La v\u00e9randa est l&rsquo;endroit id\u00e9al pour cr\u00e9er une jungle urbaine. La luminosit\u00e9 abondante ravira de nombreuses esp\u00e8ces. Pensez vertical ! Des suspensions, des \u00e9tag\u00e8res hautes ou de grands sujets au sol (Strelitzia, Ficus&#8230;) structureront l&rsquo;espace et renforceront le lien avec le jardin. Ces <strong>plantes d&rsquo;int\u00e9rieur<\/strong> contribueront aussi \u00e0 r\u00e9guler l&rsquo;humidit\u00e9. Pour plus de conseils, vous pouvez <a href=\"https:\/\/pro-veranda.fr\/actu\/page-d-exemple\/\">consulter nos guides d\u00e9taill\u00e9s<\/a>.<\/p>\n\n<h3 class=\"wp-block-heading\">G\u00e9rer la Temp\u00e9rature : Chauffage et Climatisation<\/h3>\n\n<p>Pour un confort optimal, la solution la plus polyvalente est souvent une pompe \u00e0 chaleur air\/air, aussi appel\u00e9e <strong>climatisation<\/strong> r\u00e9versible. Elle chauffe efficacement en hiver et rafra\u00eechit l&rsquo;espace durant les pics de chaleur estivaux. Raccorder la v\u00e9randa au chauffage central de la maison est \u00e9galement une excellente option, tout comme un plancher chauffant pour une chaleur douce et homog\u00e8ne. Le bon <a href=\"https:\/\/pro-veranda.fr\/actu\/veranda-guide-complet-pour-bien-choisir-sa-structure\/\">choix de la structure de votre v\u00e9randa<\/a> influencera grandement ces besoins.<\/p>\n\n<script type=\"application\/ld+json\">\n{\"@context\":\"https:\/\/schema.org\",\"@type\":\"FAQPage\",\"mainEntity\":[{\"@type\":\"Question\",\"name\":\"Peut-on vraiment utiliser une vu00e9randa toute l'annu00e9e en hiver ?\",\"acceptedAnswer\":{\"@type\":\"Answer\",\"text\":\"Absolument. La clu00e9 ru00e9side dans une conception initiale irru00e9prochable : structure u00e0 rupture de pont thermique, double ou triple vitrage performant, et une dalle de sol bien isolu00e9e. Avec un systu00e8me de chauffage adaptu00e9, votre vu00e9randa sera aussi confortable que n'importe quelle autre piu00e8ce de la maison.\"}},{\"@type\":\"Question\",\"name\":\"Quelle est la plus grande erreur u00e0 u00e9viter lors de l'amu00e9nagement d'une vu00e9randa ?\",\"acceptedAnswer\":{\"@type\":\"Answer\",\"text\":\"La plus grande erreur est de sous-estimer la gestion de la chaleur en u00e9tu00e9. Beaucoup se concentrent sur l'isolation contre le froid et oublient que le soleil peut transformer une vu00e9randa en serre. Investir dans des protections solaires extu00e9rieures (stores, volets) et un vitrage u00e0 contru00f4le solaire n'est pas une option, c'est une nu00e9cessitu00e9, surtout pour les orientations sud et ouest.\"}},{\"@type\":\"Question\",\"name\":\"Quel type de sol est le plus recommandu00e9 pour une vu00e9randa ?\",\"acceptedAnswer\":{\"@type\":\"Answer\",\"text\":\"Le carrelage en gru00e8s cu00e9rame est le choix le plus su00fbr et le plus pratique. Il est durable, facile u00e0 nettoyer et possu00e8de une bonne inertie thermique (il stocke la frau00eecheur en u00e9tu00e9 et la chaleur en hiver). Le bois est plus du00e9licat u00e0 cause des fortes variations de tempu00e9rature et d'humiditu00e9, qui peuvent le faire travailler et se du00e9former.\"}}]}\n<\/script>\n<h3>Peut-on vraiment utiliser une v\u00e9randa toute l&rsquo;ann\u00e9e en hiver ?<\/h3>\n<p>Absolument. La cl\u00e9 r\u00e9side dans une conception initiale irr\u00e9prochable : structure \u00e0 rupture de pont thermique, double ou triple vitrage performant, et une dalle de sol bien isol\u00e9e. Avec un syst\u00e8me de chauffage adapt\u00e9, votre v\u00e9randa sera aussi confortable que n&rsquo;importe quelle autre pi\u00e8ce de la maison.<\/p>\n<h3>Quelle est la plus grande erreur \u00e0 \u00e9viter lors de l&rsquo;am\u00e9nagement d&rsquo;une v\u00e9randa ?<\/h3>\n<p>La plus grande erreur est de sous-estimer la gestion de la chaleur en \u00e9t\u00e9. Beaucoup se concentrent sur l&rsquo;isolation contre le froid et oublient que le soleil peut transformer une v\u00e9randa en serre. Investir dans des protections solaires ext\u00e9rieures (stores, volets) et un vitrage \u00e0 contr\u00f4le solaire n&rsquo;est pas une option, c&rsquo;est une n\u00e9cessit\u00e9, surtout pour les orientations sud et ouest.<\/p>\n<h3>Quel type de sol est le plus recommand\u00e9 pour une v\u00e9randa ?<\/h3>\n<p>Le carrelage en gr\u00e8s c\u00e9rame est le choix le plus s\u00fbr et le plus pratique. Il est durable, facile \u00e0 nettoyer et poss\u00e8de une bonne inertie thermique (il stocke la fra\u00eecheur en \u00e9t\u00e9 et la chaleur en hiver). Le bois est plus d\u00e9licat \u00e0 cause des fortes variations de temp\u00e9rature et d&rsquo;humidit\u00e9, qui peuvent le faire travailler et se d\u00e9former.<\/p>\n\n","protected":false},"excerpt":{"rendered":"<p>En bref : Transformer un simple espace vitr\u00e9 en une v\u00e9ritable pi\u00e8ce de vie demande plus qu&rsquo;une belle d\u00e9coration. Ce [&hellip;]<\/p>\n","protected":false},"author":1,"featured_media":33,"comment_status":"open","ping_status":"open","sticky":false,"template":"","format":"standard","meta":{"site-sidebar-layout":"default","site-content-layout":"","ast-site-content-layout":"default","site-content-style":"default","site-sidebar-style":"default","ast-global-header-display":"","ast-banner-title-visibility":"","ast-main-header-display":"","ast-hfb-above-header-display":"","ast-hfb-below-header-display":"","ast-hfb-mobile-header-display":"","site-post-title":"","ast-breadcrumbs-content":"","ast-featured-img":"","footer-sml-layout":"","ast-disable-related-posts":"","theme-transparent-header-meta":"","adv-header-id-meta":"","stick-header-meta":"","header-above-stick-meta":"","header-main-stick-meta":"","header-below-stick-meta":"","astra-migrate-meta-layouts":"default","ast-page-background-enabled":"default","ast-page-background-meta":{"desktop":{"background-color":"var(--ast-global-color-5)","background-image":"","background-repeat":"repeat","background-position":"center center","background-size":"auto","background-attachment":"scroll","background-type":"","background-media":"","overlay-type":"","overlay-color":"","overlay-opacity":"","overlay-gradient":""},"tablet":{"background-color":"","background-image":"","background-repeat":"repeat","background-position":"center center","background-size":"auto","background-attachment":"scroll","background-type":"","background-media":"","overlay-type":"","overlay-color":"","overlay-opacity":"","overlay-gradient":""},"mobile":{"background-color":"","background-image":"","background-repeat":"repeat","background-position":"center center","background-size":"auto","background-attachment":"scroll","background-type":"","background-media":"","overlay-type":"","overlay-color":"","overlay-opacity":"","overlay-gradient":""}},"ast-content-background-meta":{"desktop":{"background-color":"var(--ast-global-color-4)","background-image":"","background-repeat":"repeat","background-position":"center center","background-size":"auto","background-attachment":"scroll","background-type":"","background-media":"","overlay-type":"","overlay-color":"","overlay-opacity":"","overlay-gradient":""},"tablet":{"background-color":"var(--ast-global-color-4)","background-image":"","background-repeat":"repeat","background-position":"center center","background-size":"auto","background-attachment":"scroll","background-type":"","background-media":"","overlay-type":"","overlay-color":"","overlay-opacity":"","overlay-gradient":""},"mobile":{"background-color":"var(--ast-global-color-4)","background-image":"","background-repeat":"repeat","background-position":"center center","background-size":"auto","background-attachment":"scroll","background-type":"","background-media":"","overlay-type":"","overlay-color":"","overlay-opacity":"","overlay-gradient":""}},"footnotes":""},"categories":[1],"tags":[],"class_list":["post-35","post","type-post","status-publish","format-standard","has-post-thumbnail","hentry","category-veranda"],"_links":{"self":[{"href":"https:\/\/pro-veranda.fr\/actu\/wp-json\/wp\/v2\/posts\/35","targetHints":{"allow":["GET"]}}],"collection":[{"href":"https:\/\/pro-veranda.fr\/actu\/wp-json\/wp\/v2\/posts"}],"about":[{"href":"https:\/\/pro-veranda.fr\/actu\/wp-json\/wp\/v2\/types\/post"}],"author":[{"embeddable":true,"href":"https:\/\/pro-veranda.fr\/actu\/wp-json\/wp\/v2\/users\/1"}],"replies":[{"embeddable":true,"href":"https:\/\/pro-veranda.fr\/actu\/wp-json\/wp\/v2\/comments?post=35"}],"version-history":[{"count":0,"href":"https:\/\/pro-veranda.fr\/actu\/wp-json\/wp\/v2\/posts\/35\/revisions"}],"wp:featuredmedia":[{"embeddable":true,"href":"https:\/\/pro-veranda.fr\/actu\/wp-json\/wp\/v2\/media\/33"}],"wp:attachment":[{"href":"https:\/\/pro-veranda.fr\/actu\/wp-json\/wp\/v2\/media?parent=35"}],"wp:term":[{"taxonomy":"category","embeddable":true,"href":"https:\/\/pro-veranda.fr\/actu\/wp-json\/wp\/v2\/categories?post=35"},{"taxonomy":"post_tag","embeddable":true,"href":"https:\/\/pro-veranda.fr\/actu\/wp-json\/wp\/v2\/tags?post=35"}],"curies":[{"name":"wp","href":"https:\/\/api.w.org\/{rel}","templated":true}]}}