{"id":29,"date":"2026-01-12T07:33:34","date_gmt":"2026-01-12T06:33:34","guid":{"rendered":"https:\/\/pro-veranda.fr\/actu\/veranda-guide-complet-pour-bien-choisir-sa-structure\/"},"modified":"2026-01-12T07:33:34","modified_gmt":"2026-01-12T06:33:34","slug":"veranda-guide-complet-pour-bien-choisir-sa-structure","status":"publish","type":"post","link":"https:\/\/pro-veranda.fr\/actu\/veranda-guide-complet-pour-bien-choisir-sa-structure\/","title":{"rendered":"V\u00e9randa : guide complet pour bien choisir sa structure"},"content":{"rendered":"<p><strong>En bref :<\/strong><\/p>\n\n<p>Choisir la structure d&rsquo;une v\u00e9randa est un projet majeur qui valorise votre habitat. Ce guide complet, r\u00e9dig\u00e9 par un expert en menuiserie, d\u00e9crypte pour vous les \u00e9tapes essentielles pour faire un choix \u00e9clair\u00e9 en 2026. Des mat\u00e9riaux \u00e0 l&rsquo;isolation, en passant par le budget et les d\u00e9marches administratives, d\u00e9couvrez comment concevoir l&rsquo;extension parfaite pour votre maison.<\/p>\n\n<ul class=\"wp-block-list\"><li>\u2705 <strong>D\u00e9finition des besoins :<\/strong> La premi\u00e8re \u00e9tape cruciale est de d\u00e9terminer l&rsquo;usage futur de votre v\u00e9randa (salon, bureau, jardin d&rsquo;hiver&#8230;).<\/li><li>\ud83e\udeb5 <strong>Choix des mat\u00e9riaux :<\/strong> Comparez l&rsquo;aluminium pour sa modernit\u00e9, le bois pour sa chaleur et le PVC pour son budget attractif.<\/li><li>\u2600\ufe0f <strong>Aspects techniques :<\/strong> L&rsquo;orientation, l&rsquo;isolation et le vitrage sont les cl\u00e9s d&rsquo;un confort thermique et d&rsquo;une luminosit\u00e9 optimale toute l&rsquo;ann\u00e9e.<\/li><li>\ud83d\udcb0 <strong>Budget et formalit\u00e9s :<\/strong> Anticipez les co\u00fbts et ne n\u00e9gligez pas les d\u00e9marches l\u00e9gales comme la d\u00e9claration de travaux ou le permis de construire.<\/li><li>\ud83d\udc77 <strong>Installation :<\/strong> Faire appel \u00e0 un professionnel garantit un r\u00e9sultat conforme \u00e0 vos attentes, sans les mauvaises surprises d&rsquo;un chantier men\u00e9 en solo.<\/li><\/ul>\n\n<h2 class=\"wp-block-heading\">D\u00e9finir son projet de v\u00e9randa : la premi\u00e8re pierre de l&rsquo;\u00e9difice<\/h2>\n\n<p>Avant m\u00eame de penser aux mat\u00e9riaux ou au design, la r\u00e9ussite de votre projet de v\u00e9randa repose sur une question fondamentale : quel sera son usage ? Cette pi\u00e8ce suppl\u00e9mentaire doit r\u00e9pondre \u00e0 un besoin pr\u00e9cis pour s&rsquo;int\u00e9grer harmonieusement \u00e0 votre quotidien. Envisagez-vous un salon baign\u00e9 de lumi\u00e8re, un bureau inspirant avec vue sur le jardin, ou une salle \u00e0 manger conviviale pour recevoir vos proches ?<\/p>\n\n<p>La fonction de votre future v\u00e9randa dictera en grande partie sa <strong>dimension<\/strong>, son am\u00e9nagement et ses \u00e9quipements. Pour vous guider, voici les questions essentielles \u00e0 vous poser :<\/p>\n\n<ul class=\"wp-block-list\"><li>\ud83c\udfe0 Quelle pi\u00e8ce de la maison la v\u00e9randa va-t-elle prolonger ? (cuisine, salon&#8230;)<\/li><li>\ud83d\udc68\u200d\ud83d\udc69\u200d\ud83d\udc67\u200d\ud83d\udc66 Combien de personnes l&rsquo;utiliseront quotidiennement ?<\/li><li>\u2600\ufe0f Quelle sera son utilisation principale ? (d\u00e9tente, travail, repas, espace de jeu&#8230;)<\/li><li>\ud83d\udecb\ufe0f Quel type de mobilier souhaitez-vous y installer ?<\/li><\/ul>\n\n<p>Une compr\u00e9hension fine de vos attentes vous aidera \u00e0 dialoguer efficacement avec le professionnel en charge de votre projet et \u00e0 faire le bon <strong>choix<\/strong> structurel.<\/p>\n\n<h2 class=\"wp-block-heading\">Le choix des mat\u00e9riaux : quel squelette pour votre structure ?<\/h2>\n\n<p>La <strong>structure<\/strong> est l&rsquo;\u00e2me de votre v\u00e9randa. Elle d\u00e9termine non seulement son esth\u00e9tique, mais aussi sa durabilit\u00e9, son niveau d&rsquo;<strong>isolation<\/strong> et l&rsquo;entretien requis. Trois grands <strong>mat\u00e9riaux<\/strong> dominent le march\u00e9, chacun avec ses sp\u00e9cificit\u00e9s.<\/p>\n\n<h3 class=\"wp-block-heading\">L&rsquo;aluminium : la modernit\u00e9 et la finesse<\/h3>\n\n<p>Repr\u00e9sentant pr\u00e8s de 80 % des structures en France, l&rsquo;aluminium est pl\u00e9biscit\u00e9 pour sa l\u00e9g\u00e8ret\u00e9 et sa robustesse. Il permet de cr\u00e9er des profil\u00e9s fins qui maximisent la surface vitr\u00e9e et donc la <strong>luminosit\u00e9<\/strong>. Inoxydable, il ne craint pas la corrosion et son entretien est minime. Pour pallier sa conductivit\u00e9 thermique naturelle, il est imp\u00e9ratif d&rsquo;opter pour des ch\u00e2ssis \u00e0 rupture de pont thermique, garantissant une excellente isolation.<\/p>\n\n<h3 class=\"wp-block-heading\">Le bois : l&rsquo;authenticit\u00e9 et la performance naturelle<\/h3>\n\n<p>Le bois offre un <strong>design<\/strong> chaleureux et une \u00e9l\u00e9gance intemporelle. Naturellement isolant, il contribue activement au confort thermique de la v\u00e9randa. C&rsquo;est un mat\u00e9riau noble et robuste, mais qui exige un entretien r\u00e9gulier (lasure, peinture) pour conserver ses propri\u00e9t\u00e9s et son aspect au fil des ans. C&rsquo;est un choix id\u00e9al pour une int\u00e9gration parfaite avec une maison de style traditionnel.<\/p>\n\n<h3 class=\"wp-block-heading\">Le PVC : la solution \u00e9conomique et pratique<\/h3>\n\n<p>Le PVC se positionne comme l&rsquo;alternative la plus accessible en termes de <strong>budget<\/strong>. Il offre une bonne r\u00e9sistance aux intemp\u00e9ries et ne demande quasiment aucun entretien. Cependant, ses performances en mati\u00e8re d&rsquo;isolation sont g\u00e9n\u00e9ralement inf\u00e9rieures \u00e0 celles du bois ou de l&rsquo;aluminium \u00e0 rupture de pont thermique, et il est moins adapt\u00e9 aux structures de tr\u00e8s grande <strong>dimension<\/strong>.<\/p>\n\n<p>Pour vous aider \u00e0 y voir plus clair, voici un tableau comparatif des principaux mat\u00e9riaux pour la <strong>structure<\/strong> de votre v\u00e9randa :<\/p>\n\n<figure class=\"wp-block-table\"><table>\n<thead>\n<tr>\n<th>Mat\u00e9riau<\/th>\n<th>Avantages \ud83d\udc4d<\/th>\n<th>Inconv\u00e9nients \ud83d\udc4e<\/th>\n<th>Budget indicatif (\/m\u00b2)<\/th>\n<\/tr>\n<\/thead>\n<tbody>\n<tr>\n<td><strong>Aluminium<\/strong><\/td>\n<td>Moderne, durable, peu d&rsquo;entretien, finesse des profil\u00e9s<\/td>\n<td>Moins isolant sans rupture de pont thermique<\/td>\n<td>900 \u20ac &#8211; 1 800 \u20ac<\/td>\n<\/tr>\n<tr>\n<td><strong>Bois<\/strong><\/td>\n<td>Tr\u00e8s isolant, esth\u00e9tique chaleureuse, robuste<\/td>\n<td>Entretien r\u00e9gulier n\u00e9cessaire, co\u00fbt plus \u00e9lev\u00e9<\/td>\n<td>1 200 \u20ac &#8211; 2 500 \u20ac<\/td>\n<\/tr>\n<tr>\n<td><strong>PVC<\/strong><\/td>\n<td>\u00c9conomique, facile d&rsquo;entretien, bonne r\u00e9sistance<\/td>\n<td>Moins esth\u00e9tique, moins adapt\u00e9 aux grandes surfaces<\/td>\n<td>300 \u20ac &#8211; 1 200 \u20ac<\/td>\n<\/tr>\n<\/tbody>\n<\/table><\/figure>\n\n<figure class=\"is-provider-youtube is-type-video wp-block-embed wp-block-embed-youtube wp-embed-aspect-16-9 wp-has-aspect-ratio\"><div class=\"wp-block-embed__wrapper\">\n<iframe loading=\"lazy\" title=\"Il est interdit de faire \u00e7a ! #conseils #batiment #renovation #artisan #couverture #pourtoi #foryou\" width=\"500\" height=\"281\" src=\"https:\/\/www.youtube.com\/embed\/ZJHjfbkeMYE?feature=oembed\" frameborder=\"0\" allow=\"accelerometer; autoplay; clipboard-write; encrypted-media; gyroscope; picture-in-picture; web-share\" referrerpolicy=\"strict-origin-when-cross-origin\" allowfullscreen><\/iframe>\n<\/div><\/figure>\n\n<h2 class=\"wp-block-heading\">Aspects techniques : les cl\u00e9s d&rsquo;une v\u00e9randa confortable en toute saison<\/h2>\n\n<p>Une belle v\u00e9randa est avant tout une v\u00e9randa o\u00f9 l&rsquo;on se sent bien, \u00e9t\u00e9 comme hiver. Cela passe par des choix techniques judicieux concernant son implantation, son vitrage et sa ventilation.<\/p>\n\n<h3 class=\"wp-block-heading\">L&rsquo;orientation : un dialogue permanent avec le soleil<\/h3>\n\n<p>Le positionnement de votre v\u00e9randa est essentiel pour son confort thermique. Une orientation au <strong>nord<\/strong> offrira une lumi\u00e8re constante et douce, sans surchauffe, id\u00e9ale pour un bureau ou un atelier d&rsquo;artiste. Au <strong>sud<\/strong>, vous profiterez d&rsquo;un maximum de chaleur et de <strong>luminosit\u00e9<\/strong> en hiver, mais des protections solaires (stores, volets) seront indispensables en \u00e9t\u00e9. Les orientations <strong>est<\/strong> et <strong>ouest<\/strong> repr\u00e9sentent un bon compromis, avec un ensoleillement direct respectivement le matin et l&rsquo;apr\u00e8s-midi.<\/p>\n\n<h3 class=\"wp-block-heading\">Isolation et vitrage : le bouclier thermique<\/h3>\n\n<p>L&rsquo;<strong>isolation<\/strong> est le nerf de la guerre. Elle passe par la <strong>structure<\/strong> (avec rupture de pont thermique pour l&rsquo;alu), mais surtout par le vitrage, qui repr\u00e9sente la plus grande surface de d\u00e9perdition. Le <strong>double vitrage \u00e0 isolation renforc\u00e9e (VIR)<\/strong> est aujourd&rsquo;hui un standard. Pour aller plus loin, le <strong>triple vitrage<\/strong> ou le vitrage \u00e0 contr\u00f4le solaire permettent de limiter la surchauffe estivale tout en conservant la chaleur en hiver. Pensez \u00e9galement \u00e0 l&rsquo;isolation de la dalle au sol, un point souvent n\u00e9glig\u00e9 mais primordial pour \u00e9viter les remont\u00e9es de froid et d&rsquo;humidit\u00e9. C&rsquo;est pourquoi l&rsquo;<strong>installation<\/strong> d&rsquo;une v\u00e9randa sur une terrasse existante peut n\u00e9cessiter la d\u00e9pose de cette derni\u00e8re pour couler une dalle en b\u00e9ton isol\u00e9e.<\/p>\n\n<h2 class=\"wp-block-heading\">De la conception \u00e0 la pose : budget et d\u00e9marches \u00e0 ne pas oublier<\/h2>\n\n<p>Votre projet prend forme, il est temps d&rsquo;aborder les aspects plus concrets : le financement et les obligations l\u00e9gales. Une bonne planification \u00e0 ce stade est gage de s\u00e9r\u00e9nit\u00e9 pour la suite.<\/p>\n\n<h3 class=\"wp-block-heading\">Estimer son budget : combien co\u00fbte une v\u00e9randa en 2026 ?<\/h3>\n\n<p>Le co\u00fbt d&rsquo;une v\u00e9randa est tr\u00e8s variable. Il d\u00e9pend des <strong>mat\u00e9riaux<\/strong>, de la surface, du type de vitrage et de la complexit\u00e9 du chantier. Les fourchettes de prix mentionn\u00e9es plus haut vous donnent une premi\u00e8re id\u00e9e. \u00c0 cela, il faut ajouter les co\u00fbts annexes : ma\u00e7onnerie, \u00e9lectricit\u00e9, chauffage, ou encore les protections solaires. Demander plusieurs devis d\u00e9taill\u00e9s est la meilleure approche pour affiner votre <strong>budget<\/strong>.<\/p>\n\n<!-- Bloc de code du calculateur de budget pour v\u00e9randa - Pr\u00eat \u00e0 copier\/coller -->\n<div id=\"veranda-calculator-container\" class=\"not-prose font-sans antialiased max-w-3xl mx-auto my-12\">\n    <!-- Appel du CDN de Tailwind CSS (version 'browser' qui ne n\u00e9cessite pas de build step) -->\n    <!-- Note: Si Tailwind est d\u00e9j\u00e0 charg\u00e9 sur votre page, vous pouvez supprimer cette ligne -->\n    <script src=\"https:\/\/cdn.jsdelivr.net\/npm\/@tailwindcss\/browser@4\"><\/script>\n\n    <div class=\"bg-slate-50 border border-slate-200 rounded-2xl shadow-lg p-6 sm:p-8 overflow-hidden\">\n        \n        <!-- Titre et description -->\n        <div class=\"text-center mb-8\">\n            <h2 id=\"calculator-title\" class=\"text-2xl sm:text-3xl font-bold text-slate-800\">Estimez le budget de votre v\u00e9randa<\/h2>\n            <p id=\"calculator-subtitle\" class=\"text-slate-600 mt-2\">Affinez votre projet en quelques clics gr\u00e2ce \u00e0 notre outil d&rsquo;estimation.<\/p>\n        <\/div>\n\n        <form id=\"veranda-form\" class=\"space-y-8\">\n            \n            <!-- \u00c9tape 1: Choix du Mat\u00e9riau -->\n            <div>\n                <label id=\"material-label\" class=\"block text-lg font-semibold text-slate-700 mb-3\">1. Quel mat\u00e9riau pour la structure ?<\/label>\n                <div class=\"grid grid-cols-1 sm:grid-cols-3 gap-4\">\n                    <!-- Option: Aluminium -->\n                    <label class=\"relative cursor-pointer\">\n                        <input type=\"radio\" name=\"material\" value=\"alu\" class=\"peer sr-only\" checked>\n                        <div class=\"h-full p-4 border-2 border-slate-300 rounded-lg text-center transition-all peer-checked:border-blue-600 peer-checked:ring-2 peer-checked:ring-blue-500\/50 peer-checked:shadow-md\">\n                            <span class=\"text-5xl\">&#x1f529;<\/span>\n                            <p class=\"font-semibold text-slate-800 mt-2\">Aluminium<\/p>\n                            <p class=\"text-xs text-slate-500\">Moderne et facile d&rsquo;entretien<\/p>\n                        <\/div>\n                    <\/label>\n                    <!-- Option: Bois -->\n                    <label class=\"relative cursor-pointer\">\n                        <input type=\"radio\" name=\"material\" value=\"bois\" class=\"peer sr-only\">\n                        <div class=\"h-full p-4 border-2 border-slate-300 rounded-lg text-center transition-all peer-checked:border-green-600 peer-checked:ring-2 peer-checked:ring-green-500\/50 peer-checked:shadow-md\">\n                            <span class=\"text-5xl\">&#x1fab5;<\/span>\n                            <p class=\"font-semibold text-slate-800 mt-2\">Bois<\/p>\n                            <p class=\"text-xs text-slate-500\">Chaleureux et isolant naturel<\/p>\n                        <\/div>\n                    <\/label>\n                    <!-- Option: PVC -->\n                    <label class=\"relative cursor-pointer\">\n                        <input type=\"radio\" name=\"material\" value=\"pvc\" class=\"peer sr-only\">\n                         <div class=\"h-full p-4 border-2 border-slate-300 rounded-lg text-center transition-all peer-checked:border-gray-600 peer-checked:ring-2 peer-checked:ring-gray-500\/50 peer-checked:shadow-md\">\n                            <span class=\"text-5xl\">&#x1fa9f;<\/span>\n                            <p class=\"font-semibold text-slate-800 mt-2\">PVC<\/p>\n                            <p class=\"text-xs text-slate-500\">\u00c9conomique et performant<\/p>\n                        <\/div>\n                    <\/label>\n                <\/div>\n            <\/div>\n\n            <!-- \u00c9tape 2: Surface -->\n            <div>\n                <label id=\"surface-label\" for=\"surface\" class=\"block text-lg font-semibold text-slate-700 mb-3\">2. Quelle surface envisagez-vous ?<\/label>\n                <div class=\"flex items-center gap-4\">\n                    <input type=\"range\" id=\"surface\" min=\"5\" max=\"100\" value=\"20\" class=\"w-full h-2 bg-slate-200 rounded-lg appearance-none cursor-pointer accent-blue-600\">\n                    <span id=\"surface-value\" class=\"font-bold text-xl text-blue-700 bg-blue-100 rounded-md px-3 py-1 w-28 text-center\">20 m\u00b2<\/span>\n                <\/div>\n            <\/div>\n\n            <!-- \u00c9tape 3: Type de Vitrage -->\n            <div>\n                 <label id=\"glazing-label\" class=\"block text-lg font-semibold text-slate-700 mb-3\">3. Quel type de vitrage ?<\/label>\n                 <div class=\"flex flex-col sm:flex-row gap-4\">\n                     <!-- Option: Double Vitrage -->\n                     <label class=\"flex-1 relative cursor-pointer\">\n                         <input type=\"radio\" name=\"glazing\" value=\"double\" class=\"peer sr-only\" checked>\n                         <div class=\"p-4 border-2 border-slate-300 rounded-lg text-left transition-all peer-checked:border-blue-600 peer-checked:bg-blue-50\/50 flex items-center gap-4\">\n                            <div class=\"text-2xl\">&#x1f5bc;&#xfe0f;<\/div>\n                            <div>\n                                <p class=\"font-semibold text-slate-800\">Double Vitrage<\/p>\n                                <p class=\"text-xs text-slate-500\">Le standard efficace et performant<\/p>\n                            <\/div>\n                         <\/div>\n                     <\/label>\n                     <!-- Option: Triple Vitrage -->\n                     <label class=\"flex-1 relative cursor-pointer\">\n                         <input type=\"radio\" name=\"glazing\" value=\"triple\" class=\"peer sr-only\">\n                         <div class=\"p-4 border-2 border-slate-300 rounded-lg text-left transition-all peer-checked:border-blue-600 peer-checked:bg-blue-50\/50 flex items-center gap-4\">\n                            <div class=\"text-2xl\">&#x1f9ca;<\/div>\n                            <div>\n                                <p class=\"font-semibold text-slate-800\">Triple Vitrage<\/p>\n                                <p class=\"text-xs text-slate-500\">Pour une isolation thermique maximale<\/p>\n                            <\/div>\n                         <\/div>\n                     <\/label>\n                 <\/div>\n            <\/div>\n        <\/form>\n\n        <!-- Section R\u00e9sultat -->\n        <div id=\"result-section\" class=\"mt-10 pt-6 border-t border-slate-300 text-center\">\n            <p id=\"result-label\" class=\"text-slate-600 text-lg\">Votre estimation de budget :<\/p>\n            <p id=\"result-price\" class=\"text-4xl sm:text-5xl font-extrabold text-blue-700 my-2\">\n                <!-- Le prix sera inject\u00e9 ici par le JavaScript -->\n            <\/p>\n            <p id=\"result-disclaimer\" class=\"text-xs text-slate-500 max-w-md mx-auto mt-4\">\n                Cette estimation est fournie \u00e0 titre indicatif et n&rsquo;inclut pas les frais de pose, les options (volets, \u00e9clairage&#8230;) ni les travaux de ma\u00e7onnerie. Pour un devis pr\u00e9cis, consultez un professionnel.\n            <\/p>\n        <\/div>\n    <\/div>\n<\/div>\n\n<!-- Logique du calculateur en JavaScript -->\n<script>\n    \/\/ Attend que le contenu de la page soit enti\u00e8rement charg\u00e9 avant d'ex\u00e9cuter le script\n    document.addEventListener('DOMContentLoaded', () => {\n\n        \/\/ --- CONFIGURATION ---\n        \/\/ Toutes les donn\u00e9es et textes sont centralis\u00e9s ici pour une modification facile.\n        const config = {\n            \/\/ Prix de base par mat\u00e9riau en \u20ac\/m\u00b2. Ces valeurs sont des moyennes du march\u00e9.\n            prices: {\n                alu: 1300,  \/\/ Aluminium: bon rapport qualit\u00e9\/prix\n                bois: 1600, \/\/ Bois: plus cher, demande de l'entretien\n                pvc: 950    \/\/ PVC: le plus \u00e9conomique\n            },\n            \/\/ Multiplicateur de co\u00fbt pour le type de vitrage.\n            glazingMultiplier: {\n                double: 1.0,  \/\/ Le double vitrage est notre r\u00e9f\u00e9rence de base\n                triple: 1.20  \/\/ Le triple vitrage est environ 20% plus cher\n            },\n            \/\/ Facteur pour cr\u00e9er une fourchette de prix (+\/- 10%)\n            \/\/ Une estimation unique est rarement juste, une fourchette est plus r\u00e9aliste.\n            priceRangeFactor: {\n                min: 0.90, \/\/ 90% du co\u00fbt calcul\u00e9\n                max: 1.10  \/\/ 110% du co\u00fbt calcul\u00e9\n            }\n        };\n\n        \/\/ --- S\u00c9LECTION DES \u00c9L\u00c9MENTS DU DOM ---\n        \/\/ On r\u00e9cup\u00e8re tous les \u00e9l\u00e9ments interactifs du formulaire et d'affichage.\n        const form = document.getElementById('veranda-form');\n        const surfaceSlider = document.getElementById('surface');\n        const surfaceValueDisplay = document.getElementById('surface-value');\n        const resultPriceDisplay = document.getElementById('result-price');\n\n        \/\/ --- FONCTIONS ---\n\n        \/**\n         * Calcule le budget estim\u00e9 de la v\u00e9randa et met \u00e0 jour l'affichage.\n         *\/\n        function calculateAndUpdate() {\n            try {\n                \/\/ 1. R\u00e9cup\u00e9rer les valeurs s\u00e9lectionn\u00e9es par l'utilisateur\n                const selectedMaterial = document.querySelector('input[name=\"material\"]:checked').value;\n                const surface = parseInt(surfaceSlider.value, 10);\n                const selectedGlazing = document.querySelector('input[name=\"glazing\"]:checked').value;\n\n                \/\/ 2. Calculer le co\u00fbt de base\n                const basePricePerSqm = config.prices[selectedMaterial];\n                const baseCost = basePricePerSqm * surface;\n\n                \/\/ 3. Appliquer le multiplicateur du vitrage\n                const glazingFactor = config.glazingMultiplier[selectedGlazing];\n                const finalCost = baseCost * glazingFactor;\n\n                \/\/ 4. Calculer la fourchette de prix\n                const minPrice = finalCost * config.priceRangeFactor.min;\n                const maxPrice = finalCost * config.priceRangeFactor.max;\n\n                \/\/ 5. Mettre \u00e0 jour l'affichage\n                \/\/ On met \u00e0 jour le texte affichant la surface en m\u00b2\n                surfaceValueDisplay.textContent = `${surface} m\u00b2`;\n\n                \/\/ On formate les prix pour l'affichage en fran\u00e7ais (ex: 15 000 \u20ac)\n                const formattedMin = Math.round(minPrice \/ 100) * 100; \/\/ Arrondi \u00e0 la centaine pr\u00e8s\n                const formattedMax = Math.round(maxPrice \/ 100) * 100;\n                const priceText = `entre ${formattedMin.toLocaleString('fr-FR')} \u20ac et ${formattedMax.toLocaleString('fr-FR')} \u20ac`;\n                \n                resultPriceDisplay.textContent = priceText;\n\n            } catch (error) {\n                \/\/ En cas d'erreur (ex: un \u00e9l\u00e9ment non trouv\u00e9), on affiche un message\n                console.error(\"Erreur lors du calcul du budget :\", error);\n                resultPriceDisplay.textContent = \"Erreur de calcul\";\n            }\n        }\n\n        \/\/ --- \u00c9COUTEURS D'\u00c9V\u00c9NEMENTS ---\n\n        \/\/ On \u00e9coute les changements sur l'ensemble du formulaire.\n        \/\/ L'\u00e9v\u00e9nement 'input' se d\u00e9clenche imm\u00e9diatement (parfait pour le slider).\n        \/\/ L'\u00e9v\u00e9nement 'change' se d\u00e9clenche quand la valeur est valid\u00e9e (pour les radios).\n        \/\/ En \u00e9coutant sur le formulaire, on capture les \u00e9v\u00e9nements de tous les champs.\n        form.addEventListener('input', calculateAndUpdate);\n\n        \/\/ --- INITIALISATION ---\n        \/\/ On ex\u00e9cute un premier calcul au chargement de la page\n        \/\/ pour afficher une estimation avec les valeurs par d\u00e9faut.\n        calculateAndUpdate();\n    });\n\n    \/*\n     * Note sur les APIs externes:\n     * Pour ce calculateur, une API externe n'est pas n\u00e9cessaire.\n     * Les donn\u00e9es de prix sont bas\u00e9es sur des moyennes de march\u00e9 et sont int\u00e9gr\u00e9es directement\n     * dans l'objet `config` du script. Cela garantit une performance maximale (pas d'appels r\u00e9seau)\n     * et une disponibilit\u00e9 \u00e0 100% (pas de d\u00e9pendance \u00e0 un service tiers).\n     * Si l'on voulait des prix mis \u00e0 jour en temps r\u00e9el, on pourrait appeler une API.\n     * \n     * Exemple d'API (fictive) :\n     * URL : https:\/\/api.example.com\/construction\/veranda\/prices\n     * R\u00e9ponse JSON attendue :\n     * {\n     *   \"last_updated\": \"2024-05-21T10:00:00Z\",\n     *   \"prices_per_sqm\": {\n     *     \"alu\": 1350,\n     *     \"bois\": 1620,\n     *     \"pvc\": 980\n     *   },\n     *   \"glazing_multipliers\": {\n     *     \"double\": 1.0,\n     *     \"triple\": 1.25\n     *   }\n     * }\n     *\/\n<\/script>\n<!-- Fin du bloc de code du calculateur -->\n\n<h3 class=\"wp-block-heading\">Les d\u00e9marches administratives : un passage oblig\u00e9<\/h3>\n\n<p>L&rsquo;<strong>installation<\/strong> d&rsquo;une v\u00e9randa modifie l&rsquo;aspect ext\u00e9rieur de votre habitation et sa surface de plancher. Des d\u00e9marches administratives sont donc n\u00e9cessaires. Pour une surface inf\u00e9rieure \u00e0 20 m\u00b2 (ou 40 m\u00b2 dans les zones urbaines dot\u00e9es d&rsquo;un Plan Local d&rsquo;Urbanisme), une simple <strong>d\u00e9claration pr\u00e9alable de travaux<\/strong> en mairie suffit. Au-del\u00e0, il vous faudra d\u00e9poser <a href=\"https:\/\/pro-veranda.fr\/actu\/veranda-quand-faut-il-un-permis-de-construire\/\">une demande de permis de construire<\/a>. Renseignez-vous toujours aupr\u00e8s du service d&rsquo;urbanisme de votre commune avant de lancer les travaux.<\/p>\n\n<h3 class=\"wp-block-heading\">Faire appel \u00e0 un professionnel : l&rsquo;assurance d&rsquo;un projet r\u00e9ussi<\/h3>\n\n<p>S&rsquo;il est tentant de vouloir construire sa v\u00e9randa soi-m\u00eame pour r\u00e9duire les co\u00fbts, cette t\u00e2che est complexe et technique. Faire appel \u00e0 un v\u00e9randaliste professionnel vous offre une solution cl\u00e9 en main et de nombreuses garanties. Il vous accompagnera de la conception 3D \u00e0 la r\u00e9ception du chantier, en passant par les d\u00e9marches administratives et la coordination des diff\u00e9rents corps de m\u00e9tier. C&rsquo;est l&rsquo;assurance d&rsquo;un d\u00e9lai et d&rsquo;un prix d\u00e9finis \u00e0 l&rsquo;avance, et surtout, d&rsquo;une <strong>installation<\/strong> dans les r\u00e8gles de l&rsquo;art pour <a href=\"https:\/\/pro-veranda.fr\/actu\/?page_id=3\">un projet de construction de v\u00e9randa serein<\/a>. Vous pourrez ainsi vous concentrer sur l&rsquo;essentiel : imaginer la vie dans votre nouvel espace, et peut-\u00eatre m\u00eame <a href=\"https:\/\/pro-veranda.fr\/actu\/page-d-exemple\/\">voir des exemples de r\u00e9alisations<\/a> pour vous inspirer.<\/p>\n\n<figure class=\"is-provider-youtube is-type-video wp-block-embed wp-block-embed-youtube wp-embed-aspect-16-9 wp-has-aspect-ratio\"><div class=\"wp-block-embed__wrapper\">\n<iframe loading=\"lazy\" title=\"Astuce: poser des lames de terrasse en composite creuse \ud83d\ude0a\" width=\"500\" height=\"281\" src=\"https:\/\/www.youtube.com\/embed\/TLT7bu-TTJc?feature=oembed\" frameborder=\"0\" allow=\"accelerometer; autoplay; clipboard-write; encrypted-media; gyroscope; picture-in-picture; web-share\" referrerpolicy=\"strict-origin-when-cross-origin\" allowfullscreen><\/iframe>\n<\/div><\/figure>\n\n<script type=\"application\/ld+json\">\n{\"@context\":\"https:\/\/schema.org\",\"@type\":\"FAQPage\",\"mainEntity\":[{\"@type\":\"Question\",\"name\":\"Quelle est la meilleure orientation pour une vu00e9randa ?\",\"acceptedAnswer\":{\"@type\":\"Answer\",\"text\":\"L'orientation idu00e9ale du00e9pend de l'usage et de votre ru00e9gion. Le sud offre un maximum de chaleur et de lumiu00e8re, idu00e9al en hiver mais nu00e9cessitant des protections en u00e9tu00e9. Le nord procure une lumiu00e8re douce et constante, sans surchauffe. L'est et l'ouest sont de bons compromis pour un ensoleillement matinal ou en fin de journu00e9e.\"}},{\"@type\":\"Question\",\"name\":\"Un permis de construire est-il toujours obligatoire pour une vu00e9randa ?\",\"acceptedAnswer\":{\"@type\":\"Answer\",\"text\":\"Non, tout du00e9pend de la surface. Pour une vu00e9randa de moins de 20 mu00b2 (ou 40 mu00b2 en zone urbaine avec un PLU), une du00e9claration pru00e9alable de travaux est suffisante. Au-delu00e0 de ces seuils, un permis de construire est indispensable. Consultez toujours le service d'urbanisme de votre mairie.\"}},{\"@type\":\"Question\",\"name\":\"Quel matu00e9riau de structure demande le moins d'entretien ?\",\"acceptedAnswer\":{\"@type\":\"Answer\",\"text\":\"L'aluminium et le PVC sont les champions du faible entretien. Un simple nettoyage u00e0 l'eau savonneuse quelques fois par an suffit u00e0 leur redonner leur u00e9clat. Le bois, en revanche, nu00e9cessite un traitement ru00e9gulier (lasure ou peinture) pour le protu00e9ger des intempu00e9ries et des UV.\"}},{\"@type\":\"Question\",\"name\":\"Combien de temps dure l'installation d'une vu00e9randa ?\",\"acceptedAnswer\":{\"@type\":\"Answer\",\"text\":\"La duru00e9e de l'installation varie selon la complexitu00e9 du projet. Apru00e8s la validation des plans et l'obtention des autorisations, la fabrication en atelier prend plusieurs semaines. La pose sur site en elle-mu00eame est relativement rapide et peut durer de quelques jours u00e0 deux semaines pour les projets les plus complexes, hors travaux de mau00e7onnerie.\"}}]}\n<\/script>\n<h3>Quelle est la meilleure orientation pour une v\u00e9randa ?<\/h3>\n<p>L&rsquo;orientation id\u00e9ale d\u00e9pend de l&rsquo;usage et de votre r\u00e9gion. Le sud offre un maximum de chaleur et de lumi\u00e8re, id\u00e9al en hiver mais n\u00e9cessitant des protections en \u00e9t\u00e9. Le nord procure une lumi\u00e8re douce et constante, sans surchauffe. L&rsquo;est et l&rsquo;ouest sont de bons compromis pour un ensoleillement matinal ou en fin de journ\u00e9e.<\/p>\n<h3>Un permis de construire est-il toujours obligatoire pour une v\u00e9randa ?<\/h3>\n<p>Non, tout d\u00e9pend de la surface. Pour une v\u00e9randa de moins de 20 m\u00b2 (ou 40 m\u00b2 en zone urbaine avec un PLU), une d\u00e9claration pr\u00e9alable de travaux est suffisante. Au-del\u00e0 de ces seuils, un permis de construire est indispensable. Consultez toujours le service d&rsquo;urbanisme de votre mairie.<\/p>\n<h3>Quel mat\u00e9riau de structure demande le moins d&rsquo;entretien ?<\/h3>\n<p>L&rsquo;aluminium et le PVC sont les champions du faible entretien. Un simple nettoyage \u00e0 l&rsquo;eau savonneuse quelques fois par an suffit \u00e0 leur redonner leur \u00e9clat. Le bois, en revanche, n\u00e9cessite un traitement r\u00e9gulier (lasure ou peinture) pour le prot\u00e9ger des intemp\u00e9ries et des UV.<\/p>\n<h3>Combien de temps dure l&rsquo;installation d&rsquo;une v\u00e9randa ?<\/h3>\n<p>La dur\u00e9e de l&rsquo;installation varie selon la complexit\u00e9 du projet. Apr\u00e8s la validation des plans et l&rsquo;obtention des autorisations, la fabrication en atelier prend plusieurs semaines. La pose sur site en elle-m\u00eame est relativement rapide et peut durer de quelques jours \u00e0 deux semaines pour les projets les plus complexes, hors travaux de ma\u00e7onnerie.<\/p>\n\n","protected":false},"excerpt":{"rendered":"<p>En bref : Choisir la structure d&rsquo;une v\u00e9randa est un projet majeur qui valorise votre habitat. Ce guide complet, r\u00e9dig\u00e9 [&hellip;]<\/p>\n","protected":false},"author":1,"featured_media":27,"comment_status":"open","ping_status":"open","sticky":false,"template":"","format":"standard","meta":{"site-sidebar-layout":"default","site-content-layout":"","ast-site-content-layout":"default","site-content-style":"default","site-sidebar-style":"default","ast-global-header-display":"","ast-banner-title-visibility":"","ast-main-header-display":"","ast-hfb-above-header-display":"","ast-hfb-below-header-display":"","ast-hfb-mobile-header-display":"","site-post-title":"","ast-breadcrumbs-content":"","ast-featured-img":"","footer-sml-layout":"","ast-disable-related-posts":"","theme-transparent-header-meta":"","adv-header-id-meta":"","stick-header-meta":"","header-above-stick-meta":"","header-main-stick-meta":"","header-below-stick-meta":"","astra-migrate-meta-layouts":"default","ast-page-background-enabled":"default","ast-page-background-meta":{"desktop":{"background-color":"var(--ast-global-color-5)","background-image":"","background-repeat":"repeat","background-position":"center center","background-size":"auto","background-attachment":"scroll","background-type":"","background-media":"","overlay-type":"","overlay-color":"","overlay-opacity":"","overlay-gradient":""},"tablet":{"background-color":"","background-image":"","background-repeat":"repeat","background-position":"center center","background-size":"auto","background-attachment":"scroll","background-type":"","background-media":"","overlay-type":"","overlay-color":"","overlay-opacity":"","overlay-gradient":""},"mobile":{"background-color":"","background-image":"","background-repeat":"repeat","background-position":"center center","background-size":"auto","background-attachment":"scroll","background-type":"","background-media":"","overlay-type":"","overlay-color":"","overlay-opacity":"","overlay-gradient":""}},"ast-content-background-meta":{"desktop":{"background-color":"var(--ast-global-color-4)","background-image":"","background-repeat":"repeat","background-position":"center center","background-size":"auto","background-attachment":"scroll","background-type":"","background-media":"","overlay-type":"","overlay-color":"","overlay-opacity":"","overlay-gradient":""},"tablet":{"background-color":"var(--ast-global-color-4)","background-image":"","background-repeat":"repeat","background-position":"center center","background-size":"auto","background-attachment":"scroll","background-type":"","background-media":"","overlay-type":"","overlay-color":"","overlay-opacity":"","overlay-gradient":""},"mobile":{"background-color":"var(--ast-global-color-4)","background-image":"","background-repeat":"repeat","background-position":"center center","background-size":"auto","background-attachment":"scroll","background-type":"","background-media":"","overlay-type":"","overlay-color":"","overlay-opacity":"","overlay-gradient":""}},"footnotes":""},"categories":[1],"tags":[],"class_list":["post-29","post","type-post","status-publish","format-standard","has-post-thumbnail","hentry","category-veranda"],"_links":{"self":[{"href":"https:\/\/pro-veranda.fr\/actu\/wp-json\/wp\/v2\/posts\/29","targetHints":{"allow":["GET"]}}],"collection":[{"href":"https:\/\/pro-veranda.fr\/actu\/wp-json\/wp\/v2\/posts"}],"about":[{"href":"https:\/\/pro-veranda.fr\/actu\/wp-json\/wp\/v2\/types\/post"}],"author":[{"embeddable":true,"href":"https:\/\/pro-veranda.fr\/actu\/wp-json\/wp\/v2\/users\/1"}],"replies":[{"embeddable":true,"href":"https:\/\/pro-veranda.fr\/actu\/wp-json\/wp\/v2\/comments?post=29"}],"version-history":[{"count":0,"href":"https:\/\/pro-veranda.fr\/actu\/wp-json\/wp\/v2\/posts\/29\/revisions"}],"wp:featuredmedia":[{"embeddable":true,"href":"https:\/\/pro-veranda.fr\/actu\/wp-json\/wp\/v2\/media\/27"}],"wp:attachment":[{"href":"https:\/\/pro-veranda.fr\/actu\/wp-json\/wp\/v2\/media?parent=29"}],"wp:term":[{"taxonomy":"category","embeddable":true,"href":"https:\/\/pro-veranda.fr\/actu\/wp-json\/wp\/v2\/categories?post=29"},{"taxonomy":"post_tag","embeddable":true,"href":"https:\/\/pro-veranda.fr\/actu\/wp-json\/wp\/v2\/tags?post=29"}],"curies":[{"name":"wp","href":"https:\/\/api.w.org\/{rel}","templated":true}]}}