{"id":144,"date":"2026-02-06T08:42:28","date_gmt":"2026-02-06T07:42:28","guid":{"rendered":"https:\/\/pro-veranda.fr\/actu\/les-specificites-des-secteurs-sauvegardes-et-sites-patrimoniaux\/"},"modified":"2026-02-06T08:42:28","modified_gmt":"2026-02-06T07:42:28","slug":"les-specificites-des-secteurs-sauvegardes-et-sites-patrimoniaux","status":"publish","type":"post","link":"https:\/\/pro-veranda.fr\/actu\/les-specificites-des-secteurs-sauvegardes-et-sites-patrimoniaux\/","title":{"rendered":"Les sp\u00e9cificit\u00e9s des secteurs sauvegard\u00e9s et sites patrimoniaux."},"content":{"rendered":"<p><strong>En bref<\/strong><\/p>\n\n<p>Pour tout projet d&rsquo;installation de pergola ou de v\u00e9randa dans une zone prot\u00e9g\u00e9e, une connaissance approfondie de la r\u00e9glementation est indispensable. Ces secteurs, r\u00e9gis par des r\u00e8gles strictes, visent \u00e0 pr\u00e9server notre h\u00e9ritage architectural et paysager. Voici les points essentiels \u00e0 retenir :<\/p>\n\n<ul class=\"wp-block-list\"><li>\ud83d\udcdc Les projets en <strong>secteurs sauvegard\u00e9s<\/strong> ou <strong>sites patrimoniaux<\/strong> sont soumis \u00e0 une <strong>r\u00e9glementation urbanistique<\/strong> sp\u00e9cifique et souvent plus contraignante que le Plan Local d&rsquo;Urbanisme (PLU).<\/li><li>\ud83c\udfdb\ufe0f L&rsquo;avis de l&rsquo;Architecte des B\u00e2timents de France (ABF) est une \u00e9tape incontournable. Son accord, ou ses prescriptions, est n\u00e9cessaire pour valider le projet.<\/li><li>\ud83c\udfa8 Le choix des mat\u00e9riaux, des couleurs et des formes est primordial. L&rsquo;objectif est une int\u00e9gration parfaite qui respecte le <strong>caract\u00e8re architectural<\/strong> et la <strong>valeur historique<\/strong> du lieu.<\/li><li>\u23f3 Les d\u00e9lais d&rsquo;instruction des dossiers (d\u00e9claration pr\u00e9alable ou permis de construire) sont g\u00e9n\u00e9ralement plus longs. L&rsquo;anticipation est donc votre meilleure alli\u00e9e.<\/li><li>\u2705 Une bonne pr\u00e9paration du dossier, incluant des plans d\u00e9taill\u00e9s et des simulations, facilite grandement le dialogue avec les autorit\u00e9s et augmente vos chances de succ\u00e8s.<\/li><\/ul>\n\n<h2 class=\"wp-block-heading\">Comprendre la r\u00e9glementation des secteurs sauvegard\u00e9s pour votre projet de pergola<\/h2>\n\n<p>Vous r\u00eavez d&rsquo;une pergola adoss\u00e9e \u00e0 votre fa\u00e7ade en pierre, mais votre bien se situe en plein c\u0153ur d&rsquo;un centre historique ? Attention, vous entrez probablement dans le p\u00e9rim\u00e8tre d&rsquo;un des <strong>secteurs sauvegard\u00e9s<\/strong>, aujourd&rsquo;hui appel\u00e9s Sites Patrimoniaux Remarquables (SPR). Ces zones sont d\u00e9finies pour assurer la <strong>protection du patrimoine<\/strong> architectural et urbain. L&rsquo;enjeu est de taille : il s&rsquo;agit de maintenir la coh\u00e9rence et l&rsquo;authenticit\u00e9 de quartiers ou de villages \u00e0 forte <strong>valeur historique<\/strong>.<\/p>\n\n<p>Pour un bricoleur, m\u00eame averti, cela signifie que la libert\u00e9 de construction est encadr\u00e9e. Toute modification de l&rsquo;aspect ext\u00e9rieur d&rsquo;un b\u00e2timent, y compris l&rsquo;ajout d&rsquo;une pergola ou d&rsquo;une v\u00e9randa, est soumise \u00e0 une autorisation d&rsquo;urbanisme sp\u00e9cifique. Cette d\u00e9marche implique obligatoirement la consultation de l&rsquo;Architecte des B\u00e2timents de France (ABF), dont l&rsquo;avis est souvent pr\u00e9pond\u00e9rant.<\/p>\n\n<h3 class=\"wp-block-heading\">L&rsquo;impact de la r\u00e9glementation urbanistique sur votre am\u00e9nagement ext\u00e9rieur<\/h3>\n\n<p>La <strong>r\u00e9glementation urbanistique<\/strong> en zone prot\u00e9g\u00e9e va bien au-del\u00e0 des simples r\u00e8gles de distance ou de hauteur. Elle s&rsquo;attache \u00e0 la <strong>conservation architecturale<\/strong> dans les moindres d\u00e9tails. Concr\u00e8tement, l&rsquo;ABF examinera la pertinence de votre projet en fonction de plusieurs crit\u00e8res : les mat\u00e9riaux envisag\u00e9s, les teintes, les proportions et le style g\u00e9n\u00e9ral de votre future installation.<\/p>\n\n<p>Une pergola en aluminium anodis\u00e9 aux lignes ultra-modernes aura peu de chances d&rsquo;\u00eatre valid\u00e9e si elle est adoss\u00e9e \u00e0 une b\u00e2tisse du XVIIIe si\u00e8cle. L&rsquo;objectif est de s&rsquo;assurer que votre ajout ne d\u00e9nature pas le <strong>caract\u00e8re architectural<\/strong> de l&rsquo;existant et de son environnement. Il est donc crucial de vous renseigner en amont aupr\u00e8s du service urbanisme de votre mairie pour conna\u00eetre les prescriptions exactes du Plan de Sauvegarde et de Mise en Valeur (PSMV) ou du Plan de Valorisation de l&rsquo;Architecture et du Patrimoine (PVAP) qui r\u00e9git votre secteur.<\/p>\n\n<h2 class=\"wp-block-heading\">Sites patrimoniaux : quelles contraintes pour l&rsquo;installation d&rsquo;une v\u00e9randa ?<\/h2>\n\n<p>Les <strong>sites patrimoniaux<\/strong> ne se limitent pas aux centres historiques. Ils incluent \u00e9galement les abords des <strong>monuments anciens<\/strong>. Si votre propri\u00e9t\u00e9 est situ\u00e9e dans le champ de visibilit\u00e9 d&rsquo;une \u00e9glise class\u00e9e ou d&rsquo;un ch\u00e2teau, par exemple, un p\u00e9rim\u00e8tre de protection de 500 m\u00e8tres s&rsquo;applique par d\u00e9faut. Dans ce rayon, tout projet de v\u00e9randa sera scrut\u00e9 avec la m\u00eame attention.<\/p>\n\n<p>L&rsquo;installation d&rsquo;une v\u00e9randa, qui constitue une extension et modifie significativement une fa\u00e7ade, est un projet sensible. Le d\u00e9fi technique consiste \u00e0 concilier les performances thermiques et le confort moderne d&rsquo;une v\u00e9randa avec l&rsquo;esth\u00e9tique d&rsquo;un b\u00e2timent ancien. La r\u00e9ussite de l&rsquo;op\u00e9ration repose sur une conception sur mesure qui dialogue avec l&rsquo;architecture existante plut\u00f4t que de s&rsquo;y imposer. Le respect du <strong>patrimoine culturel<\/strong> local passe par une subtile harmonie entre l&rsquo;ancien et le nouveau.<\/p>\n\n<h3 class=\"wp-block-heading\">Mat\u00e9riaux et styles : les cl\u00e9s de la conservation architecturale<\/h3>\n\n<p>Le choix des mat\u00e9riaux est sans doute l&rsquo;\u00e9l\u00e9ment le plus discut\u00e9 lors d&rsquo;un projet de <strong>restauration de b\u00e2timents<\/strong> ou d&rsquo;ajout en zone prot\u00e9g\u00e9e. Pour une pergola ou une v\u00e9randa, certains mat\u00e9riaux sont privil\u00e9gi\u00e9s pour leur noblesse et leur capacit\u00e9 \u00e0 s&rsquo;int\u00e9grer en douceur.<\/p>\n\n<ul class=\"wp-block-list\"><li>\ud83c\udf33 <strong>Le bois :<\/strong> Mat\u00e9riau traditionnel par excellence, il est souvent pl\u00e9biscit\u00e9. Des essences locales ou des bois peints dans des teintes valid\u00e9es par le nuancier local sont une valeur s\u00fbre.<\/li><li>\u26d3\ufe0f <strong>Le fer forg\u00e9 ou l&rsquo;acier fin :<\/strong> Pour un style \u00ab\u00a0jardin d&rsquo;hiver\u00a0\u00bb ou \u00ab\u00a0atelier d&rsquo;artiste\u00a0\u00bb, ces mat\u00e9riaux permettent des structures fines et \u00e9l\u00e9gantes qui respectent les mod\u00e9natures anciennes.<\/li><li>\ud83c\udfe0 <strong>L&rsquo;aluminium \u00e0 profil fin :<\/strong> Certains fabricants proposent des gammes \u00ab\u00a0patrimoine\u00a0\u00bb avec des profil\u00e9s imitant l&rsquo;acier, dans des teintes sombres (gris anthracite, noir sabl\u00e9) qui sont souvent accept\u00e9es.<\/li><li>\u274c <strong>\u00c0 \u00e9viter :<\/strong> Le PVC blanc est quasi syst\u00e9matiquement refus\u00e9 pour son aspect trop moderne et peu qualitatif dans ce contexte.<\/li><\/ul>\n\n<p>Le secret r\u00e9side dans le mim\u00e9tisme et la sobri\u00e9t\u00e9. L&rsquo;extension doit sembler avoir toujours \u00e9t\u00e9 l\u00e0 ou, au contraire, assumer une modernit\u00e9 discr\u00e8te qui met en valeur l&rsquo;existant sans le concurrencer.<\/p>\n\n<figure class=\"wp-block-table\"><table>\n<thead>\n<tr>\n<th>Crit\u00e8re de comparaison \ud83d\udccb<\/th>\n<th>Proc\u00e9dure en zone standard (PLU)<\/th>\n<th>Proc\u00e9dure en Secteur Sauvegard\u00e9 \/ Site Patrimonial \ud83c\udfdb\ufe0f<\/th>\n<\/tr>\n<\/thead>\n<tbody>\n<tr>\n<td><strong>Dossier requis<\/strong><\/td>\n<td>D\u00e9claration Pr\u00e9alable ou Permis de Construire<\/td>\n<td>D\u00e9claration Pr\u00e9alable ou Permis de Construire (dossier plus d\u00e9taill\u00e9)<\/td>\n<\/tr>\n<tr>\n<td><strong>Acteur cl\u00e9<\/strong><\/td>\n<td>Service urbanisme de la mairie<\/td>\n<td>Mairie + Architecte des B\u00e2timents de France (avis conforme)<\/td>\n<\/tr>\n<tr>\n<td><strong>D\u00e9lai d&rsquo;instruction<\/strong><\/td>\n<td>1 \u00e0 3 mois en g\u00e9n\u00e9ral<\/td>\n<td>2 \u00e0 5 mois (voire plus selon complexit\u00e9)<\/td>\n<\/tr>\n<tr>\n<td><strong>Points de vigilance<\/strong><\/td>\n<td>Respect des r\u00e8gles de distance et d&#8217;emprise au sol<\/td>\n<td>Int\u00e9gration architecturale, mat\u00e9riaux, couleurs, impact visuel<\/td>\n<\/tr>\n<\/tbody>\n<\/table><\/figure>\n\n<h2 class=\"wp-block-heading\">Dialogue avec l&rsquo;Architecte des B\u00e2timents de France : pr\u00e9parer son dossier<\/h2>\n\n<p>Loin d&rsquo;\u00eatre un opposant \u00e0 vos projets, l&rsquo;Architecte des B\u00e2timents de France est avant tout un conseiller. Pour que l&rsquo;\u00e9change soit constructif, il est imp\u00e9ratif de pr\u00e9senter un dossier solide. Ne vous contentez pas d&rsquo;un simple croquis. Fournissez des plans pr\u00e9cis, une insertion paysag\u00e8re (photomontage de qualit\u00e9), des \u00e9chantillons de mat\u00e9riaux et de couleurs, et une note expliquant votre d\u00e9marche et comment votre projet participe \u00e0 la valorisation du lieu.<\/p>\n\n<p>Prendre rendez-vous en amont du d\u00e9p\u00f4t officiel de votre dossier est une excellente initiative. Cela vous permettra de pr\u00e9senter votre intention, de recueillir ses premi\u00e8res impressions et d&rsquo;ajuster votre projet selon ses recommandations. Cette collaboration est souvent la cl\u00e9 pour mener \u00e0 bien des travaux visant \u00e0 la <strong>restauration de b\u00e2timents<\/strong> tout en y ajoutant une touche de modernit\u00e9.<\/p>\n\n<script type=\"application\/ld+json\">\n{\"@context\":\"https:\/\/schema.org\",\"@type\":\"FAQPage\",\"mainEntity\":[{\"@type\":\"Question\",\"name\":\"Une simple pergola non couverte est-elle aussi concernu00e9e par ces ru00e8gles strictes ?\",\"acceptedAnswer\":{\"@type\":\"Answer\",\"text\":\"Oui, absolument. Mu00eame une structure lu00e9gu00e8re et non couverte modifie l'aspect extu00e9rieur d'un bu00e2timent et son environnement. Elle est donc soumise u00e0 autorisation en secteur sauvegardu00e9 ou site patrimonial. L'impact visuel, les matu00e9riaux et le style seront examinu00e9s par l'Architecte des Bu00e2timents de France.\"}},{\"@type\":\"Question\",\"name\":\"L'avis de l'ABF est-il toujours du00e9favorable aux structures contemporaines ?\",\"acceptedAnswer\":{\"@type\":\"Answer\",\"text\":\"Non, c'est une idu00e9e reu00e7ue. Un projet contemporain de grande qualitu00e9 architecturale, qui dialogue respectueusement avec le bu00e2ti ancien, peut tout u00e0 fait u00eatre acceptu00e9. L'ABF est souvent plus sensible u00e0 une modernitu00e9 assumu00e9e et bien conu00e7ue qu'u00e0 une pu00e2le imitation de l'ancien (pastiche).\"}},{\"@type\":\"Question\",\"name\":\"Quel est le du00e9lai de ru00e9ponse pour une demande en secteur sauvegardu00e9 ?\",\"acceptedAnswer\":{\"@type\":\"Answer\",\"text\":\"Le du00e9lai d'instruction est lu00e9galement plus long. Pour une du00e9claration pru00e9alable, il passe de 1 u00e0 2 mois. Pour un permis de construire, il peut atteindre 4 ou 5 mois, car la consultation de l'ABF est obligatoire. Il est donc crucial d'anticiper ces du00e9lais dans votre planning de travaux.\"}},{\"@type\":\"Question\",\"name\":\"Puis-je utiliser du PVC pour ma vu00e9randa afin de ru00e9duire les cou00fbts ?\",\"acceptedAnswer\":{\"@type\":\"Answer\",\"text\":\"En secteur sauvegardu00e9 ou site patrimonial, l'utilisation du PVC est tru00e8s rarement acceptu00e9e pour une vu00e9randa. Ce matu00e9riau est jugu00e9 peu noble et son esthu00e9tique est considu00e9ru00e9e comme incompatible avec la conservation du caractu00e8re architectural des bu00e2timents anciens. Il est pru00e9fu00e9rable de s'orienter vers le bois, l'acier ou l'aluminium laquu00e9.\"}}]}\n<\/script>\n<h3>Une simple pergola non couverte est-elle aussi concern\u00e9e par ces r\u00e8gles strictes ?<\/h3>\n<p>Oui, absolument. M\u00eame une structure l\u00e9g\u00e8re et non couverte modifie l&rsquo;aspect ext\u00e9rieur d&rsquo;un b\u00e2timent et son environnement. Elle est donc soumise \u00e0 autorisation en secteur sauvegard\u00e9 ou site patrimonial. L&rsquo;impact visuel, les mat\u00e9riaux et le style seront examin\u00e9s par l&rsquo;Architecte des B\u00e2timents de France.<\/p>\n<h3>L&rsquo;avis de l&rsquo;ABF est-il toujours d\u00e9favorable aux structures contemporaines ?<\/h3>\n<p>Non, c&rsquo;est une id\u00e9e re\u00e7ue. Un projet contemporain de grande qualit\u00e9 architecturale, qui dialogue respectueusement avec le b\u00e2ti ancien, peut tout \u00e0 fait \u00eatre accept\u00e9. L&rsquo;ABF est souvent plus sensible \u00e0 une modernit\u00e9 assum\u00e9e et bien con\u00e7ue qu&rsquo;\u00e0 une p\u00e2le imitation de l&rsquo;ancien (pastiche).<\/p>\n<h3>Quel est le d\u00e9lai de r\u00e9ponse pour une demande en secteur sauvegard\u00e9 ?<\/h3>\n<p>Le d\u00e9lai d&rsquo;instruction est l\u00e9galement plus long. Pour une d\u00e9claration pr\u00e9alable, il passe de 1 \u00e0 2 mois. Pour un permis de construire, il peut atteindre 4 ou 5 mois, car la consultation de l&rsquo;ABF est obligatoire. Il est donc crucial d&rsquo;anticiper ces d\u00e9lais dans votre planning de travaux.<\/p>\n<h3>Puis-je utiliser du PVC pour ma v\u00e9randa afin de r\u00e9duire les co\u00fbts ?<\/h3>\n<p>En secteur sauvegard\u00e9 ou site patrimonial, l&rsquo;utilisation du PVC est tr\u00e8s rarement accept\u00e9e pour une v\u00e9randa. Ce mat\u00e9riau est jug\u00e9 peu noble et son esth\u00e9tique est consid\u00e9r\u00e9e comme incompatible avec la conservation du caract\u00e8re architectural des b\u00e2timents anciens. Il est pr\u00e9f\u00e9rable de s&rsquo;orienter vers le bois, l&rsquo;acier ou l&rsquo;aluminium laqu\u00e9.<\/p>\n\n","protected":false},"excerpt":{"rendered":"<p>En bref Pour tout projet d&rsquo;installation de pergola ou de v\u00e9randa dans une zone prot\u00e9g\u00e9e, une connaissance approfondie de la [&hellip;]<\/p>\n","protected":false},"author":1,"featured_media":143,"comment_status":"open","ping_status":"open","sticky":false,"template":"","format":"standard","meta":{"site-sidebar-layout":"default","site-content-layout":"","ast-site-content-layout":"default","site-content-style":"default","site-sidebar-style":"default","ast-global-header-display":"","ast-banner-title-visibility":"","ast-main-header-display":"","ast-hfb-above-header-display":"","ast-hfb-below-header-display":"","ast-hfb-mobile-header-display":"","site-post-title":"","ast-breadcrumbs-content":"","ast-featured-img":"","footer-sml-layout":"","ast-disable-related-posts":"","theme-transparent-header-meta":"","adv-header-id-meta":"","stick-header-meta":"","header-above-stick-meta":"","header-main-stick-meta":"","header-below-stick-meta":"","astra-migrate-meta-layouts":"default","ast-page-background-enabled":"default","ast-page-background-meta":{"desktop":{"background-color":"var(--ast-global-color-5)","background-image":"","background-repeat":"repeat","background-position":"center center","background-size":"auto","background-attachment":"scroll","background-type":"","background-media":"","overlay-type":"","overlay-color":"","overlay-opacity":"","overlay-gradient":""},"tablet":{"background-color":"","background-image":"","background-repeat":"repeat","background-position":"center center","background-size":"auto","background-attachment":"scroll","background-type":"","background-media":"","overlay-type":"","overlay-color":"","overlay-opacity":"","overlay-gradient":""},"mobile":{"background-color":"","background-image":"","background-repeat":"repeat","background-position":"center center","background-size":"auto","background-attachment":"scroll","background-type":"","background-media":"","overlay-type":"","overlay-color":"","overlay-opacity":"","overlay-gradient":""}},"ast-content-background-meta":{"desktop":{"background-color":"var(--ast-global-color-4)","background-image":"","background-repeat":"repeat","background-position":"center center","background-size":"auto","background-attachment":"scroll","background-type":"","background-media":"","overlay-type":"","overlay-color":"","overlay-opacity":"","overlay-gradient":""},"tablet":{"background-color":"var(--ast-global-color-4)","background-image":"","background-repeat":"repeat","background-position":"center center","background-size":"auto","background-attachment":"scroll","background-type":"","background-media":"","overlay-type":"","overlay-color":"","overlay-opacity":"","overlay-gradient":""},"mobile":{"background-color":"var(--ast-global-color-4)","background-image":"","background-repeat":"repeat","background-position":"center center","background-size":"auto","background-attachment":"scroll","background-type":"","background-media":"","overlay-type":"","overlay-color":"","overlay-opacity":"","overlay-gradient":""}},"footnotes":""},"categories":[6],"tags":[],"class_list":["post-144","post","type-post","status-publish","format-standard","has-post-thumbnail","hentry","category-extensions-exterieurs"],"_links":{"self":[{"href":"https:\/\/pro-veranda.fr\/actu\/wp-json\/wp\/v2\/posts\/144","targetHints":{"allow":["GET"]}}],"collection":[{"href":"https:\/\/pro-veranda.fr\/actu\/wp-json\/wp\/v2\/posts"}],"about":[{"href":"https:\/\/pro-veranda.fr\/actu\/wp-json\/wp\/v2\/types\/post"}],"author":[{"embeddable":true,"href":"https:\/\/pro-veranda.fr\/actu\/wp-json\/wp\/v2\/users\/1"}],"replies":[{"embeddable":true,"href":"https:\/\/pro-veranda.fr\/actu\/wp-json\/wp\/v2\/comments?post=144"}],"version-history":[{"count":0,"href":"https:\/\/pro-veranda.fr\/actu\/wp-json\/wp\/v2\/posts\/144\/revisions"}],"wp:featuredmedia":[{"embeddable":true,"href":"https:\/\/pro-veranda.fr\/actu\/wp-json\/wp\/v2\/media\/143"}],"wp:attachment":[{"href":"https:\/\/pro-veranda.fr\/actu\/wp-json\/wp\/v2\/media?parent=144"}],"wp:term":[{"taxonomy":"category","embeddable":true,"href":"https:\/\/pro-veranda.fr\/actu\/wp-json\/wp\/v2\/categories?post=144"},{"taxonomy":"post_tag","embeddable":true,"href":"https:\/\/pro-veranda.fr\/actu\/wp-json\/wp\/v2\/tags?post=144"}],"curies":[{"name":"wp","href":"https:\/\/api.w.org\/{rel}","templated":true}]}}