{"id":140,"date":"2026-02-04T07:39:48","date_gmt":"2026-02-04T06:39:48","guid":{"rendered":"https:\/\/pro-veranda.fr\/actu\/demander-une-modification-mineure-du-plu-pour-son-projet-est-ce-possible\/"},"modified":"2026-02-04T07:39:48","modified_gmt":"2026-02-04T06:39:48","slug":"demander-une-modification-mineure-du-plu-pour-son-projet-est-ce-possible","status":"publish","type":"post","link":"https:\/\/pro-veranda.fr\/actu\/demander-une-modification-mineure-du-plu-pour-son-projet-est-ce-possible\/","title":{"rendered":"Demander une modification mineure du PLU pour son projet : est-ce possible ?"},"content":{"rendered":"<p>Votre projet de construction de pergola ou de v\u00e9randa est sur le point de se concr\u00e9tiser, mais un d\u00e9tail du Plan Local d&rsquo;Urbanisme (PLU) vient contrarier vos plans ? Une r\u00e8gle de distance, une hauteur maximale l\u00e9g\u00e8rement d\u00e9pass\u00e9e&#8230; Avant d&rsquo;abandonner, sachez qu&rsquo;une solution existe pour les ajustements de faible ampleur : la <strong>demande de d\u00e9rogation<\/strong> via une \u00ab\u00a0adaptation mineure\u00a0\u00bb. Cet assouplissement des r\u00e8gles d&rsquo;urbanisme, encadr\u00e9 par la loi, peut sauver votre projet immobilier sans engager une lourde proc\u00e9dure de modification du PLU. Nous d\u00e9cortiquons pour vous cette notion juridique et les d\u00e9marches pour en b\u00e9n\u00e9ficier.<\/p>\n\n<p><strong>En bref : les points cl\u00e9s \u00e0 retenir sur l&rsquo;adaptation mineure du PLU<\/strong><\/p>\n\n<ul class=\"wp-block-list\"><li>\u2705 <strong>Possibilit\u00e9 l\u00e9gale<\/strong> : L&rsquo;article L. 152-3 du Code de l&rsquo;urbanisme autorise des adaptations mineures aux r\u00e8gles du PLU.<\/li><li>\ud83d\udcdd <strong>Conditions strictes<\/strong> : L&rsquo;adaptation doit \u00eatre justifi\u00e9e par la nature du sol, la configuration de la parcelle ou l&rsquo;environnement b\u00e2ti, et rester de faible importance.<\/li><li>\u2696\ufe0f <strong>R\u00f4le de l&rsquo;administration<\/strong> : Le service instructeur de votre mairie a l&rsquo;obligation d&rsquo;\u00e9tudier cette possibilit\u00e9, m\u00eame si vous ne la demandez pas explicitement.<\/li><li>\ud83c\udfdb\ufe0f <strong>Recours possibles<\/strong> : En cas de refus, vous pouvez invoquer le droit \u00e0 une adaptation mineure pour la premi\u00e8re fois devant le tribunal administratif.<\/li><\/ul>\n\n<h2 class=\"wp-block-heading\">Le PLU : un cadre r\u00e9glementaire strict mais pas inflexible pour votre projet<\/h2>\n\n<p>En tant que porteur de projet pour une nouvelle v\u00e9randa ou une pergola adoss\u00e9e, la premi\u00e8re \u00e9tape est toujours de consulter le <strong>Plan Local d&rsquo;Urbanisme<\/strong> de votre commune. Ce document fixe les r\u00e8gles d&rsquo;implantation, de hauteur, d&rsquo;aspect ext\u00e9rieur et bien plus encore. Le respect de ces directives conditionne l&rsquo;obtention de votre autorisation urbanistique. Cependant, que faire si votre projet, pour des raisons techniques ou topographiques, ne respecte pas \u00e0 la lettre une des prescriptions ?<\/p>\n\n<p>Contrairement \u00e0 une id\u00e9e re\u00e7ue, le PLU n&rsquo;est pas toujours un mur infranchissable. La loi a pr\u00e9vu une soupape de s\u00e9curit\u00e9 pour \u00e9viter de bloquer des projets coh\u00e9rents \u00e0 cause de contraintes marginales. Il s&rsquo;agit des \u00ab\u00a0adaptations mineures\u00a0\u00bb, une notion distincte des d\u00e9rogations plus larges pr\u00e9vues pour l&rsquo;accessibilit\u00e9 ou l&rsquo;isolation thermique.<\/p>\n\n<h3 class=\"wp-block-heading\">Qu&rsquo;est-ce qu&rsquo;une \u00ab\u00a0adaptation mineure\u00a0\u00bb au sens du Code de l&rsquo;urbanisme ?<\/h3>\n\n<p>L&rsquo;article L. 152-3 du Code de l&rsquo;urbanisme est clair : les <strong>r\u00e8gles d&rsquo;urbanisme<\/strong> peuvent faire l&rsquo;objet d&rsquo;ajustements limit\u00e9s s&rsquo;ils sont rendus n\u00e9cessaires par des facteurs sp\u00e9cifiques au terrain. Il ne s&rsquo;agit pas d&rsquo;une <strong>proc\u00e9dure de modification du PLU<\/strong> \u00e0 proprement parler, mais d&rsquo;une souplesse accord\u00e9e au cas par cas lors de l&rsquo;instruction d&rsquo;un permis de construire ou d&rsquo;une d\u00e9claration pr\u00e9alable.<\/p>\n\n<p>Cette mesure vise \u00e0 apporter une r\u00e9ponse pragmatique aux r\u00e9alit\u00e9s du terrain qui n&rsquo;ont pu \u00eatre anticip\u00e9es par la r\u00e9glementation g\u00e9n\u00e9rale. Pour votre projet de pergola, cela pourrait concerner un l\u00e9ger d\u00e9passement de l&#8217;emprise au sol autoris\u00e9e d\u00fb \u00e0 la n\u00e9cessit\u00e9 de contourner un arbre prot\u00e9g\u00e9, par exemple.<\/p>\n\n<h2 class=\"wp-block-heading\">Les conditions cumulatives pour obtenir une adaptation mineure<\/h2>\n\n<p>Pour que la compatibilit\u00e9 de votre projet avec le PLU soit reconnue via une adaptation mineure, deux conditions doivent imp\u00e9rativement \u00eatre r\u00e9unies. L&rsquo;absence d&rsquo;une seule d&rsquo;entre elles entra\u00eenera un refus. Il est donc crucial de bien monter votre dossier technique.<\/p>\n\n<h3 class=\"wp-block-heading\">1. Une justification li\u00e9e \u00e0 la configuration du lieu<\/h3>\n\n<p>L&rsquo;adaptation ne peut \u00eatre motiv\u00e9e par une simple convenance personnelle ou un choix architectural. Elle doit d\u00e9couler d&rsquo;une contrainte objective et incontournable. Le l\u00e9gislateur a d\u00e9fini trois causes possibles :<\/p>\n\n<ul class=\"wp-block-list\"><li>\ud83c\udf3f <strong>La nature du sol<\/strong> : Un terrain instable ou rocheux qui vous oblige \u00e0 d\u00e9caler les fondations de votre v\u00e9randa, la faisant ainsi empi\u00e9ter de quelques centim\u00e8tres sur la marge de reculement.<\/li><li>\ud83d\udcd0 <strong>La configuration de la parcelle<\/strong> : Une forme de terrain tr\u00e8s atypique (parcelle en L, tr\u00e8s \u00e9troite) qui rend l&rsquo;application stricte de la r\u00e8gle d&rsquo;implantation impossible sans d\u00e9naturer le projet.<\/li><li>\ud83c\udfe1 <strong>Le caract\u00e8re des constructions avoisinantes<\/strong> : La n\u00e9cessit\u00e9 d&rsquo;aligner la toiture de votre nouvelle extension sur celle du voisin pour garantir une harmonie architecturale, m\u00eame si cela implique de d\u00e9passer tr\u00e8s l\u00e9g\u00e8rement la hauteur maximale.<\/li><\/ul>\n\n<p><strong>Attention :<\/strong> un arr\u00eat de la Cour Administrative d&rsquo;Appel de Lyon en 2017 a bien rappel\u00e9 que si l&rsquo;\u00e9cart \u00e0 la r\u00e8gle r\u00e9sulte \u00ab\u00a0du seul choix du p\u00e9titionnaire\u00a0\u00bb, l&rsquo;adaptation mineure ne peut \u00eatre accord\u00e9e. La contrainte doit \u00eatre subie, et non cr\u00e9\u00e9e.<\/p>\n\n<h3 class=\"wp-block-heading\">2. Un \u00e9cart qui reste \u00ab\u00a0mineur\u00a0\u00bb par son ampleur<\/h3>\n\n<p>La seconde condition est une question de proportion. L&rsquo;assouplissement accord\u00e9 ne doit pas \u00eatre si important qu&rsquo;il changerait la nature m\u00eame de ce qui est autoris\u00e9 dans la zone. Si le PLU vise \u00e0 pr\u00e9server un quartier de maisons basses, une adaptation ne pourra pas vous permettre de construire une v\u00e9randa sur deux niveaux.<\/p>\n\n<p>En pratique, la jurisprudence tol\u00e8re g\u00e9n\u00e9ralement un \u00e9cart d&rsquo;environ <strong>15 % par rapport \u00e0 la r\u00e8gle<\/strong>. Par exemple, si la distance \u00e0 la limite de propri\u00e9t\u00e9 est fix\u00e9e \u00e0 3 m\u00e8tres, une implantation \u00e0 2,60 m\u00e8tres (soit 13% d&rsquo;\u00e9cart) pourrait \u00eatre consid\u00e9r\u00e9e comme une <strong>modification mineure<\/strong> acceptable, si elle est justifi\u00e9e par l&rsquo;une des trois causes mentionn\u00e9es plus haut.<\/p>\n\n<h2 class=\"wp-block-heading\">La proc\u00e9dure \u00e0 suivre et les recours en cas de refus<\/h2>\n\n<p>Concr\u00e8tement, comment faire valoir ce droit ? La meilleure approche est d&rsquo;anticiper et d&rsquo;int\u00e9grer cette demande directement dans votre dossier de permis de construire. Une note explicative jointe aux plans, d\u00e9taillant la contrainte rencontr\u00e9e et la nature mineure de l&rsquo;adaptation sollicit\u00e9e, est fortement conseill\u00e9e.<\/p>\n\n<h3 class=\"wp-block-heading\">Le r\u00f4le du service instructeur et les garanties pour le p\u00e9titionnaire<\/h3>\n\n<p>Une d\u00e9cision majeure du Conseil d&rsquo;\u00c9tat en 2015 a renforc\u00e9 les droits des porteurs de projet. Elle a \u00e9tabli deux principes fondamentaux qui agissent comme des filets de s\u00e9curit\u00e9.<\/p>\n\n<ol class=\"wp-block-list\"><li><strong>L&rsquo;obligation de v\u00e9rification d&rsquo;office :<\/strong> Le service instructeur de la mairie est tenu d&rsquo;examiner si une adaptation mineure pourrait rendre votre projet conforme, et ce, <strong>m\u00eame si vous n&rsquo;en avez pas fait la demande explicite<\/strong>. Il ne peut donc pas rejeter automatiquement votre dossier pour un l\u00e9ger \u00e9cart sans avoir \u00e9tudi\u00e9 cette option.<\/li><li><strong>La possibilit\u00e9 d&rsquo;invoquer l&rsquo;adaptation en cas de recours :<\/strong> Si votre permis est refus\u00e9 et que vous contestez cette d\u00e9cision devant le tribunal administratif, vous pouvez, \u00e0 ce stade, argumenter que votre projet \u00e9tait recevable au titre d&rsquo;une adaptation mineure.<\/li><\/ol>\n\n<p>Ces garanties sont pr\u00e9cieuses. Cependant, pour acc\u00e9l\u00e9rer la proc\u00e9dure et maximiser vos chances, il est toujours pr\u00e9f\u00e9rable d&rsquo;\u00eatre proactif. Une fois votre <strong>autorisation urbanistique<\/strong> d\u00e9pos\u00e9e, n&rsquo;oubliez pas que sa validit\u00e9 est limit\u00e9e dans le temps ; pour en savoir plus, consultez les informations sur <a href=\"https:\/\/pro-veranda.fr\/actu\/la-duree-de-validite-dune-autorisation-durbanisme-pour-votre-extension\/\">les d\u00e9lais l\u00e9gaux d&rsquo;une autorisation d&rsquo;urbanisme<\/a>.<\/p>\n\n<p>Voici un tableau r\u00e9capitulatif des diff\u00e9rents sc\u00e9narios possibles :<\/p>\n\n<figure class=\"wp-block-table\"><table>\n<thead>\n<tr>\n<th>Votre Situation \ud83d\udccb<\/th>\n<th>Action recommand\u00e9e \u2705<\/th>\n<th>Ce que doit faire l&rsquo;administration \ud83c\udfdb\ufe0f<\/th>\n<\/tr>\n<\/thead>\n<tbody>\n<tr>\n<td>Vous anticipez le besoin d&rsquo;une adaptation<\/td>\n<td>Joindre une note explicative \u00e0 votre dossier de permis de construire.<\/td>\n<td>Instruire votre demande en tenant compte de l&rsquo;adaptation sollicit\u00e9e.<\/td>\n<\/tr>\n<tr>\n<td>Vous oubliez de demander l&rsquo;adaptation<\/td>\n<td>Aucune action imm\u00e9diate, mais restez vigilant.<\/td>\n<td><strong>V\u00e9rifier d&rsquo;office<\/strong> si une adaptation mineure peut r\u00e9gulariser le projet avant de refuser.<\/td>\n<\/tr>\n<tr>\n<td>Votre permis est refus\u00e9 pour un \u00e9cart mineur<\/td>\n<td>Saisir le tribunal administratif en annulation.<\/td>\n<td>Le juge v\u00e9rifiera si le refus \u00e9tait justifi\u00e9 ou si une adaptation aurait d\u00fb \u00eatre accord\u00e9e.<\/td>\n<\/tr>\n<\/tbody>\n<\/table><\/figure>\n\n<script type=\"application\/ld+json\">\n{\"@context\":\"https:\/\/schema.org\",\"@type\":\"FAQPage\",\"mainEntity\":[{\"@type\":\"Question\",\"name\":\"Quelle est la diffu00e9rence entre une adaptation mineure et une modification du PLU ?\",\"acceptedAnswer\":{\"@type\":\"Answer\",\"text\":\"L'adaptation mineure est un assouplissement ponctuel d'une ru00e8gle, accordu00e9 pour un projet spu00e9cifique en raison des contraintes du terrain. Elle ne change pas le ru00e8glement. La modification du PLU est une procu00e9dure collective, plus lourde, qui change la ru00e8gle pour tout le monde dans la zone concernu00e9e.\"}},{\"@type\":\"Question\",\"name\":\"Puis-je demander une adaptation pour des raisons esthu00e9tiques ou financiu00e8res ?\",\"acceptedAnswer\":{\"@type\":\"Answer\",\"text\":\"Non. Les seules justifications acceptu00e9es sont celles listu00e9es dans l'article L. 152-3 du Code de l'urbanisme : la nature du sol, la configuration de la parcelle ou le caractu00e8re des constructions avoisinantes. Les pru00e9fu00e9rences personnelles ou les contraintes budgu00e9taires ne sont pas des motifs valables.\"}},{\"@type\":\"Question\",\"name\":\"Un u00e9cart de 25 % par rapport u00e0 la ru00e8gle peut-il u00eatre considu00e9ru00e9 comme mineur ?\",\"acceptedAnswer\":{\"@type\":\"Answer\",\"text\":\"C'est tru00e8s peu probable. Bien qu'il n'y ait pas de chiffre officiel gravu00e9 dans le marbre, la jurisprudence et les services instructeurs s'accordent gu00e9nu00e9ralement sur une tolu00e9rance avoisinant les 15 %. Un u00e9cart de 25 % serait tru00e8s certainement jugu00e9 comme substantiel et non 'mineur'.\"}},{\"@type\":\"Question\",\"name\":\"Dois-je faire appel u00e0 un avocat pour demander une adaptation mineure ?\",\"acceptedAnswer\":{\"@type\":\"Answer\",\"text\":\"Ce n'est pas obligatoire pour la demande initiale. Une note technique bien argumentu00e9e, u00e9ventuellement ru00e9digu00e9e avec l'aide de votre architecte ou mau00eetre d'u0153uvre, est souvent suffisante. L'assistance d'un avocat devient en revanche fortement recommandu00e9e si vous devez contester un refus de permis de construire devant le tribunal administratif.\"}}]}\n<\/script>\n<h3>Quelle est la diff\u00e9rence entre une adaptation mineure et une modification du PLU ?<\/h3>\n<p>L&rsquo;adaptation mineure est un assouplissement ponctuel d&rsquo;une r\u00e8gle, accord\u00e9 pour un projet sp\u00e9cifique en raison des contraintes du terrain. Elle ne change pas le r\u00e8glement. La modification du PLU est une proc\u00e9dure collective, plus lourde, qui change la r\u00e8gle pour tout le monde dans la zone concern\u00e9e.<\/p>\n<h3>Puis-je demander une adaptation pour des raisons esth\u00e9tiques ou financi\u00e8res ?<\/h3>\n<p>Non. Les seules justifications accept\u00e9es sont celles list\u00e9es dans l&rsquo;article L. 152-3 du Code de l&rsquo;urbanisme : la nature du sol, la configuration de la parcelle ou le caract\u00e8re des constructions avoisinantes. Les pr\u00e9f\u00e9rences personnelles ou les contraintes budg\u00e9taires ne sont pas des motifs valables.<\/p>\n<h3>Un \u00e9cart de 25 % par rapport \u00e0 la r\u00e8gle peut-il \u00eatre consid\u00e9r\u00e9 comme mineur ?<\/h3>\n<p>C&rsquo;est tr\u00e8s peu probable. Bien qu&rsquo;il n&rsquo;y ait pas de chiffre officiel grav\u00e9 dans le marbre, la jurisprudence et les services instructeurs s&rsquo;accordent g\u00e9n\u00e9ralement sur une tol\u00e9rance avoisinant les 15 %. Un \u00e9cart de 25 % serait tr\u00e8s certainement jug\u00e9 comme substantiel et non &lsquo;mineur&rsquo;.<\/p>\n<h3>Dois-je faire appel \u00e0 un avocat pour demander une adaptation mineure ?<\/h3>\n<p>Ce n&rsquo;est pas obligatoire pour la demande initiale. Une note technique bien argument\u00e9e, \u00e9ventuellement r\u00e9dig\u00e9e avec l&rsquo;aide de votre architecte ou ma\u00eetre d&rsquo;\u0153uvre, est souvent suffisante. L&rsquo;assistance d&rsquo;un avocat devient en revanche fortement recommand\u00e9e si vous devez contester un refus de permis de construire devant le tribunal administratif.<\/p>\n\n","protected":false},"excerpt":{"rendered":"<p>Votre projet de construction de pergola ou de v\u00e9randa est sur le point de se concr\u00e9tiser, mais un d\u00e9tail du [&hellip;]<\/p>\n","protected":false},"author":1,"featured_media":139,"comment_status":"open","ping_status":"open","sticky":false,"template":"","format":"standard","meta":{"site-sidebar-layout":"default","site-content-layout":"","ast-site-content-layout":"default","site-content-style":"default","site-sidebar-style":"default","ast-global-header-display":"","ast-banner-title-visibility":"","ast-main-header-display":"","ast-hfb-above-header-display":"","ast-hfb-below-header-display":"","ast-hfb-mobile-header-display":"","site-post-title":"","ast-breadcrumbs-content":"","ast-featured-img":"","footer-sml-layout":"","ast-disable-related-posts":"","theme-transparent-header-meta":"","adv-header-id-meta":"","stick-header-meta":"","header-above-stick-meta":"","header-main-stick-meta":"","header-below-stick-meta":"","astra-migrate-meta-layouts":"default","ast-page-background-enabled":"default","ast-page-background-meta":{"desktop":{"background-color":"var(--ast-global-color-5)","background-image":"","background-repeat":"repeat","background-position":"center center","background-size":"auto","background-attachment":"scroll","background-type":"","background-media":"","overlay-type":"","overlay-color":"","overlay-opacity":"","overlay-gradient":""},"tablet":{"background-color":"","background-image":"","background-repeat":"repeat","background-position":"center center","background-size":"auto","background-attachment":"scroll","background-type":"","background-media":"","overlay-type":"","overlay-color":"","overlay-opacity":"","overlay-gradient":""},"mobile":{"background-color":"","background-image":"","background-repeat":"repeat","background-position":"center center","background-size":"auto","background-attachment":"scroll","background-type":"","background-media":"","overlay-type":"","overlay-color":"","overlay-opacity":"","overlay-gradient":""}},"ast-content-background-meta":{"desktop":{"background-color":"var(--ast-global-color-4)","background-image":"","background-repeat":"repeat","background-position":"center center","background-size":"auto","background-attachment":"scroll","background-type":"","background-media":"","overlay-type":"","overlay-color":"","overlay-opacity":"","overlay-gradient":""},"tablet":{"background-color":"var(--ast-global-color-4)","background-image":"","background-repeat":"repeat","background-position":"center center","background-size":"auto","background-attachment":"scroll","background-type":"","background-media":"","overlay-type":"","overlay-color":"","overlay-opacity":"","overlay-gradient":""},"mobile":{"background-color":"var(--ast-global-color-4)","background-image":"","background-repeat":"repeat","background-position":"center center","background-size":"auto","background-attachment":"scroll","background-type":"","background-media":"","overlay-type":"","overlay-color":"","overlay-opacity":"","overlay-gradient":""}},"footnotes":""},"categories":[6],"tags":[],"class_list":["post-140","post","type-post","status-publish","format-standard","has-post-thumbnail","hentry","category-extensions-exterieurs"],"_links":{"self":[{"href":"https:\/\/pro-veranda.fr\/actu\/wp-json\/wp\/v2\/posts\/140","targetHints":{"allow":["GET"]}}],"collection":[{"href":"https:\/\/pro-veranda.fr\/actu\/wp-json\/wp\/v2\/posts"}],"about":[{"href":"https:\/\/pro-veranda.fr\/actu\/wp-json\/wp\/v2\/types\/post"}],"author":[{"embeddable":true,"href":"https:\/\/pro-veranda.fr\/actu\/wp-json\/wp\/v2\/users\/1"}],"replies":[{"embeddable":true,"href":"https:\/\/pro-veranda.fr\/actu\/wp-json\/wp\/v2\/comments?post=140"}],"version-history":[{"count":0,"href":"https:\/\/pro-veranda.fr\/actu\/wp-json\/wp\/v2\/posts\/140\/revisions"}],"wp:featuredmedia":[{"embeddable":true,"href":"https:\/\/pro-veranda.fr\/actu\/wp-json\/wp\/v2\/media\/139"}],"wp:attachment":[{"href":"https:\/\/pro-veranda.fr\/actu\/wp-json\/wp\/v2\/media?parent=140"}],"wp:term":[{"taxonomy":"category","embeddable":true,"href":"https:\/\/pro-veranda.fr\/actu\/wp-json\/wp\/v2\/categories?post=140"},{"taxonomy":"post_tag","embeddable":true,"href":"https:\/\/pro-veranda.fr\/actu\/wp-json\/wp\/v2\/tags?post=140"}],"curies":[{"name":"wp","href":"https:\/\/api.w.org\/{rel}","templated":true}]}}