{"id":134,"date":"2026-02-01T07:49:49","date_gmt":"2026-02-01T06:49:49","guid":{"rendered":"https:\/\/pro-veranda.fr\/actu\/veranda-et-espaces-verts-proteges-attention-aux-arbres-classes-dans-le-plu\/"},"modified":"2026-02-01T07:49:49","modified_gmt":"2026-02-01T06:49:49","slug":"veranda-et-espaces-verts-proteges-attention-aux-arbres-classes-dans-le-plu","status":"publish","type":"post","link":"https:\/\/pro-veranda.fr\/actu\/veranda-et-espaces-verts-proteges-attention-aux-arbres-classes-dans-le-plu\/","title":{"rendered":"V\u00e9randa et espaces verts prot\u00e9g\u00e9s : attention aux arbres class\u00e9s dans le PLU."},"content":{"rendered":"<p>Le projet d&rsquo;une v\u00e9randa ou d&rsquo;une pergola est souvent l&rsquo;aboutissement d&rsquo;un r\u00eave : agrandir son espace de vie, profiter de son jardin en toute saison. Cependant, ce projet d&rsquo;am\u00e9nagement ext\u00e9rieur peut rapidement se heurter \u00e0 une r\u00e9alit\u00e9 administrative complexe, surtout lorsque des arbres majestueux peuplent votre terrain. La protection des arbres, inscrite dans le Plan Local d&rsquo;Urbanisme (PLU), est une contrainte majeure \u00e0 anticiper pour \u00e9viter toute d\u00e9convenue. Avant m\u00eame de dessiner les plans de votre future extension, une v\u00e9rification s&rsquo;impose : votre projet est-il compatible avec la r\u00e9glementation sur les espaces verts prot\u00e9g\u00e9s ?<\/p>\n\n<h3 class=\"wp-block-heading\">En bref : les points cl\u00e9s \u00e0 retenir<\/h3>\n\n<ul class=\"wp-block-list\"><li>\ud83c\udf33 <strong>V\u00e9rification du PLU :<\/strong> C&rsquo;est la premi\u00e8re \u00e9tape indispensable avant tout projet de construction de v\u00e9randa. Consultez-le en mairie ou en ligne pour identifier les \u00e9ventuels arbres class\u00e9s sur votre parcelle.<\/li><li>\ud83d\udcdc <strong>Statuts de protection :<\/strong> Un arbre peut \u00eatre prot\u00e9g\u00e9 en tant qu&rsquo;\u00c9l\u00e9ment Paysager \u00e0 pr\u00e9server, ou class\u00e9 en Espace Bois\u00e9 Class\u00e9 (EBC), un r\u00e9gime tr\u00e8s strict qui interdit quasiment toute modification du sol.<\/li><li>\ud83d\udcd0 <strong>Adaptation du projet :<\/strong> La pr\u00e9sence d&rsquo;un arbre class\u00e9 ne signifie pas l&rsquo;abandon de votre projet, mais impose souvent de l&rsquo;adapter. Pensez \u00e0 des solutions alternatives pour int\u00e9grer l&rsquo;arbre \u00e0 votre am\u00e9nagement ext\u00e9rieur.<\/li><li>\u2696\ufe0f <strong>Sanctions s\u00e9v\u00e8res :<\/strong> L&rsquo;abattage ou l&rsquo;\u00e9lagage non autoris\u00e9 d&rsquo;un arbre prot\u00e9g\u00e9 expose \u00e0 de lourdes amendes, \u00e0 une obligation de replantation et m\u00eame \u00e0 des poursuites p\u00e9nales.<\/li><\/ul>\n\n<h2 class=\"wp-block-heading\">Comprendre la r\u00e9glementation du PLU avant de construire sa v\u00e9randa<\/h2>\n\n<p>L&rsquo;enthousiasme pour un nouvel am\u00e9nagement ext\u00e9rieur doit \u00eatre temp\u00e9r\u00e9 par une approche pragmatique. Le Plan Local d&rsquo;Urbanisme est le document de r\u00e9f\u00e9rence qui r\u00e9git le droit des sols de votre commune. Il contient des informations cruciales sur la <strong>protection des arbres<\/strong> et des <strong>espaces verts<\/strong>, qui peuvent directement impacter la faisabilit\u00e9 de votre projet de <strong>v\u00e9randa<\/strong>.<\/p>\n\n<h3 class=\"wp-block-heading\">Qu&rsquo;est-ce qu&rsquo;un arbre class\u00e9 et comment est-il prot\u00e9g\u00e9 ?<\/h3>\n\n<p>Dans le jargon de l&rsquo;<strong>urbanisme<\/strong>, un arbre peut b\u00e9n\u00e9ficier de plusieurs niveaux de protection. Le plus courant est son identification par le PLU comme un \u00e9l\u00e9ment paysager \u00e0 sauvegarder pour des motifs \u00e9cologiques, culturels ou historiques. Cette protection est souvent renforc\u00e9e par un classement en <strong>Espace Bois\u00e9 Class\u00e9 (EBC)<\/strong>.<\/p>\n\n<p>Ce statut, d\u00e9fini par l&rsquo;article L. 113-1 du code de l&rsquo;urbanisme, est extr\u00eamement protecteur. Il interdit <em>\u00ab tout changement d&rsquo;affectation ou tout mode d&rsquo;occupation du sol de nature \u00e0 compromettre la conservation, la protection ou la cr\u00e9ation des boisements \u00bb<\/em>. Concr\u00e8tement, construire les fondations d&rsquo;une v\u00e9randa sous un arbre class\u00e9 EBC est g\u00e9n\u00e9ralement impossible, m\u00eame si l&rsquo;arbre lui-m\u00eame n&rsquo;est pas abattu.<\/p>\n\n<h3 class=\"wp-block-heading\">Les diff\u00e9rents niveaux de protection des arbres dans le PLU<\/h3>\n\n<p>Il est essentiel de distinguer les diff\u00e9rents statuts qu&rsquo;un arbre peut avoir, car les contraintes associ\u00e9es \u00e0 votre projet de construction varient consid\u00e9rablement. Un arbre simplement identifi\u00e9 comme \u00ab\u00a0remarquable\u00a0\u00bb n&rsquo;entra\u00eene pas les m\u00eames restrictions qu&rsquo;un classement en EBC.<\/p>\n\n<figure class=\"wp-block-table\"><table>\n<thead>\n<tr>\n<th>Type de Protection \ud83d\udee1\ufe0f<\/th>\n<th>Base l\u00e9gale principale<\/th>\n<th>Impact sur un projet de v\u00e9randa<\/th>\n<th>Autorisation requise pour intervention<\/th>\n<\/tr>\n<\/thead>\n<tbody>\n<tr>\n<td><strong>Arbre remarquable identifi\u00e9<\/strong><\/td>\n<td>Art. L. 151-19 \/ L. 151-23 C. Urbanisme<\/td>\n<td>Le projet doit pr\u00e9server l&rsquo;arbre. Des prescriptions sp\u00e9ciales peuvent \u00eatre impos\u00e9es (distance, type de fondations).<\/td>\n<td>D\u00e9claration pr\u00e9alable de coupe ou d&rsquo;abattage souvent n\u00e9cessaire.<\/td>\n<\/tr>\n<tr>\n<td><strong>Espace Bois\u00e9 Class\u00e9 (EBC)<\/strong><\/td>\n<td>Art. L. 113-1 et L. 113-2 C. Urbanisme<\/td>\n<td>Construction quasi impossible dans le p\u00e9rim\u00e8tre class\u00e9. Toute modification du sol est interdite.<\/td>\n<td>Autorisation sp\u00e9cifique tr\u00e8s difficile \u00e0 obtenir, sauf danger imminent av\u00e9r\u00e9.<\/td>\n<\/tr>\n<tr>\n<td><strong>Esp\u00e8ce v\u00e9g\u00e9tale prot\u00e9g\u00e9e<\/strong><\/td>\n<td>Art. L. 411-1 C. Environnement<\/td>\n<td>Interdiction totale de destruction ou d&rsquo;alt\u00e9ration, quel que soit le projet.<\/td>\n<td>D\u00e9rogation exceptionnelle soumise \u00e0 une proc\u00e9dure stricte.<\/td>\n<\/tr>\n<\/tbody>\n<\/table><\/figure>\n\n<h2 class=\"wp-block-heading\">Projet de v\u00e9randa : quelles contraintes face \u00e0 un arbre prot\u00e9g\u00e9 ?<\/h2>\n\n<p>La d\u00e9couverte d&rsquo;un arbre class\u00e9 sur votre terrain ne signe pas n\u00e9cessairement la fin de votre projet. Elle vous invite plut\u00f4t \u00e0 repenser votre <strong>am\u00e9nagement ext\u00e9rieur<\/strong> pour concilier vos envies avec le respect de l&rsquo;<strong>environnement<\/strong> et de la <strong>r\u00e9glementation<\/strong>. L&rsquo;enjeu est de prouver que votre construction ne portera pas atteinte \u00e0 l&rsquo;\u00e9l\u00e9ment prot\u00e9g\u00e9.<\/p>\n\n<h3 class=\"wp-block-heading\">L&rsquo;impact d&rsquo;un p\u00e9rim\u00e8tre de protection sur l&#8217;emprise de votre construction<\/h3>\n\n<p>Lorsqu&rsquo;un arbre est class\u00e9 EBC, la protection ne s&rsquo;arr\u00eate pas \u00e0 son tronc. Les communes d\u00e9finissent souvent un p\u00e9rim\u00e8tre de protection autour de l&rsquo;arbre, dont le rayon peut correspondre \u00e0 la taille de l&rsquo;arbre \u00e0 l&rsquo;\u00e2ge adulte. L&rsquo;objectif est de pr\u00e9server son syst\u00e8me racinaire et de pr\u00e9venir les risques futurs (chute de branches, affaissement).<\/p>\n\n<p>Cette zone tampon rend impossible toute <strong>construction<\/strong> de type v\u00e9randa, dont les fondations perturberaient in\u00e9vitablement le sol. Il est donc crucial de mesurer pr\u00e9cis\u00e9ment cette distance avant de positionner votre future extension.<\/p>\n\n<h3 class=\"wp-block-heading\">Adapter son projet pour pr\u00e9server le patrimoine arbor\u00e9<\/h3>\n\n<p>Face \u00e0 ces contraintes, la cr\u00e9ativit\u00e9 et l&rsquo;ing\u00e9niosit\u00e9 sont vos meilleures alli\u00e9es. Plut\u00f4t que de chercher \u00e0 supprimer l&rsquo;obstacle, pourquoi ne pas en faire un atout esth\u00e9tique pour votre v\u00e9randa ?<\/p>\n\n<ol class=\"wp-block-list\"><li><strong>Repenser l&#8217;emplacement :<\/strong> \ud83d\uddfa\ufe0f D\u00e9caler l&rsquo;implantation de la v\u00e9randa pour respecter les distances r\u00e9glementaires.<\/li><li><strong>Modifier la forme :<\/strong> \ud83d\udca1 Opter pour une forme en L ou une d\u00e9coupe sp\u00e9cifique qui \u00e9pouse les contours de la zone prot\u00e9g\u00e9e.<\/li><li><strong>Choisir des fondations adapt\u00e9es :<\/strong> \ud83d\udd29 Utiliser des techniques moins invasives comme les plots r\u00e9glables ou les fondations sur pilotis si la r\u00e9glementation locale le permet et que cela n&rsquo;affecte pas les racines.<\/li><li><strong>Int\u00e9grer l&rsquo;arbre :<\/strong> \ud83c\udf3f Concevoir la v\u00e9randa comme un cadre qui met en valeur l&rsquo;arbre, avec de larges baies vitr\u00e9es offrant une vue imprenable sur ce patrimoine naturel.<\/li><\/ol>\n\n<h2 class=\"wp-block-heading\">Quelles sanctions en cas de non-respect des r\u00e8gles d&rsquo;urbanisme ?<\/h2>\n\n<p>Ignorer la r\u00e9glementation sur les <strong>arbres class\u00e9s<\/strong> est une tr\u00e8s mauvaise id\u00e9e. Les autorit\u00e9s administratives sont de plus en plus vigilantes sur la protection du patrimoine v\u00e9g\u00e9tal, per\u00e7u comme un rempart contre le r\u00e9chauffement climatique en milieu urbain. Agir sans autorisation expose \u00e0 des cons\u00e9quences juridiques et financi\u00e8res importantes.<\/p>\n\n<p>Toute atteinte non autoris\u00e9e \u00e0 un arbre prot\u00e9g\u00e9 est passible de sanctions lourdes. Le code de l&rsquo;environnement et le code de l&rsquo;urbanisme pr\u00e9voient des amendes pouvant s&rsquo;\u00e9lever \u00e0 plusieurs milliers d&rsquo;euros. Plus encore, l&rsquo;autorit\u00e9 judiciaire ou administrative peut imposer une <strong>obligation de replantation<\/strong> d&rsquo;arbres de m\u00eame essence et de taille \u00e9quivalente, une mesure souvent co\u00fbteuse et complexe \u00e0 mettre en \u0153uvre.<\/p>\n\n<p>Un cas jug\u00e9 par la Cour de cassation en 2019 illustre bien la force de cette protection : la justice a confirm\u00e9 une clause dans un acte de vente imposant le maintien \u00e0 vie d&rsquo;une all\u00e9e de cypr\u00e8s, malgr\u00e9 le souhait des nouveaux propri\u00e9taires de les abattre. Cela d\u00e9montre que la protection des arbres peut m\u00eame s&rsquo;inscrire dans des contrats priv\u00e9s, renfor\u00e7ant leur statut patrimonial.<\/p>\n\n<script type=\"application\/ld+json\">\n{\"@context\":\"https:\/\/schema.org\",\"@type\":\"FAQPage\",\"mainEntity\":[{\"@type\":\"Question\",\"name\":\"Puis-je u00e9laguer les branches d'un arbre classu00e9 qui surplombent l'emplacement de ma future vu00e9randa ?\",\"acceptedAnswer\":{\"@type\":\"Answer\",\"text\":\"Non, toute intervention sur un arbre classu00e9, y compris l'u00e9lagage, nu00e9cessite une autorisation pru00e9alable. Vous devez du00e9poser une demande en mairie. L'objectif est de s'assurer que la taille est ru00e9alisu00e9e dans les ru00e8gles de l'art, sans nuire u00e0 la santu00e9 et u00e0 la structure de l'arbre.\"}},{\"@type\":\"Question\",\"name\":\"Que faire si l'arbre classu00e9 sur mon terrain est malade ou dangereux ?\",\"acceptedAnswer\":{\"@type\":\"Answer\",\"text\":\"Si un arbre protu00e9gu00e9 pru00e9sente un danger avu00e9ru00e9 (risque de chute, maladie grave), vous pouvez demander une autorisation d'abattage exceptionnelle. Cette demande doit u00eatre solidement argumentu00e9e, idu00e9alement par une expertise phytosanitaire ru00e9alisu00e9e par un arboriste qualifiu00e9. L'abattage n'est accordu00e9 qu'en dernier recours, si aucune autre solution (comme un haubanage ou un u00e9lagage de su00e9curitu00e9) n'est possible.\"}},{\"@type\":\"Question\",\"name\":\"La construction d'une vu00e9randa de moins de 20 mu00b2 est-elle aussi concernu00e9e par la protection des arbres ?\",\"acceptedAnswer\":{\"@type\":\"Answer\",\"text\":\"Oui, absolument. Mu00eame si votre projet de vu00e9randa ne nu00e9cessite qu'une du00e9claration pru00e9alable de travaux (et non un permis de construire), vous u00eates tenu de respecter toutes les ru00e8gles du PLU, y compris celles concernant la protection des arbres et des espaces verts. La surface de la construction ne vous exonu00e8re pas de ces obligations.\"}},{\"@type\":\"Question\",\"name\":\"Qui est responsable de la vu00e9rification du statut de l'arbre ?\",\"acceptedAnswer\":{\"@type\":\"Answer\",\"text\":\"C'est au propriu00e9taire du terrain, le pu00e9titionnaire du projet de construction, de s'informer sur les ru00e8gles d'urbanisme applicables u00e0 sa parcelle. Il est de votre responsabilitu00e9 de consulter le PLU et de vous assurer que votre amu00e9nagement extu00e9rieur est conforme u00e0 la ru00e9glementation avant de commencer les travaux.\"}}]}\n<\/script>\n<h3>Puis-je \u00e9laguer les branches d&rsquo;un arbre class\u00e9 qui surplombent l&#8217;emplacement de ma future v\u00e9randa ?<\/h3>\n<p>Non, toute intervention sur un arbre class\u00e9, y compris l&rsquo;\u00e9lagage, n\u00e9cessite une autorisation pr\u00e9alable. Vous devez d\u00e9poser une demande en mairie. L&rsquo;objectif est de s&rsquo;assurer que la taille est r\u00e9alis\u00e9e dans les r\u00e8gles de l&rsquo;art, sans nuire \u00e0 la sant\u00e9 et \u00e0 la structure de l&rsquo;arbre.<\/p>\n<h3>Que faire si l&rsquo;arbre class\u00e9 sur mon terrain est malade ou dangereux ?<\/h3>\n<p>Si un arbre prot\u00e9g\u00e9 pr\u00e9sente un danger av\u00e9r\u00e9 (risque de chute, maladie grave), vous pouvez demander une autorisation d&rsquo;abattage exceptionnelle. Cette demande doit \u00eatre solidement argument\u00e9e, id\u00e9alement par une expertise phytosanitaire r\u00e9alis\u00e9e par un arboriste qualifi\u00e9. L&rsquo;abattage n&rsquo;est accord\u00e9 qu&rsquo;en dernier recours, si aucune autre solution (comme un haubanage ou un \u00e9lagage de s\u00e9curit\u00e9) n&rsquo;est possible.<\/p>\n<h3>La construction d&rsquo;une v\u00e9randa de moins de 20 m\u00b2 est-elle aussi concern\u00e9e par la protection des arbres ?<\/h3>\n<p>Oui, absolument. M\u00eame si votre projet de v\u00e9randa ne n\u00e9cessite qu&rsquo;une d\u00e9claration pr\u00e9alable de travaux (et non un permis de construire), vous \u00eates tenu de respecter toutes les r\u00e8gles du PLU, y compris celles concernant la protection des arbres et des espaces verts. La surface de la construction ne vous exon\u00e8re pas de ces obligations.<\/p>\n<h3>Qui est responsable de la v\u00e9rification du statut de l&rsquo;arbre ?<\/h3>\n<p>C&rsquo;est au propri\u00e9taire du terrain, le p\u00e9titionnaire du projet de construction, de s&rsquo;informer sur les r\u00e8gles d&rsquo;urbanisme applicables \u00e0 sa parcelle. Il est de votre responsabilit\u00e9 de consulter le PLU et de vous assurer que votre am\u00e9nagement ext\u00e9rieur est conforme \u00e0 la r\u00e9glementation avant de commencer les travaux.<\/p>\n\n","protected":false},"excerpt":{"rendered":"<p>Le projet d&rsquo;une v\u00e9randa ou d&rsquo;une pergola est souvent l&rsquo;aboutissement d&rsquo;un r\u00eave : agrandir son espace de vie, profiter de [&hellip;]<\/p>\n","protected":false},"author":1,"featured_media":133,"comment_status":"open","ping_status":"open","sticky":false,"template":"","format":"standard","meta":{"site-sidebar-layout":"default","site-content-layout":"","ast-site-content-layout":"default","site-content-style":"default","site-sidebar-style":"default","ast-global-header-display":"","ast-banner-title-visibility":"","ast-main-header-display":"","ast-hfb-above-header-display":"","ast-hfb-below-header-display":"","ast-hfb-mobile-header-display":"","site-post-title":"","ast-breadcrumbs-content":"","ast-featured-img":"","footer-sml-layout":"","ast-disable-related-posts":"","theme-transparent-header-meta":"","adv-header-id-meta":"","stick-header-meta":"","header-above-stick-meta":"","header-main-stick-meta":"","header-below-stick-meta":"","astra-migrate-meta-layouts":"default","ast-page-background-enabled":"default","ast-page-background-meta":{"desktop":{"background-color":"var(--ast-global-color-5)","background-image":"","background-repeat":"repeat","background-position":"center center","background-size":"auto","background-attachment":"scroll","background-type":"","background-media":"","overlay-type":"","overlay-color":"","overlay-opacity":"","overlay-gradient":""},"tablet":{"background-color":"","background-image":"","background-repeat":"repeat","background-position":"center center","background-size":"auto","background-attachment":"scroll","background-type":"","background-media":"","overlay-type":"","overlay-color":"","overlay-opacity":"","overlay-gradient":""},"mobile":{"background-color":"","background-image":"","background-repeat":"repeat","background-position":"center center","background-size":"auto","background-attachment":"scroll","background-type":"","background-media":"","overlay-type":"","overlay-color":"","overlay-opacity":"","overlay-gradient":""}},"ast-content-background-meta":{"desktop":{"background-color":"var(--ast-global-color-4)","background-image":"","background-repeat":"repeat","background-position":"center center","background-size":"auto","background-attachment":"scroll","background-type":"","background-media":"","overlay-type":"","overlay-color":"","overlay-opacity":"","overlay-gradient":""},"tablet":{"background-color":"var(--ast-global-color-4)","background-image":"","background-repeat":"repeat","background-position":"center center","background-size":"auto","background-attachment":"scroll","background-type":"","background-media":"","overlay-type":"","overlay-color":"","overlay-opacity":"","overlay-gradient":""},"mobile":{"background-color":"var(--ast-global-color-4)","background-image":"","background-repeat":"repeat","background-position":"center center","background-size":"auto","background-attachment":"scroll","background-type":"","background-media":"","overlay-type":"","overlay-color":"","overlay-opacity":"","overlay-gradient":""}},"footnotes":""},"categories":[1],"tags":[],"class_list":["post-134","post","type-post","status-publish","format-standard","has-post-thumbnail","hentry","category-veranda"],"_links":{"self":[{"href":"https:\/\/pro-veranda.fr\/actu\/wp-json\/wp\/v2\/posts\/134","targetHints":{"allow":["GET"]}}],"collection":[{"href":"https:\/\/pro-veranda.fr\/actu\/wp-json\/wp\/v2\/posts"}],"about":[{"href":"https:\/\/pro-veranda.fr\/actu\/wp-json\/wp\/v2\/types\/post"}],"author":[{"embeddable":true,"href":"https:\/\/pro-veranda.fr\/actu\/wp-json\/wp\/v2\/users\/1"}],"replies":[{"embeddable":true,"href":"https:\/\/pro-veranda.fr\/actu\/wp-json\/wp\/v2\/comments?post=134"}],"version-history":[{"count":0,"href":"https:\/\/pro-veranda.fr\/actu\/wp-json\/wp\/v2\/posts\/134\/revisions"}],"wp:featuredmedia":[{"embeddable":true,"href":"https:\/\/pro-veranda.fr\/actu\/wp-json\/wp\/v2\/media\/133"}],"wp:attachment":[{"href":"https:\/\/pro-veranda.fr\/actu\/wp-json\/wp\/v2\/media?parent=134"}],"wp:term":[{"taxonomy":"category","embeddable":true,"href":"https:\/\/pro-veranda.fr\/actu\/wp-json\/wp\/v2\/categories?post=134"},{"taxonomy":"post_tag","embeddable":true,"href":"https:\/\/pro-veranda.fr\/actu\/wp-json\/wp\/v2\/tags?post=134"}],"curies":[{"name":"wp","href":"https:\/\/api.w.org\/{rel}","templated":true}]}}