{"id":130,"date":"2026-01-30T07:54:34","date_gmt":"2026-01-30T06:54:34","guid":{"rendered":"https:\/\/pro-veranda.fr\/actu\/le-respect-des-distances-separatives-par-rapport-a-la-voirie-publique\/"},"modified":"2026-01-30T07:54:34","modified_gmt":"2026-01-30T06:54:34","slug":"le-respect-des-distances-separatives-par-rapport-a-la-voirie-publique","status":"publish","type":"post","link":"https:\/\/pro-veranda.fr\/actu\/le-respect-des-distances-separatives-par-rapport-a-la-voirie-publique\/","title":{"rendered":"Le respect des distances s\u00e9paratives par rapport \u00e0 la voirie publique."},"content":{"rendered":"<p><strong>En bref<\/strong><\/p>\n\n<p>L&rsquo;installation d&rsquo;une pergola ou d&rsquo;une v\u00e9randa est un projet d&rsquo;am\u00e9nagement exaltant, mais qui requiert une attention particuli\u00e8re \u00e0 la r\u00e9glementation d&rsquo;urbanisme. Le respect des distances s\u00e9paratives, notamment par rapport \u00e0 la voirie publique, est une obligation l\u00e9gale qui garantit la s\u00e9curit\u00e9, l&rsquo;harmonie des espaces publics et de bonnes relations de voisinage. Avant m\u00eame le premier coup de pelle, la consultation du Plan Local d&rsquo;Urbanisme (PLU) de votre commune s&rsquo;impose comme une \u00e9tape non n\u00e9gociable pour assurer la conformit\u00e9 de votre projet.<\/p>\n\n<ul class=\"wp-block-list\"><li>\ud83d\udccd <strong>Consultation du PLU :<\/strong> Le document de r\u00e9f\u00e9rence qui fixe les r\u00e8gles d&rsquo;implantation, de hauteur et de recul sp\u00e9cifiques \u00e0 votre zone.<\/li><li>\ud83d\udccf <strong>Distance avec la voie publique :<\/strong> Variable selon les communes, elle peut imposer une construction \u00e0 l&rsquo;alignement, un recul de 3 \u00e0 5 m\u00e8tres en zone r\u00e9sidentielle, ou plus en zone rurale.<\/li><li>\ud83e\udd1d <strong>R\u00e8gles de voisinage :<\/strong> Le Code civil impose des distances minimales par rapport aux limites parcellaires, sauf si votre construction jouxte la limite.<\/li><li>\u26a1\ufe0f <strong>Servitudes diverses :<\/strong> Pensez aux r\u00e9seaux souterrains, lignes \u00e9lectriques a\u00e9riennes et cours d&rsquo;eau qui imposent des p\u00e9rim\u00e8tres de protection \u00e0 ne pas ignorer.<\/li><\/ul>\n\n<h2 class=\"wp-block-heading\">Comprendre les distances s\u00e9paratives et la voirie publique<\/h2>\n\n<p>Lorsque l&rsquo;on planifie l&rsquo;ajout d&rsquo;une v\u00e9randa ou d&rsquo;une pergola, l&rsquo;enthousiasme du projet peut parfois occulter les aspects administratifs. Pourtant, la notion de <strong>distances s\u00e9paratives<\/strong> est au c\u0153ur de la r\u00e9ussite et de la l\u00e9galit\u00e9 de votre am\u00e9nagement. Ces r\u00e8gles d&rsquo;<strong>urbanisme<\/strong> d\u00e9finissent le recul obligatoire entre votre construction et les limites de votre terrain, qu&rsquo;il s&rsquo;agisse de la propri\u00e9t\u00e9 d&rsquo;un voisin ou de la <strong>voirie publique<\/strong>. L&rsquo;objectif est double : garantir une cohabitation harmonieuse et assurer la <strong>s\u00e9curit\u00e9 routi\u00e8re<\/strong> en pr\u00e9servant la visibilit\u00e9 aux abords des voies.<\/p>\n\n<p>La premi\u00e8re source d&rsquo;information est sans conteste le Plan Local d&rsquo;Urbanisme (PLU) ou tout autre document d&rsquo;urbanisme en vigueur dans votre commune. Chaque municipalit\u00e9 adapte la <strong>r\u00e9glementation<\/strong> en fonction de ses sp\u00e9cificit\u00e9s. Pour bien d\u00e9marrer, il est essentiel de <a href=\"https:\/\/pro-veranda.fr\/actu\/comment-consulter-le-plu-de-ma-commune-avant-dacheter-une-veranda\/\">savoir comment consulter le PLU de votre commune<\/a> afin de conna\u00eetre les <strong>normes<\/strong> qui s&rsquo;appliquent \u00e0 votre parcelle. En l&rsquo;absence de PLU, c&rsquo;est le R\u00e8glement National d&rsquo;Urbanisme (RNU) qui fait foi, notamment via son article R.111-18, qui impose une distance minimale par rapport \u00e0 la route bas\u00e9e sur la hauteur de votre construction.<\/p>\n\n<h3 class=\"wp-block-heading\">Le recul par rapport \u00e0 la voie publique : que dit la r\u00e9glementation ?<\/h3>\n\n<p>Le recul de votre future v\u00e9randa par rapport \u00e0 la rue est l&rsquo;un des points les plus scrut\u00e9s lors de l&rsquo;instruction de votre dossier. Le PLU peut imposer diff\u00e9rentes r\u00e8gles :<\/p>\n\n<ul class=\"wp-block-list\"><li>\u27a1\ufe0f <strong>Construction \u00e0 l&rsquo;alignement :<\/strong> Fr\u00e9quent dans les centres-villes denses, cela signifie que votre fa\u00e7ade doit \u00eatre construite directement en bordure de l&rsquo;espace public.<\/li><li>\u27a1\ufe0f <strong>Recul fixe :<\/strong> En zone r\u00e9sidentielle, un recul de 3 \u00e0 5 m\u00e8tres est souvent la norme pour cr\u00e9er un petit jardin d&rsquo;agr\u00e9ment en fa\u00e7ade et pr\u00e9server l&rsquo;intimit\u00e9.<\/li><li>\u27a1\ufe0f <strong>Marges de recul importantes :<\/strong> En zone agricole ou naturelle, ces distances peuvent atteindre 10 \u00e0 15 m\u00e8tres pour pr\u00e9server les paysages.<\/li><\/ul>\n\n<p>Il est crucial de distinguer le type de voie qui borde votre terrain (voie communale, route d\u00e9partementale, chemin rural), car les r\u00e8gles peuvent varier. En cas de doute, une demande d&rsquo;<strong>arr\u00eat\u00e9 d&rsquo;alignement<\/strong> aupr\u00e8s du gestionnaire de la voirie (la mairie ou le conseil d\u00e9partemental) permet de mat\u00e9rialiser officiellement la limite entre votre propri\u00e9t\u00e9 et le domaine public.<\/p>\n\n<h2 class=\"wp-block-heading\">Les r\u00e8gles d&rsquo;urbanisme sp\u00e9cifiques \u00e0 votre projet<\/h2>\n\n<p>L&rsquo;application des textes de loi peut parfois sembler complexe. Une question parlementaire r\u00e9cente (n\u00b06653) a d&rsquo;ailleurs permis de clarifier un point technique majeur : la diff\u00e9rence entre \u00ab\u00a0b\u00e2timent\u00a0\u00bb et \u00ab\u00a0construction\u00a0\u00bb. Les articles R.111-16 et R.111-17 du Code de l&rsquo;urbanisme, qui fixent des r\u00e8gles de calcul de distance strictes par rapport aux limites, ne s&rsquo;appliquent, selon la jurisprudence, qu&rsquo;aux \u00ab\u00a0b\u00e2timents\u00a0\u00bb.<\/p>\n\n<p>Une v\u00e9randa, en tant qu&rsquo;extension close et couverte, est sans \u00e9quivoque consid\u00e9r\u00e9e comme un b\u00e2timent. Une pergola, bien qu&rsquo;ajour\u00e9e, est une construction p\u00e9renne qui modifie l&rsquo;aspect ext\u00e9rieur et doit donc respecter l&rsquo;ensemble des r\u00e8gles d&rsquo;implantation \u00e9dict\u00e9es par le PLU. Le <strong>respect<\/strong> de ces d\u00e9finitions est fondamental pour la conformit\u00e9 de votre autorisation d&rsquo;urbanisme (d\u00e9claration pr\u00e9alable ou permis de construire).<\/p>\n\n<h3 class=\"wp-block-heading\">Au-del\u00e0 de la voirie : les autres distances \u00e0 ma\u00eetriser<\/h3>\n\n<p>La <strong>protection<\/strong> de votre projet et de votre environnement ne s&rsquo;arr\u00eate pas \u00e0 la voie publique. D&rsquo;autres distances et servitudes doivent \u00eatre scrupuleusement v\u00e9rifi\u00e9es avant de d\u00e9buter les travaux. Ignorer ces contraintes peut mener \u00e0 des litiges co\u00fbteux et \u00e0 une demande de d\u00e9molition.<\/p>\n\n<p>Voici un tableau r\u00e9capitulatif des distances courantes \u00e0 int\u00e9grer dans votre plan d&rsquo;<strong>am\u00e9nagement<\/strong>.<\/p>\n\n<figure class=\"wp-block-table\"><table>\n<thead>\n<tr>\n<th>\u00c9l\u00e9ment concern\u00e9<\/th>\n<th>Distance minimale \u00e0 respecter<\/th>\n<th>Remarques importantes \ud83d\udcdd<\/th>\n<\/tr>\n<\/thead>\n<tbody>\n<tr>\n<td>Limite de propri\u00e9t\u00e9 voisine<\/td>\n<td>0,5 m (si structure &lt; 2 m de haut)<\/td>\n<td>Sauf si le PLU impose une autre r\u00e8gle ou si la construction est implant\u00e9e sur la limite.<\/td>\n<\/tr>\n<tr>\n<td>Limite de propri\u00e9t\u00e9 voisine<\/td>\n<td>2 m (si structure &gt; 2 m de haut)<\/td>\n<td>S&rsquo;applique notamment aux plantations, mais inspire les r\u00e8gles pour les constructions l\u00e9g\u00e8res.<\/td>\n<\/tr>\n<tr>\n<td>Ligne \u00e9lectrique \u26a1\ufe0f<\/td>\n<td>De 2 \u00e0 5 m selon la tension<\/td>\n<td>La distance augmente avec la hauteur de la construction. Prudence maximale requise !<\/td>\n<\/tr>\n<tr>\n<td>R\u00e9seau souterrain (eau, gaz) \ud83d\udca7<\/td>\n<td>1 \u00e0 2 m pour les fondations<\/td>\n<td>Consultez les plans des concessionnaires pour \u00e9viter tout dommage.<\/td>\n<\/tr>\n<tr>\n<td>Cours d&rsquo;eau domanial \ud83c\udfde\ufe0f<\/td>\n<td>3,25 m (servitude de marchepied)<\/td>\n<td>Peut \u00eatre compl\u00e9t\u00e9e par une servitude de halage de 9,75 m.<\/td>\n<\/tr>\n<\/tbody>\n<\/table><\/figure>\n\n<script type=\"application\/ld+json\">\n{\"@context\":\"https:\/\/schema.org\",\"@type\":\"FAQPage\",\"mainEntity\":[{\"@type\":\"Question\",\"name\":\"Quelle est la premiu00e8re du00e9marche u00e0 effectuer avant d'installer ma pergola ?\",\"acceptedAnswer\":{\"@type\":\"Answer\",\"text\":\"La toute premiu00e8re u00e9tape, avant mu00eame de choisir un modu00e8le, est de vous rendre au service urbanisme de votre mairie pour consulter le Plan Local d'Urbanisme (PLU). Ce document vous donnera toutes les ru00e8gles pru00e9cises de distances, de hauteurs et d'aspect architectural u00e0 respecter sur votre parcelle.\"}},{\"@type\":\"Question\",\"name\":\"Mon voisin peut-il m'obliger u00e0 du00e9monter ma vu00e9randa si elle ne respecte pas les distances ?\",\"acceptedAnswer\":{\"@type\":\"Answer\",\"text\":\"Absolument. Si votre construction ne respecte pas les distances lu00e9gales ou celles fixu00e9es par le PLU, votre voisin peut intenter une action en justice. Un juge peut ordonner la mise en conformitu00e9 de l'ouvrage, voire sa du00e9molition, u00e0 vos frais.\"}},{\"@type\":\"Question\",\"name\":\"Les ru00e8gles de distance s'appliquent-elles aussi pour une pergola bioclimatique autoportante ?\",\"acceptedAnswer\":{\"@type\":\"Answer\",\"text\":\"Oui. Mu00eame si elle n'est pas accolu00e9e u00e0 la maison, une pergola autoportante est une construction fixe et pu00e9renne qui cru00e9e de l'emprise au sol. Elle est donc soumise aux mu00eames ru00e8gles d'urbanisme et de distances su00e9paratives qu'une construction traditionnelle.\"}},{\"@type\":\"Question\",\"name\":\"Que se passe-t-il si ma commune n'a pas de PLU ?\",\"acceptedAnswer\":{\"@type\":\"Answer\",\"text\":\"En l'absence de PLU, de carte communale ou de document d'urbanisme u00e9quivalent, c'est le Ru00e8glement National d'Urbanisme (RNU) qui s'applique par du00e9faut. Ses articles (notamment R.111-16 u00e0 R.111-18) fixent les ru00e8gles nationales en matiu00e8re d'implantation et de distances par rapport aux voies et aux limites parcellaires.\"}}]}\n<\/script>\n<h3>Quelle est la premi\u00e8re d\u00e9marche \u00e0 effectuer avant d&rsquo;installer ma pergola ?<\/h3>\n<p>La toute premi\u00e8re \u00e9tape, avant m\u00eame de choisir un mod\u00e8le, est de vous rendre au service urbanisme de votre mairie pour consulter le Plan Local d&rsquo;Urbanisme (PLU). Ce document vous donnera toutes les r\u00e8gles pr\u00e9cises de distances, de hauteurs et d&rsquo;aspect architectural \u00e0 respecter sur votre parcelle.<\/p>\n<h3>Mon voisin peut-il m&rsquo;obliger \u00e0 d\u00e9monter ma v\u00e9randa si elle ne respecte pas les distances ?<\/h3>\n<p>Absolument. Si votre construction ne respecte pas les distances l\u00e9gales ou celles fix\u00e9es par le PLU, votre voisin peut intenter une action en justice. Un juge peut ordonner la mise en conformit\u00e9 de l&rsquo;ouvrage, voire sa d\u00e9molition, \u00e0 vos frais.<\/p>\n<h3>Les r\u00e8gles de distance s&rsquo;appliquent-elles aussi pour une pergola bioclimatique autoportante ?<\/h3>\n<p>Oui. M\u00eame si elle n&rsquo;est pas accol\u00e9e \u00e0 la maison, une pergola autoportante est une construction fixe et p\u00e9renne qui cr\u00e9e de l&#8217;emprise au sol. Elle est donc soumise aux m\u00eames r\u00e8gles d&rsquo;urbanisme et de distances s\u00e9paratives qu&rsquo;une construction traditionnelle.<\/p>\n<h3>Que se passe-t-il si ma commune n&rsquo;a pas de PLU ?<\/h3>\n<p>En l&rsquo;absence de PLU, de carte communale ou de document d&rsquo;urbanisme \u00e9quivalent, c&rsquo;est le R\u00e8glement National d&rsquo;Urbanisme (RNU) qui s&rsquo;applique par d\u00e9faut. Ses articles (notamment R.111-16 \u00e0 R.111-18) fixent les r\u00e8gles nationales en mati\u00e8re d&rsquo;implantation et de distances par rapport aux voies et aux limites parcellaires.<\/p>\n\n","protected":false},"excerpt":{"rendered":"<p>En bref L&rsquo;installation d&rsquo;une pergola ou d&rsquo;une v\u00e9randa est un projet d&rsquo;am\u00e9nagement exaltant, mais qui requiert une attention particuli\u00e8re \u00e0 [&hellip;]<\/p>\n","protected":false},"author":1,"featured_media":126,"comment_status":"open","ping_status":"open","sticky":false,"template":"","format":"standard","meta":{"site-sidebar-layout":"default","site-content-layout":"","ast-site-content-layout":"default","site-content-style":"default","site-sidebar-style":"default","ast-global-header-display":"","ast-banner-title-visibility":"","ast-main-header-display":"","ast-hfb-above-header-display":"","ast-hfb-below-header-display":"","ast-hfb-mobile-header-display":"","site-post-title":"","ast-breadcrumbs-content":"","ast-featured-img":"","footer-sml-layout":"","ast-disable-related-posts":"","theme-transparent-header-meta":"","adv-header-id-meta":"","stick-header-meta":"","header-above-stick-meta":"","header-main-stick-meta":"","header-below-stick-meta":"","astra-migrate-meta-layouts":"default","ast-page-background-enabled":"default","ast-page-background-meta":{"desktop":{"background-color":"var(--ast-global-color-5)","background-image":"","background-repeat":"repeat","background-position":"center center","background-size":"auto","background-attachment":"scroll","background-type":"","background-media":"","overlay-type":"","overlay-color":"","overlay-opacity":"","overlay-gradient":""},"tablet":{"background-color":"","background-image":"","background-repeat":"repeat","background-position":"center center","background-size":"auto","background-attachment":"scroll","background-type":"","background-media":"","overlay-type":"","overlay-color":"","overlay-opacity":"","overlay-gradient":""},"mobile":{"background-color":"","background-image":"","background-repeat":"repeat","background-position":"center center","background-size":"auto","background-attachment":"scroll","background-type":"","background-media":"","overlay-type":"","overlay-color":"","overlay-opacity":"","overlay-gradient":""}},"ast-content-background-meta":{"desktop":{"background-color":"var(--ast-global-color-4)","background-image":"","background-repeat":"repeat","background-position":"center center","background-size":"auto","background-attachment":"scroll","background-type":"","background-media":"","overlay-type":"","overlay-color":"","overlay-opacity":"","overlay-gradient":""},"tablet":{"background-color":"var(--ast-global-color-4)","background-image":"","background-repeat":"repeat","background-position":"center center","background-size":"auto","background-attachment":"scroll","background-type":"","background-media":"","overlay-type":"","overlay-color":"","overlay-opacity":"","overlay-gradient":""},"mobile":{"background-color":"var(--ast-global-color-4)","background-image":"","background-repeat":"repeat","background-position":"center center","background-size":"auto","background-attachment":"scroll","background-type":"","background-media":"","overlay-type":"","overlay-color":"","overlay-opacity":"","overlay-gradient":""}},"footnotes":""},"categories":[6],"tags":[],"class_list":["post-130","post","type-post","status-publish","format-standard","has-post-thumbnail","hentry","category-extensions-exterieurs"],"_links":{"self":[{"href":"https:\/\/pro-veranda.fr\/actu\/wp-json\/wp\/v2\/posts\/130","targetHints":{"allow":["GET"]}}],"collection":[{"href":"https:\/\/pro-veranda.fr\/actu\/wp-json\/wp\/v2\/posts"}],"about":[{"href":"https:\/\/pro-veranda.fr\/actu\/wp-json\/wp\/v2\/types\/post"}],"author":[{"embeddable":true,"href":"https:\/\/pro-veranda.fr\/actu\/wp-json\/wp\/v2\/users\/1"}],"replies":[{"embeddable":true,"href":"https:\/\/pro-veranda.fr\/actu\/wp-json\/wp\/v2\/comments?post=130"}],"version-history":[{"count":0,"href":"https:\/\/pro-veranda.fr\/actu\/wp-json\/wp\/v2\/posts\/130\/revisions"}],"wp:featuredmedia":[{"embeddable":true,"href":"https:\/\/pro-veranda.fr\/actu\/wp-json\/wp\/v2\/media\/126"}],"wp:attachment":[{"href":"https:\/\/pro-veranda.fr\/actu\/wp-json\/wp\/v2\/media?parent=130"}],"wp:term":[{"taxonomy":"category","embeddable":true,"href":"https:\/\/pro-veranda.fr\/actu\/wp-json\/wp\/v2\/categories?post=130"},{"taxonomy":"post_tag","embeddable":true,"href":"https:\/\/pro-veranda.fr\/actu\/wp-json\/wp\/v2\/tags?post=130"}],"curies":[{"name":"wp","href":"https:\/\/api.w.org\/{rel}","templated":true}]}}