{"id":122,"date":"2026-01-29T07:51:09","date_gmt":"2026-01-29T06:51:09","guid":{"rendered":"https:\/\/pro-veranda.fr\/actu\/veranda-guide-complet-pour-associer-style-et-fonctionnalite\/"},"modified":"2026-01-29T07:51:09","modified_gmt":"2026-01-29T06:51:09","slug":"veranda-guide-complet-pour-associer-style-et-fonctionnalite","status":"publish","type":"post","link":"https:\/\/pro-veranda.fr\/actu\/veranda-guide-complet-pour-associer-style-et-fonctionnalite\/","title":{"rendered":"V\u00e9randa : guide complet pour associer style et fonctionnalit\u00e9"},"content":{"rendered":"<p><strong>En bref :<\/strong><\/p>\n\n<p>Une v\u00e9randa r\u00e9ussie est un projet qui allie esth\u00e9tique et performance. Ce guide explore les cl\u00e9s pour concevoir une extension maison qui soit \u00e0 la fois un atout de charme et un espace de vie confortable en toute saison. De la s\u00e9lection rigoureuse des mat\u00e9riaux \u00e0 l&rsquo;importance cruciale de l&rsquo;orientation, chaque d\u00e9tail compte pour cr\u00e9er une pi\u00e8ce baign\u00e9e de lumi\u00e8re naturelle.<\/p>\n\n<ul class=\"wp-block-list\"><li>\u2705 <strong>Mat\u00e9riaux :<\/strong> Le choix entre l&rsquo;aluminium, le bois, le PVC et l&rsquo;acier d\u00e9termine la durabilit\u00e9, l&rsquo;entretien et le style de votre v\u00e9randa.<\/li><li>\ud83c\udfa8 <strong>Design :<\/strong> L&rsquo;harmonie avec l&rsquo;architecture existante est essentielle. Contemporain, classique ou industriel, le style doit refl\u00e9ter votre identit\u00e9.<\/li><li>\u2600\ufe0f <strong>Orientation :<\/strong> L&rsquo;exposition au soleil influence directement le confort thermique et la luminosit\u00e9. Une bonne orientation est primordiale.<\/li><li>\ud83c\udf21\ufe0f <strong>Isolation :<\/strong> Un vitrage performant et des profil\u00e9s \u00e0 rupture de pont thermique sont indispensables pour une utilisation agr\u00e9able toute l&rsquo;ann\u00e9e.<\/li><\/ul>\n\n<h2 class=\"wp-block-heading\">Les mat\u00e9riaux : le socle de votre projet de v\u00e9randa<\/h2>\n\n<p>Le choix des <strong>mat\u00e9riaux<\/strong> est la premi\u00e8re \u00e9tape d\u00e9cisive dans la conception de votre v\u00e9randa. Il impacte non seulement l&rsquo;esth\u00e9tique et le <strong>design<\/strong> de l&rsquo;<strong>extension maison<\/strong>, mais aussi sa durabilit\u00e9, son entretien et son <strong>confort<\/strong> thermique. Chaque mat\u00e9riau poss\u00e8de des caract\u00e9ristiques propres qu&rsquo;il convient d&rsquo;analyser.<\/p>\n\n<p>L&rsquo;aluminium, par exemple, se distingue par sa l\u00e9g\u00e8ret\u00e9 et sa robustesse, autorisant des structures fines et \u00e9pur\u00e9es qui maximisent les surfaces vitr\u00e9es. Gr\u00e2ce aux profil\u00e9s \u00e0 rupture de pont thermique, il offre aujourd&rsquo;hui d&rsquo;excellentes performances d&rsquo;isolation. Le bois, quant \u00e0 lui, s\u00e9duit par son aspect chaleureux et authentique, mais exige un entretien r\u00e9gulier pour pr\u00e9server sa beaut\u00e9 face aux \u00e9l\u00e9ments. Le PVC reste une option \u00e9conomique et simple d&rsquo;entretien, bien que moins adapt\u00e9 aux grandes structures. Enfin, l&rsquo;acier ou le fer forg\u00e9 apportent une touche d&rsquo;\u00e9l\u00e9gance intemporelle, parfaite pour les demeures de caract\u00e8re, mais n\u00e9cessitent un traitement anticorrosion rigoureux.<\/p>\n\n<h3 class=\"wp-block-heading\">Comparatif des principaux mat\u00e9riaux pour votre v\u00e9randa<\/h3>\n\n<p>Pour vous aider \u00e0 visualiser les avantages de chaque option, voici un tableau r\u00e9capitulatif.<\/p>\n\n<figure class=\"wp-block-table\"><table>\n<thead>\n<tr>\n<th>Mat\u00e9riau<\/th>\n<th>Avantages \u2705<\/th>\n<th>Points de vigilance \ud83e\uddd0<\/th>\n<th>Style associ\u00e9<\/th>\n<\/tr>\n<\/thead>\n<tbody>\n<tr>\n<td><strong>Aluminium<\/strong><\/td>\n<td>Durable, entretien facile, finesse des profil\u00e9s, large choix de couleurs.<\/td>\n<td>Co\u00fbt l\u00e9g\u00e8rement sup\u00e9rieur au PVC.<\/td>\n<td>Contemporain, design, industriel.<\/td>\n<\/tr>\n<tr>\n<td><strong>Bois<\/strong><\/td>\n<td>Naturel, chaleureux, excellentes performances isolantes.<\/td>\n<td>Entretien r\u00e9gulier n\u00e9cessaire (lasure, peinture).<\/td>\n<td>Traditionnel, rustique, classique.<\/td>\n<\/tr>\n<tr>\n<td><strong>PVC<\/strong><\/td>\n<td>Bon rapport qualit\u00e9-prix, entretien quasi nul, bonne isolation.<\/td>\n<td>Moins rigide pour les grandes port\u00e9es, choix de couleurs limit\u00e9.<\/td>\n<td>Classique, simple.<\/td>\n<\/tr>\n<tr>\n<td><strong>Acier \/ Fer Forg\u00e9<\/strong><\/td>\n<td>Tr\u00e8s robuste, permet des designs fins et ouvrag\u00e9s, \u00e9l\u00e9gance.<\/td>\n<td>Isolation plus faible, sensible \u00e0 la corrosion, co\u00fbt \u00e9lev\u00e9.<\/td>\n<td>Victorien, Art d\u00e9co, industriel.<\/td>\n<\/tr>\n<\/tbody>\n<\/table><\/figure>\n\n<h2 class=\"wp-block-heading\">Quel style pour une int\u00e9gration parfaite \u00e0 votre architecture ?<\/h2>\n\n<p>La <strong>fonctionnalit\u00e9<\/strong> ne doit jamais \u00e9clipser l&rsquo;esth\u00e9tique. Une v\u00e9randa doit s&rsquo;int\u00e9grer comme une \u00e9vidence \u00e0 l&rsquo;<strong>architecture<\/strong> de votre maison. Le <strong>style<\/strong> choisi doit cr\u00e9er un dialogue harmonieux entre l&rsquo;existant et la nouvelle structure, pour une <strong>extension maison<\/strong> qui valorise l&rsquo;ensemble.<\/p>\n\n<p>Le style contemporain, avec ses lignes minimalistes et ses grandes baies vitr\u00e9es, est id\u00e9al pour maximiser la <strong>lumi\u00e8re naturelle<\/strong>. Les profil\u00e9s en aluminium sont ici rois. Pour une approche plus intemporelle, le style classique mise sur des formes sobres et \u00e9l\u00e9gantes. Le style victorien, avec ses courbes et ses ornements, est parfait pour les maisons anciennes, tandis que le look industriel, jouant sur des mat\u00e9riaux bruts comme l&rsquo;acier et l&rsquo;aluminium de couleur sombre, apporte une touche urbaine tr\u00e8s tendance en 2026.<\/p>\n\n<figure class=\"is-provider-youtube is-type-video wp-block-embed wp-block-embed-youtube wp-embed-aspect-16-9 wp-has-aspect-ratio\"><div class=\"wp-block-embed__wrapper\">\n<iframe loading=\"lazy\" title=\"AGENCER VOTRE VERANDA FACILEMENT !#veranda  #renovation #decoration\" width=\"500\" height=\"281\" src=\"https:\/\/www.youtube.com\/embed\/Ur0UrvjDYM8?feature=oembed\" frameborder=\"0\" allow=\"accelerometer; autoplay; clipboard-write; encrypted-media; gyroscope; picture-in-picture; web-share\" referrerpolicy=\"strict-origin-when-cross-origin\" allowfullscreen><\/iframe>\n<\/div><\/figure>\n\n<h2 class=\"wp-block-heading\">L&rsquo;orientation : la cl\u00e9 du confort et de la lumi\u00e8re naturelle<\/h2>\n\n<p>L&rsquo;orientation de votre v\u00e9randa est un param\u00e8tre non n\u00e9gociable pour garantir un confort d&rsquo;usage optimal. Elle d\u00e9termine la quantit\u00e9 de <strong>lumi\u00e8re naturelle<\/strong> re\u00e7ue, mais aussi les besoins en chauffage en hiver et en protection solaire en \u00e9t\u00e9. Une mauvaise orientation peut transformer votre r\u00eave en un espace inutilisable une partie de l&rsquo;ann\u00e9e.<\/p>\n\n<ul class=\"wp-block-list\"><li>\u2600\ufe0f <strong>Orientation Sud :<\/strong> Elle offre un ensoleillement maximal, id\u00e9al en hiver. En \u00e9t\u00e9, des protections solaires (stores, volets roulants, vitrage \u00e0 contr\u00f4le solaire) sont indispensables pour \u00e9viter la surchauffe.<\/li><li>\ud83c\udf05 <strong>Orientation Est :<\/strong> Vous profiterez d&rsquo;une lumi\u00e8re douce le matin, parfaite pour un espace petit-d\u00e9jeuner ou un bureau. La chaleur reste mod\u00e9r\u00e9e le reste de la journ\u00e9e.<\/li><li>\ud83c\udf07 <strong>Orientation Ouest :<\/strong> L&rsquo;ensoleillement est plus intense en fin de journ\u00e9e. Cet emplacement est agr\u00e9able pour un salon d&rsquo;appoint, mais n\u00e9cessite \u00e9galement des protections solaires efficaces.<\/li><li>\u2601\ufe0f <strong>Orientation Nord :<\/strong> Elle procure une lumi\u00e8re constante et homog\u00e8ne, sans risque de surchauffe. C&rsquo;est un choix judicieux pour un atelier d&rsquo;artiste, mais qui exigera une isolation thermique renforc\u00e9e.<\/li><\/ul>\n\n<p>Pour approfondir ce sujet technique, il est utile de consulter un <a href=\"https:\/\/pro-veranda.fr\/actu\/veranda-guide-complet-pour-choisir-la-bonne-orientation\/\">guide complet pour choisir la bonne orientation<\/a>, qui vous donnera toutes les cl\u00e9s d&rsquo;une implantation r\u00e9ussie.<\/p>\n\n<!-- D\u00e9but du Calculateur de V\u00e9randa - Pr\u00eat \u00e0 copier\/coller -->\n<div id=\"calculateur-veranda-container\" class=\"not-prose max-w-2xl mx-auto my-12 font-sans bg-white rounded-2xl shadow-lg border border-gray-200 overflow-hidden\">\n    <div class=\"p-8\">\n        <div class=\"flex items-center gap-4 mb-4\">\n            <!-- Ic\u00f4ne SVG pour une touche cr\u00e9ative -->\n            <svg class=\"w-10 h-10 text-emerald-500\" xmlns=\"http:\/\/www.w3.org\/2000\/svg\" fill=\"none\" viewBox=\"0 0 24 24\" stroke-width=\"1.5\" stroke=\"currentColor\">\n                <path stroke-linecap=\"round\" stroke-linejoin=\"round\" d=\"M12 3v2.25m6.364.386-1.591 1.591M21 12h-2.25m-.386 6.364-1.591-1.591M12 18.75V21m-6.364-.386 1.591-1.591M3 12h2.25m.386-6.364 1.591 1.591M12 6.375a5.625 5.625 0 1 0 0 11.25 5.625 5.625 0 0 0 0-11.25Z\" \/>\n            <\/svg>\n            <h2 class=\"text-2xl font-bold text-gray-800\">Calculez la surface id\u00e9ale pour votre v\u00e9randa<\/h2>\n        <\/div>\n        <p class=\"text-gray-600 mb-8\">\n            Estimez la superficie parfaite pour votre future pi\u00e8ce de vie. Indiquez le nombre d&rsquo;occupants et l&rsquo;usage principal pour obtenir une recommandation personnalis\u00e9e.\n        <\/p>\n\n        <form id=\"verandaForm\" class=\"grid grid-cols-1 gap-6\" onsubmit=\"event.preventDefault();\">\n            <!-- Champ: Nombre de personnes -->\n            <div>\n                <label for=\"nombrePersonnes\" class=\"block text-sm font-medium text-gray-700 mb-2\">Combien de personnes utiliseront la v\u00e9randa au quotidien ?<\/label>\n                <input type=\"number\" id=\"nombrePersonnes\" name=\"nombrePersonnes\" value=\"2\" min=\"1\" max=\"20\" class=\"w-full px-4 py-3 bg-gray-50 border border-gray-300 rounded-lg focus:ring-emerald-500 focus:border-emerald-500 transition duration-150 ease-in-out\" placeholder=\"Ex: 4\">\n            <\/div>\n\n            <!-- Champ: Usage principal -->\n            <div>\n                <label for=\"usagePrincipal\" class=\"block text-sm font-medium text-gray-700 mb-2\">Quel sera son usage principal ?<\/label>\n                <select id=\"usagePrincipal\" name=\"usagePrincipal\" class=\"w-full px-4 py-3 bg-gray-50 border border-gray-300 rounded-lg focus:ring-emerald-500 focus:border-emerald-500 transition duration-150 ease-in-out\">\n                    <option value=\"salon\">Salon \/ Espace d\u00e9tente<\/option>\n                    <option value=\"salle_a_manger\">Salle \u00e0 manger<\/option>\n                    <option value=\"bureau\">Bureau \/ Espace de travail<\/option>\n                    <option value=\"jardin_hiver\">Jardin d&rsquo;hiver \/ Serre<\/option>\n                <\/select>\n            <\/div>\n\n            <!-- Bouton de calcul -->\n            <div>\n                <button type=\"button\" id=\"boutonCalculer\" class=\"w-full bg-emerald-600 text-white font-bold py-3 px-6 rounded-lg hover:bg-emerald-700 focus:outline-none focus:ring-2 focus:ring-offset-2 focus:ring-emerald-500 transition-transform transform hover:scale-105\">\n                    Estimer la surface\n                <\/button>\n            <\/div>\n        <\/form>\n\n        <!-- Zone de r\u00e9sultat (initialement cach\u00e9e) -->\n        <div id=\"resultatVeranda\" class=\"mt-8 p-6 bg-emerald-50 border-l-4 border-emerald-500 rounded-r-lg opacity-0 transition-opacity duration-500\" style=\"display: none;\">\n            <div class=\"flex items-start\">\n                <div class=\"flex-shrink-0\">\n                     <svg class=\"h-6 w-6 text-emerald-600\" xmlns=\"http:\/\/www.w3.org\/2000\/svg\" fill=\"none\" viewBox=\"0 0 24 24\" stroke-width=\"1.5\" stroke=\"currentColor\">\n                        <path stroke-linecap=\"round\" stroke-linejoin=\"round\" d=\"m11.25 11.25.041-.02a.75.75 0 0 1 1.063.852l-.708 2.836a.75.75 0 0 0 1.063.853l.041-.021M21 12a9 9 0 1 1-18 0 9 9 0 0 1 18 0Zm-9-3.75h.008v.008H12V8.25Z\" \/>\n                    <\/svg>\n                <\/div>\n                <div class=\"ml-4\">\n                    <h3 class=\"text-lg font-semibold text-emerald-800\">Notre recommandation<\/h3>\n                    <p class=\"mt-1 text-gray-700\">Pour un confort optimal, nous vous sugg\u00e9rons une surface d&rsquo;environ :<\/p>\n                    <p class=\"mt-2 text-4xl font-extrabold text-emerald-700\">\n                        <span id=\"surfaceResultat\">25<\/span> m\u00b2\n                    <\/p>\n                    <p id=\"detailResultat\" class=\"mt-2 text-sm text-gray-600\"><\/p>\n                <\/div>\n            <\/div>\n        <\/div>\n    <\/div>\n<\/div>\n\n<script>\n\/\/ --- LOGIQUE DU CALCULATEUR DE V\u00c9RANDA ---\n\n\/\/ Cet outil n'a pas besoin d'API externe. La logique de calcul est bas\u00e9e sur des standards\n\/\/ d'ergonomie et d'am\u00e9nagement d'espace. Les donn\u00e9es sont directement int\u00e9gr\u00e9es dans le script.\n\ndocument.addEventListener('DOMContentLoaded', function() {\n\n    \/\/ --- 1. S\u00c9LECTION DES \u00c9L\u00c9MENTS DU DOM ---\n    \/\/ On r\u00e9cup\u00e8re tous les \u00e9l\u00e9ments HTML avec lesquels on va interagir.\n    const boutonCalculer = document.getElementById('boutonCalculer');\n    const inputPersonnes = document.getElementById('nombrePersonnes');\n    const selectUsage = document.getElementById('usagePrincipal');\n    const divResultat = document.getElementById('resultatVeranda');\n    const spanSurfaceResultat = document.getElementById('surfaceResultat');\n    const pDetailResultat = document.getElementById('detailResultat');\n\n    \/\/ --- 2. D\u00c9FINITION DES CONSTANTES DE CALCUL ---\n    \/\/ Ces valeurs peuvent \u00eatre facilement ajust\u00e9es pour affiner les estimations.\n\n    \/\/ Surface de base consid\u00e9r\u00e9e comme confortable pour une personne (en m\u00b2).\n    const SURFACE_PAR_PERSONNE = 3.5;\n\n    \/\/ Bonus de surface (en m\u00b2) ajout\u00e9 en fonction de l'usage principal.\n    \/\/ Un salon a besoin de plus d'espace \"vide\" qu'un bureau.\n    const BONUS_PAR_USAGE = {\n        'salon': 10,           \/\/ Pour canap\u00e9, table basse, circulation.\n        'salle_a_manger': 8,   \/\/ Pour table, chaises et recul n\u00e9cessaire.\n        'bureau': 5,             \/\/ Pour bureau, chaise, rangements.\n        'jardin_hiver': 6      \/\/ Pour les plantes, un fauteuil, all\u00e9es.\n    };\n    \n    \/\/ Textes explicatifs pour chaque usage, pour enrichir le r\u00e9sultat.\n    const DETAILS_PAR_USAGE = {\n        'salon': \"Cet espace permet d'installer confortablement un canap\u00e9, quelques fauteuils et une table basse, tout en gardant une circulation fluide.\",\n        'salle_a_manger': \"Cette superficie est id\u00e9ale pour une table conviviale et ses chaises, en garantissant assez d'espace pour se d\u00e9placer autour.\",\n        'bureau': \"Parfait pour un espace de travail fonctionnel avec un grand bureau, un si\u00e8ge ergonomique et des rangements sans se sentir \u00e0 l'\u00e9troit.\",\n        'jardin_hiver': \"Id\u00e9al pour agencer vos plantes, cr\u00e9er un petit coin lecture et profiter de la lumi\u00e8re naturelle toute l'ann\u00e9e.\"\n    };\n\n\n    \/\/ --- 3. FONCTION DE CALCUL PRINCIPALE ---\n    const calculerSurface = () => {\n        \/\/ a. R\u00e9cup\u00e9rer les valeurs des champs\n        const nombrePersonnes = parseInt(inputPersonnes.value, 10);\n        const usagePrincipal = selectUsage.value;\n\n        \/\/ b. Validation simple des entr\u00e9es\n        if (isNaN(nombrePersonnes) || nombrePersonnes <= 0) {\n            alert(\"Veuillez entrer un nombre de personnes valide.\");\n            return;\n        }\n\n        \/\/ c. Application de la formule de calcul\n        \/\/ Formule : (Nombre de personnes * Surface par personne) + Bonus li\u00e9 \u00e0 l'usage\n        const surfaceDeBase = nombrePersonnes * SURFACE_PAR_PERSONNE;\n        const bonusUsage = BONUS_PAR_USAGE[usagePrincipal] || 0; \/\/ || 0 pour \u00e9viter une erreur si l'usage n'est pas trouv\u00e9\n        const surfaceTotale = surfaceDeBase + bonusUsage;\n        \n        \/\/ d. Afficher le r\u00e9sultat\n        afficherResultat(surfaceTotale, usagePrincipal);\n    };\n\n    \/\/ --- 4. FONCTION D'AFFICHAGE DU R\u00c9SULTAT ---\n    const afficherResultat = (surface, usage) => {\n        \/\/ On met \u00e0 jour le contenu textuel des \u00e9l\u00e9ments du r\u00e9sultat.\n        \/\/ .toFixed(1) arrondit le nombre \u00e0 une d\u00e9cimale pour un rendu plus propre.\n        spanSurfaceResultat.textContent = surface.toFixed(1).replace('.', ',');\n        pDetailResultat.textContent = DETAILS_PAR_USAGE[usage] || '';\n\n        \/\/ On rend la div de r\u00e9sultat visible avec un effet de fondu.\n        divResultat.style.display = 'block';\n        \/\/ On utilise un l\u00e9ger d\u00e9lai pour que la transition CSS 'opacity' s'applique correctement.\n        setTimeout(() => {\n            divResultat.style.opacity = '1';\n        }, 10);\n    };\n\n    \/\/ --- 5. MISE EN PLACE DES \u00c9COUTEURS D'\u00c9V\u00c9NEMENTS ---\n    \/\/ On d\u00e9clenche le calcul lorsque l'utilisateur clique sur le bouton.\n    boutonCalculer.addEventListener('click', calculerSurface);\n\n});\n<\/script>\n<!-- Fin du Calculateur de V\u00e9randa -->\n\n<!-- D\u00e9pendance CDN pour le style (Tailwind CSS) -->\n<!-- Assurez-vous que ce script est pr\u00e9sent dans votre page, id\u00e9alement dans le <head> -->\n<!-- Si vous l'avez d\u00e9j\u00e0, inutile de le rajouter. -->\n<script src=\"https:\/\/cdn.jsdelivr.net\/npm\/@tailwindcss\/browser@4\"><\/script>\n\n<h2 class=\"wp-block-heading\">Isolation et confort : pour profiter de votre v\u00e9randa 365 jours par an<\/h2>\n\n<p>Une v\u00e9randa moderne n&rsquo;est plus une simple annexe pour l&rsquo;entre-saison. C&rsquo;est une v\u00e9ritable pi\u00e8ce \u00e0 vivre. Pour atteindre ce niveau de <strong>confort<\/strong>, l&rsquo;isolation thermique et phonique est une priorit\u00e9 absolue. Sans une conception rigoureuse, votre <strong>am\u00e9nagement<\/strong> risque de souffrir des variations de temp\u00e9rature.<\/p>\n\n<p>La performance repose sur deux piliers : les profil\u00e9s et le vitrage. Pour les structures en aluminium, les profil\u00e9s \u00e0 rupture de pont thermique sont la norme. Ils int\u00e8grent un mat\u00e9riau isolant qui emp\u00eache les transferts de chaleur entre l&rsquo;int\u00e9rieur et l&rsquo;ext\u00e9rieur. Le choix du vitrage est tout aussi crucial : un double, voire un triple vitrage \u00e0 isolation renforc\u00e9e (VIR) avec gaz argon, est recommand\u00e9 pour limiter les d\u00e9perditions \u00e9nerg\u00e9tiques. Penser \u00e0 une bonne isolation, c&rsquo;est aussi s&rsquo;interroger sur les <a href=\"https:\/\/pro-veranda.fr\/actu\/veranda-guide-complet-pour-integrer-le-chauffage-et-la-ventilation\/\">solutions pour int\u00e9grer le chauffage et la ventilation<\/a> d\u00e8s la phase de conception.<\/p>\n\n<figure class=\"is-provider-youtube is-type-video wp-block-embed wp-block-embed-youtube wp-embed-aspect-16-9 wp-has-aspect-ratio\"><div class=\"wp-block-embed__wrapper\">\n<iframe loading=\"lazy\" title=\"REUSSIR SA VERANDA OU PERGOLA EN 4 ETAPES #veranda #pergola #architecture\" width=\"500\" height=\"281\" src=\"https:\/\/www.youtube.com\/embed\/CJm7qZyhVG4?feature=oembed\" frameborder=\"0\" allow=\"accelerometer; autoplay; clipboard-write; encrypted-media; gyroscope; picture-in-picture; web-share\" referrerpolicy=\"strict-origin-when-cross-origin\" allowfullscreen><\/iframe>\n<\/div><\/figure>\n\n<script type=\"application\/ld+json\">\n{\"@context\":\"https:\/\/schema.org\",\"@type\":\"FAQPage\",\"mainEntity\":[{\"@type\":\"Question\",\"name\":\"Quel matu00e9riau demande le moins d'entretien ?\",\"acceptedAnswer\":{\"@type\":\"Answer\",\"text\":\"Sans conteste, l'aluminium et le PVC sont les champions du faible entretien. Un simple nettoyage u00e0 l'eau savonneuse une u00e0 deux fois par an suffit u00e0 leur redonner leur u00e9clat. Le bois, bien que tru00e8s esthu00e9tique, nu00e9cessite un traitement ru00e9gulier (lasure ou peinture) tous les 3 u00e0 10 ans selon l'exposition et l'essence choisie.\"}},{\"@type\":\"Question\",\"name\":\"Une vu00e9randa augmente-t-elle vraiment la valeur de ma maison ?\",\"acceptedAnswer\":{\"@type\":\"Answer\",\"text\":\"Oui, une vu00e9randa bien conu00e7ue, de qualitu00e9 et parfaitement intu00e9gru00e9e u00e0 l'architecture existante peut significativement valoriser votre bien immobilier. Elle est peru00e7ue comme un gain de surface habitable et un atout de charme, augmentant l'attrait de la maison sur le marchu00e9.\"}},{\"@type\":\"Question\",\"name\":\"Faut-il un permis de construire pour installer une vu00e9randa ?\",\"acceptedAnswer\":{\"@type\":\"Answer\",\"text\":\"La ru00e9glementation du00e9pend de la surface de votre projet. En gu00e9nu00e9ral, une du00e9claration pru00e9alable de travaux est suffisante pour une surface de plancher entre 5 et 20 mu00b2. Au-delu00e0 de 20 mu00b2 (ou 40 mu00b2 en zone urbaine couverte par un PLU), un permis de construire est obligatoire. Il est impu00e9ratif de consulter le Plan Local d'Urbanisme (PLU) de votre commune avant de commencer.\"}},{\"@type\":\"Question\",\"name\":\"Comment u00e9viter l'effet de serre en u00e9tu00e9 dans une vu00e9randa ?\",\"acceptedAnswer\":{\"@type\":\"Answer\",\"text\":\"Pour u00e9viter la surchauffe, plusieurs solutions peuvent u00eatre combinu00e9es : optez pour un vitrage u00e0 contru00f4le solaire qui filtre les rayons infrarouges, installez des protections extu00e9rieures comme des stores ou des volets roulants (plus efficaces que les protections intu00e9rieures), et assurez une bonne ventilation, par exemple avec des ouvertures en toiture ou une ventilation mu00e9canique.\"}}]}\n<\/script>\n<h3>Quel mat\u00e9riau demande le moins d&rsquo;entretien ?<\/h3>\n<p>Sans conteste, l&rsquo;aluminium et le PVC sont les champions du faible entretien. Un simple nettoyage \u00e0 l&rsquo;eau savonneuse une \u00e0 deux fois par an suffit \u00e0 leur redonner leur \u00e9clat. Le bois, bien que tr\u00e8s esth\u00e9tique, n\u00e9cessite un traitement r\u00e9gulier (lasure ou peinture) tous les 3 \u00e0 10 ans selon l&rsquo;exposition et l&rsquo;essence choisie.<\/p>\n<h3>Une v\u00e9randa augmente-t-elle vraiment la valeur de ma maison ?<\/h3>\n<p>Oui, une v\u00e9randa bien con\u00e7ue, de qualit\u00e9 et parfaitement int\u00e9gr\u00e9e \u00e0 l&rsquo;architecture existante peut significativement valoriser votre bien immobilier. Elle est per\u00e7ue comme un gain de surface habitable et un atout de charme, augmentant l&rsquo;attrait de la maison sur le march\u00e9.<\/p>\n<h3>Faut-il un permis de construire pour installer une v\u00e9randa ?<\/h3>\n<p>La r\u00e9glementation d\u00e9pend de la surface de votre projet. En g\u00e9n\u00e9ral, une d\u00e9claration pr\u00e9alable de travaux est suffisante pour une surface de plancher entre 5 et 20 m\u00b2. Au-del\u00e0 de 20 m\u00b2 (ou 40 m\u00b2 en zone urbaine couverte par un PLU), un permis de construire est obligatoire. Il est imp\u00e9ratif de consulter le Plan Local d&rsquo;Urbanisme (PLU) de votre commune avant de commencer.<\/p>\n<h3>Comment \u00e9viter l&rsquo;effet de serre en \u00e9t\u00e9 dans une v\u00e9randa ?<\/h3>\n<p>Pour \u00e9viter la surchauffe, plusieurs solutions peuvent \u00eatre combin\u00e9es : optez pour un vitrage \u00e0 contr\u00f4le solaire qui filtre les rayons infrarouges, installez des protections ext\u00e9rieures comme des stores ou des volets roulants (plus efficaces que les protections int\u00e9rieures), et assurez une bonne ventilation, par exemple avec des ouvertures en toiture ou une ventilation m\u00e9canique.<\/p>\n\n","protected":false},"excerpt":{"rendered":"<p>En bref : Une v\u00e9randa r\u00e9ussie est un projet qui allie esth\u00e9tique et performance. Ce guide explore les cl\u00e9s pour [&hellip;]<\/p>\n","protected":false},"author":1,"featured_media":120,"comment_status":"open","ping_status":"open","sticky":false,"template":"","format":"standard","meta":{"site-sidebar-layout":"default","site-content-layout":"","ast-site-content-layout":"default","site-content-style":"default","site-sidebar-style":"default","ast-global-header-display":"","ast-banner-title-visibility":"","ast-main-header-display":"","ast-hfb-above-header-display":"","ast-hfb-below-header-display":"","ast-hfb-mobile-header-display":"","site-post-title":"","ast-breadcrumbs-content":"","ast-featured-img":"","footer-sml-layout":"","ast-disable-related-posts":"","theme-transparent-header-meta":"","adv-header-id-meta":"","stick-header-meta":"","header-above-stick-meta":"","header-main-stick-meta":"","header-below-stick-meta":"","astra-migrate-meta-layouts":"default","ast-page-background-enabled":"default","ast-page-background-meta":{"desktop":{"background-color":"var(--ast-global-color-5)","background-image":"","background-repeat":"repeat","background-position":"center center","background-size":"auto","background-attachment":"scroll","background-type":"","background-media":"","overlay-type":"","overlay-color":"","overlay-opacity":"","overlay-gradient":""},"tablet":{"background-color":"","background-image":"","background-repeat":"repeat","background-position":"center center","background-size":"auto","background-attachment":"scroll","background-type":"","background-media":"","overlay-type":"","overlay-color":"","overlay-opacity":"","overlay-gradient":""},"mobile":{"background-color":"","background-image":"","background-repeat":"repeat","background-position":"center center","background-size":"auto","background-attachment":"scroll","background-type":"","background-media":"","overlay-type":"","overlay-color":"","overlay-opacity":"","overlay-gradient":""}},"ast-content-background-meta":{"desktop":{"background-color":"var(--ast-global-color-4)","background-image":"","background-repeat":"repeat","background-position":"center center","background-size":"auto","background-attachment":"scroll","background-type":"","background-media":"","overlay-type":"","overlay-color":"","overlay-opacity":"","overlay-gradient":""},"tablet":{"background-color":"var(--ast-global-color-4)","background-image":"","background-repeat":"repeat","background-position":"center center","background-size":"auto","background-attachment":"scroll","background-type":"","background-media":"","overlay-type":"","overlay-color":"","overlay-opacity":"","overlay-gradient":""},"mobile":{"background-color":"var(--ast-global-color-4)","background-image":"","background-repeat":"repeat","background-position":"center center","background-size":"auto","background-attachment":"scroll","background-type":"","background-media":"","overlay-type":"","overlay-color":"","overlay-opacity":"","overlay-gradient":""}},"footnotes":""},"categories":[1],"tags":[],"class_list":["post-122","post","type-post","status-publish","format-standard","has-post-thumbnail","hentry","category-veranda"],"_links":{"self":[{"href":"https:\/\/pro-veranda.fr\/actu\/wp-json\/wp\/v2\/posts\/122","targetHints":{"allow":["GET"]}}],"collection":[{"href":"https:\/\/pro-veranda.fr\/actu\/wp-json\/wp\/v2\/posts"}],"about":[{"href":"https:\/\/pro-veranda.fr\/actu\/wp-json\/wp\/v2\/types\/post"}],"author":[{"embeddable":true,"href":"https:\/\/pro-veranda.fr\/actu\/wp-json\/wp\/v2\/users\/1"}],"replies":[{"embeddable":true,"href":"https:\/\/pro-veranda.fr\/actu\/wp-json\/wp\/v2\/comments?post=122"}],"version-history":[{"count":0,"href":"https:\/\/pro-veranda.fr\/actu\/wp-json\/wp\/v2\/posts\/122\/revisions"}],"wp:featuredmedia":[{"embeddable":true,"href":"https:\/\/pro-veranda.fr\/actu\/wp-json\/wp\/v2\/media\/120"}],"wp:attachment":[{"href":"https:\/\/pro-veranda.fr\/actu\/wp-json\/wp\/v2\/media?parent=122"}],"wp:term":[{"taxonomy":"category","embeddable":true,"href":"https:\/\/pro-veranda.fr\/actu\/wp-json\/wp\/v2\/categories?post=122"},{"taxonomy":"post_tag","embeddable":true,"href":"https:\/\/pro-veranda.fr\/actu\/wp-json\/wp\/v2\/tags?post=122"}],"curies":[{"name":"wp","href":"https:\/\/api.w.org\/{rel}","templated":true}]}}