{"id":119,"date":"2026-01-28T08:54:30","date_gmt":"2026-01-28T07:54:30","guid":{"rendered":"https:\/\/pro-veranda.fr\/actu\/les-contraintes-de-couleurs-et-materiaux-imposees-par-le-plu-pour-les-verandas\/"},"modified":"2026-01-28T08:54:30","modified_gmt":"2026-01-28T07:54:30","slug":"les-contraintes-de-couleurs-et-materiaux-imposees-par-le-plu-pour-les-verandas","status":"publish","type":"post","link":"https:\/\/pro-veranda.fr\/actu\/les-contraintes-de-couleurs-et-materiaux-imposees-par-le-plu-pour-les-verandas\/","title":{"rendered":"Les contraintes de couleurs et mat\u00e9riaux impos\u00e9es par le PLU pour les v\u00e9randas."},"content":{"rendered":"<p>Avant de vous lancer dans la construction de votre v\u00e9randa, un d\u00e9tour par les services d&rsquo;urbanisme de votre mairie s&rsquo;impose. Le Plan Local d&rsquo;Urbanisme (PLU) est le document de r\u00e9f\u00e9rence qui r\u00e9git l&rsquo;aspect ext\u00e9rieur des constructions. Il impose souvent des contraintes pr\u00e9cises sur les couleurs et, plus rarement, sur les mat\u00e9riaux, afin de garantir une harmonie architecturale. Ne pas s&rsquo;y conformer peut entra\u00eener des sanctions et l&rsquo;obligation de modifier votre projet. Cet article d\u00e9crypte pour vous les r\u00e8gles \u00e0 conna\u00eetre pour que votre extension s&rsquo;int\u00e8gre parfaitement dans son environnement, en toute l\u00e9galit\u00e9.<\/p>\n\n<p><strong>En bref, ce qu&rsquo;il faut retenir :<\/strong><\/p>\n\n<ul class=\"wp-block-list\"><li>\ud83d\udcdd <strong>Le PLU r\u00e9gule l&rsquo;aspect ext\u00e9rieur :<\/strong> Il peut imposer une palette de couleurs pour vos menuiseries, votre toiture et vos fa\u00e7ades, mais rarement un mat\u00e9riau sp\u00e9cifique.<\/li><li>\ud83c\udfa8 <strong>Les nuanciers locaux :<\/strong> De nombreuses communes proposent des guides de couleurs pour pr\u00e9server l&rsquo;harmonie visuelle du quartier. Renseignez-vous en amont.<\/li><li>\ud83c\udfdb\ufe0f <strong>Zones prot\u00e9g\u00e9es, r\u00e8gles renforc\u00e9es :<\/strong> Pr\u00e8s d&rsquo;un monument historique ou dans un Site Patrimonial Remarquable (SPR), l&rsquo;avis de l&rsquo;Architecte des B\u00e2timents de France (ABF) est crucial et les contraintes sur les mat\u00e9riaux peuvent devenir tr\u00e8s strictes.<\/li><li>\ud83d\udcc2 <strong>La D\u00e9claration Pr\u00e9alable :<\/strong> Toute modification de l&rsquo;aspect ext\u00e9rieur, comme l&rsquo;ajout d&rsquo;une v\u00e9randa, n\u00e9cessite au minimum une D\u00e9claration Pr\u00e9alable de travaux en mairie.<\/li><\/ul>\n\n<h2 class=\"wp-block-heading\">PLU et v\u00e9randa : d\u00e9crypter la r\u00e9glementation d&rsquo;urbanisme pour votre projet<\/h2>\n\n<p>Le Plan Local d&rsquo;Urbanisme (PLU), ou sa version intercommunale (PLUi), est le document cl\u00e9 qui encadre la construction sur le territoire d&rsquo;une commune. Son objectif principal est de garantir un d\u00e9veloppement coh\u00e9rent et une <strong>harmonie<\/strong> visuelle. Pour les projets de <strong>v\u00e9randas<\/strong>, il se concentre principalement sur ce que le code de l&rsquo;<strong>urbanisme<\/strong> nomme \u00ab\u00a0l&rsquo;aspect ext\u00e9rieur des constructions\u00a0\u00bb.<\/p>\n\n<p>Concr\u00e8tement, le <strong>r\u00e8glementation<\/strong> du PLU peut d\u00e9finir des r\u00e8gles sur les dimensions, l&rsquo;alignement, mais surtout sur les couleurs des menuiseries, des murs et de la toiture. L&rsquo;<strong>esth\u00e9tique<\/strong> globale de votre projet doit s&rsquo;int\u00e9grer dans le paysage b\u00e2ti existant. C&rsquo;est pourquoi un projet parfaitement acceptable dans une commune peut \u00eatre refus\u00e9 dans la commune voisine aux traditions architecturales diff\u00e9rentes.<\/p>\n\n<h3 class=\"wp-block-heading\">La couleur : une palette de choix sous haute surveillance<\/h3>\n\n<p>La principale contrainte impos\u00e9e par le PLU concerne les <strong>couleurs<\/strong>. Pour pr\u00e9server l&rsquo;identit\u00e9 d&rsquo;une r\u00e9gion ou d&rsquo;un quartier, les mairies \u00e9laborent souvent un nuancier de teintes autoris\u00e9es pour les <strong>fa\u00e7ades<\/strong>, les volets, les portes et, par extension, les structures de v\u00e9randas. On observe des tendances g\u00e9n\u00e9rales :<\/p>\n\n<ul class=\"wp-block-list\"><li>\ud83c\udfa8 Les tons inspir\u00e9s des mat\u00e9riaux locaux (ocre, terre de sienne, gris ardoise) sont souvent privil\u00e9gi\u00e9s.<\/li><li>\u26aa Le blanc pur est fr\u00e9quemment d\u00e9conseill\u00e9, car jug\u00e9 trop \u00e9blouissant et peu en accord avec le b\u00e2ti ancien. On lui pr\u00e9f\u00e8re des teintes cass\u00e9es comme le blanc cr\u00e8me ou le gris perle.<\/li><li>\ud83c\udf08 Dans certaines r\u00e9gions, comme en Provence ou au Pays Basque, des couleurs plus vives peuvent \u00eatre autoris\u00e9es, voire encourag\u00e9es, pour respecter la tradition locale.<\/li><\/ul>\n\n<p>Consulter ce nuancier, disponible au service urbanisme de votre mairie, est donc une \u00e9tape non n\u00e9gociable avant de fixer votre choix sur un RAL (nuancier de couleurs) pour votre v\u00e9randa.<\/p>\n\n<h2 class=\"wp-block-heading\">Couleurs et mat\u00e9riaux pour votre v\u00e9randa : ce que le PLU peut r\u00e9ellement imposer<\/h2>\n\n<p>Une confusion existe souvent entre ce que le PLU peut imposer en mati\u00e8re de couleurs et de <strong>mat\u00e9riaux<\/strong>. La l\u00e9gislation, notamment l&rsquo;article L. 151-18 du code de l&rsquo;urbanisme, apporte une clarification essentielle : le PLU r\u00e9glemente l&rsquo;aspect, pas la nature intrins\u00e8que du mat\u00e9riau dans la plupart des cas.<\/p>\n\n<p>Cela signifie que le PLU peut exiger une finition \u00ab\u00a0aspect bois\u00a0\u00bb de couleur ch\u00eane fonc\u00e9, mais il ne peut g\u00e9n\u00e9ralement pas vous interdire d&rsquo;utiliser de l&rsquo;aluminium si celui-ci imite parfaitement l&rsquo;apparence requise. Cette subtilit\u00e9 offre une plus grande flexibilit\u00e9 dans le <a href=\"https:\/\/pro-veranda.fr\/actu\/veranda-guide-complet-pour-choisir-les-materiaux-adaptes\/\">choix des mat\u00e9riaux pour votre future extension<\/a>, vous permettant de concilier les exigences esth\u00e9tiques locales et les avantages techniques de mat\u00e9riaux modernes (isolation, entretien).<\/p>\n\n<h3 class=\"wp-block-heading\">Le cas particulier des mat\u00e9riaux dans les zones prot\u00e9g\u00e9es<\/h3>\n\n<p>L&rsquo;exception \u00e0 cette r\u00e8gle concerne les zones soumises \u00e0 une protection patrimoniale forte. Si votre bien se situe dans le p\u00e9rim\u00e8tre d&rsquo;un monument historique (g\u00e9n\u00e9ralement 500 m\u00e8tres) ou au sein d&rsquo;un Site Patrimonial Remarquable (SPR), les r\u00e8gles se durcissent consid\u00e9rablement. Dans ces secteurs, le Plan de Sauvegarde et de Mise en Valeur (PSMV) ou le Plan de Valorisation de l&rsquo;Architecture et du Patrimoine (PVAP) peut, lui, imposer des <strong>mat\u00e9riaux<\/strong> sp\u00e9cifiques (pierre de taille locale, bois, ardoise naturelle&#8230;).<\/p>\n\n<p>L&rsquo;avis de l&rsquo;Architecte des B\u00e2timents de France (ABF) devient alors pr\u00e9pond\u00e9rant et souvent contraignant. Son r\u00f4le est de s&rsquo;assurer que votre projet de v\u00e9randa ne porte pas atteinte \u00e0 la qualit\u00e9 architecturale et paysag\u00e8re du site prot\u00e9g\u00e9.<\/p>\n\n<h2 class=\"wp-block-heading\">D\u00e9marches et conseils pour un projet en toute conformit\u00e9<\/h2>\n\n<p>Pour \u00e9viter toute d\u00e9convenue, une pr\u00e9paration rigoureuse est la cl\u00e9. Le dialogue avec les services d&rsquo;urbanisme en amont vous fera gagner un temps pr\u00e9cieux et vous \u00e9vitera des modifications co\u00fbteuses.<\/p>\n\n<p>Avant toute chose, la premi\u00e8re \u00e9tape incontournable est de <a href=\"https:\/\/pro-veranda.fr\/actu\/comment-consulter-le-plu-de-ma-commune-avant-dacheter-une-veranda\/\">consulter le PLU de votre commune<\/a>. Ce document vous donnera le cadre pr\u00e9cis des <strong>contraintes<\/strong> \u00e0 respecter. Ensuite, il est vivement recommand\u00e9 de prendre rendez-vous avec un instructeur du service urbanisme pour pr\u00e9senter votre avant-projet. Cet \u00e9change informel permet de valider les grandes orientations esth\u00e9tiques avant de finaliser les plans.<\/p>\n\n<h3 class=\"wp-block-heading\">Synth\u00e8se des contraintes selon votre zone<\/h3>\n\n<p>Le tableau suivant r\u00e9sume les niveaux de contraintes que vous pouvez rencontrer :<\/p>\n\n<figure class=\"wp-block-table\"><table>\n<thead>\n<tr>\n<th>Type de Zone \ud83d\udccd<\/th>\n<th>Contraintes sur les Couleurs \ud83c\udfa8<\/th>\n<th>Contraintes sur les Mat\u00e9riaux \ud83d\udee0\ufe0f<\/th>\n<th>Acteur D\u00e9cisif \ud83e\uddd1\u200d\u2696\ufe0f<\/th>\n<\/tr>\n<\/thead>\n<tbody>\n<tr>\n<td>Zone standard (hors protection)<\/td>\n<td>\u2705 \u00c9lev\u00e9es (selon nuancier du PLU)<\/td>\n<td>\u274c Faibles (r\u00e9git l&rsquo;aspect, pas le mat\u00e9riau)<\/td>\n<td>Mairie (service urbanisme)<\/td>\n<\/tr>\n<tr>\n<td>P\u00e9rim\u00e8tre d&rsquo;un monument historique<\/td>\n<td>\u2705 Tr\u00e8s \u00e9lev\u00e9es<\/td>\n<td>\u26a0\ufe0f Possibles (selon l&rsquo;avis de l&rsquo;ABF)<\/td>\n<td>Architecte des B\u00e2timents de France<\/td>\n<\/tr>\n<tr>\n<td>Site Patrimonial Remarquable (SPR)<\/td>\n<td>\u2705 Tr\u00e8s \u00e9lev\u00e9es<\/td>\n<td>\u2705 \u00c9lev\u00e9es (le PSMV peut imposer des mat\u00e9riaux)<\/td>\n<td>Architecte des B\u00e2timents de France<\/td>\n<\/tr>\n<\/tbody>\n<\/table><\/figure>\n\n<p>Votre dossier, souvent une D\u00e9claration Pr\u00e9alable, doit \u00eatre impeccable. Il doit clairement pr\u00e9senter les couleurs (avec r\u00e9f\u00e9rences RAL) et l&rsquo;aspect des mat\u00e9riaux choisis. Pour savoir <a href=\"https:\/\/pro-veranda.fr\/actu\/le-dossier-de-permis-de-construire-pour-une-veranda-quelles-pieces-fournir\/\">quelles pi\u00e8ces fournir pour votre projet de v\u00e9randa<\/a>, une bonne pr\u00e9paration est essentielle \u00e0 l&rsquo;acceptation de votre demande.<\/p>\n\n<script type=\"application\/ld+json\">\n{\"@context\":\"https:\/\/schema.org\",\"@type\":\"FAQPage\",\"mainEntity\":[{\"@type\":\"Question\",\"name\":\"Le PLU peut-il m'obliger u00e0 construire une vu00e9randa en bois ?\",\"acceptedAnswer\":{\"@type\":\"Answer\",\"text\":\"En ru00e8gle gu00e9nu00e9rale, non. En dehors des zones protu00e9gu00e9es comme les Sites Patrimoniaux Remarquables, le PLU peut imposer un 'aspect bois' ou une couleur spu00e9cifique, mais pas le matu00e9riau lui-mu00eame. Vous pourriez donc opter pour de l'aluminium imitation bois si l'aspect visuel est conforme aux exigences.\"}},{\"@type\":\"Question\",\"name\":\"Que se passe-t-il si je ne respecte pas les couleurs imposu00e9es par la mairie ?\",\"acceptedAnswer\":{\"@type\":\"Answer\",\"text\":\"Le non-respect des ru00e8gles d'urbanisme est une infraction. La mairie peut vous adresser un procu00e8s-verbal et exiger la mise en conformitu00e9 de vos travaux, ce qui peut signifier repeindre ou mu00eame du00e9monter une partie de votre installation u00e0 vos frais. Des amendes peuvent u00e9galement u00eatre appliquu00e9es.\"}},{\"@type\":\"Question\",\"name\":\"Ou00f9 trouver le nuancier de couleurs autorisu00e9 dans ma ville ?\",\"acceptedAnswer\":{\"@type\":\"Answer\",\"text\":\"Le nuancier, ou 'palette de couleurs', est gu00e9nu00e9ralement annexu00e9 au ru00e8glement du PLU. Vous pouvez le consulter directement au service d'urbanisme de votre mairie. De plus en plus de communes le mettent u00e9galement u00e0 disposition sur leur site internet.\"}},{\"@type\":\"Question\",\"name\":\"L'avis de l'Architecte des Bu00e2timents de France (ABF) est-il toujours obligatoire ?\",\"acceptedAnswer\":{\"@type\":\"Answer\",\"text\":\"Non, son avis n'est requis que si votre propriu00e9tu00e9 se situe dans une zone protu00e9gu00e9e : le pu00e9rimu00e8tre d'un monument historique, un site patrimonial remarquable, un site classu00e9 ou inscrit. En dehors de ces zones, seule la mairie instruira votre dossier sur la base du PLU.\"}}]}\n<\/script>\n<h3>Le PLU peut-il m&rsquo;obliger \u00e0 construire une v\u00e9randa en bois ?<\/h3>\n<p>En r\u00e8gle g\u00e9n\u00e9rale, non. En dehors des zones prot\u00e9g\u00e9es comme les Sites Patrimoniaux Remarquables, le PLU peut imposer un &lsquo;aspect bois&rsquo; ou une couleur sp\u00e9cifique, mais pas le mat\u00e9riau lui-m\u00eame. Vous pourriez donc opter pour de l&rsquo;aluminium imitation bois si l&rsquo;aspect visuel est conforme aux exigences.<\/p>\n<h3>Que se passe-t-il si je ne respecte pas les couleurs impos\u00e9es par la mairie ?<\/h3>\n<p>Le non-respect des r\u00e8gles d&rsquo;urbanisme est une infraction. La mairie peut vous adresser un proc\u00e8s-verbal et exiger la mise en conformit\u00e9 de vos travaux, ce qui peut signifier repeindre ou m\u00eame d\u00e9monter une partie de votre installation \u00e0 vos frais. Des amendes peuvent \u00e9galement \u00eatre appliqu\u00e9es.<\/p>\n<h3>O\u00f9 trouver le nuancier de couleurs autoris\u00e9 dans ma ville ?<\/h3>\n<p>Le nuancier, ou &lsquo;palette de couleurs&rsquo;, est g\u00e9n\u00e9ralement annex\u00e9 au r\u00e8glement du PLU. Vous pouvez le consulter directement au service d&rsquo;urbanisme de votre mairie. De plus en plus de communes le mettent \u00e9galement \u00e0 disposition sur leur site internet.<\/p>\n<h3>L&rsquo;avis de l&rsquo;Architecte des B\u00e2timents de France (ABF) est-il toujours obligatoire ?<\/h3>\n<p>Non, son avis n&rsquo;est requis que si votre propri\u00e9t\u00e9 se situe dans une zone prot\u00e9g\u00e9e : le p\u00e9rim\u00e8tre d&rsquo;un monument historique, un site patrimonial remarquable, un site class\u00e9 ou inscrit. En dehors de ces zones, seule la mairie instruira votre dossier sur la base du PLU.<\/p>\n\n","protected":false},"excerpt":{"rendered":"<p>Avant de vous lancer dans la construction de votre v\u00e9randa, un d\u00e9tour par les services d&rsquo;urbanisme de votre mairie s&rsquo;impose. [&hellip;]<\/p>\n","protected":false},"author":1,"featured_media":118,"comment_status":"open","ping_status":"open","sticky":false,"template":"","format":"standard","meta":{"site-sidebar-layout":"default","site-content-layout":"","ast-site-content-layout":"default","site-content-style":"default","site-sidebar-style":"default","ast-global-header-display":"","ast-banner-title-visibility":"","ast-main-header-display":"","ast-hfb-above-header-display":"","ast-hfb-below-header-display":"","ast-hfb-mobile-header-display":"","site-post-title":"","ast-breadcrumbs-content":"","ast-featured-img":"","footer-sml-layout":"","ast-disable-related-posts":"","theme-transparent-header-meta":"","adv-header-id-meta":"","stick-header-meta":"","header-above-stick-meta":"","header-main-stick-meta":"","header-below-stick-meta":"","astra-migrate-meta-layouts":"default","ast-page-background-enabled":"default","ast-page-background-meta":{"desktop":{"background-color":"var(--ast-global-color-5)","background-image":"","background-repeat":"repeat","background-position":"center center","background-size":"auto","background-attachment":"scroll","background-type":"","background-media":"","overlay-type":"","overlay-color":"","overlay-opacity":"","overlay-gradient":""},"tablet":{"background-color":"","background-image":"","background-repeat":"repeat","background-position":"center center","background-size":"auto","background-attachment":"scroll","background-type":"","background-media":"","overlay-type":"","overlay-color":"","overlay-opacity":"","overlay-gradient":""},"mobile":{"background-color":"","background-image":"","background-repeat":"repeat","background-position":"center center","background-size":"auto","background-attachment":"scroll","background-type":"","background-media":"","overlay-type":"","overlay-color":"","overlay-opacity":"","overlay-gradient":""}},"ast-content-background-meta":{"desktop":{"background-color":"var(--ast-global-color-4)","background-image":"","background-repeat":"repeat","background-position":"center center","background-size":"auto","background-attachment":"scroll","background-type":"","background-media":"","overlay-type":"","overlay-color":"","overlay-opacity":"","overlay-gradient":""},"tablet":{"background-color":"var(--ast-global-color-4)","background-image":"","background-repeat":"repeat","background-position":"center center","background-size":"auto","background-attachment":"scroll","background-type":"","background-media":"","overlay-type":"","overlay-color":"","overlay-opacity":"","overlay-gradient":""},"mobile":{"background-color":"var(--ast-global-color-4)","background-image":"","background-repeat":"repeat","background-position":"center center","background-size":"auto","background-attachment":"scroll","background-type":"","background-media":"","overlay-type":"","overlay-color":"","overlay-opacity":"","overlay-gradient":""}},"footnotes":""},"categories":[1],"tags":[],"class_list":["post-119","post","type-post","status-publish","format-standard","has-post-thumbnail","hentry","category-veranda"],"_links":{"self":[{"href":"https:\/\/pro-veranda.fr\/actu\/wp-json\/wp\/v2\/posts\/119","targetHints":{"allow":["GET"]}}],"collection":[{"href":"https:\/\/pro-veranda.fr\/actu\/wp-json\/wp\/v2\/posts"}],"about":[{"href":"https:\/\/pro-veranda.fr\/actu\/wp-json\/wp\/v2\/types\/post"}],"author":[{"embeddable":true,"href":"https:\/\/pro-veranda.fr\/actu\/wp-json\/wp\/v2\/users\/1"}],"replies":[{"embeddable":true,"href":"https:\/\/pro-veranda.fr\/actu\/wp-json\/wp\/v2\/comments?post=119"}],"version-history":[{"count":0,"href":"https:\/\/pro-veranda.fr\/actu\/wp-json\/wp\/v2\/posts\/119\/revisions"}],"wp:featuredmedia":[{"embeddable":true,"href":"https:\/\/pro-veranda.fr\/actu\/wp-json\/wp\/v2\/media\/118"}],"wp:attachment":[{"href":"https:\/\/pro-veranda.fr\/actu\/wp-json\/wp\/v2\/media?parent=119"}],"wp:term":[{"taxonomy":"category","embeddable":true,"href":"https:\/\/pro-veranda.fr\/actu\/wp-json\/wp\/v2\/categories?post=119"},{"taxonomy":"post_tag","embeddable":true,"href":"https:\/\/pro-veranda.fr\/actu\/wp-json\/wp\/v2\/tags?post=119"}],"curies":[{"name":"wp","href":"https:\/\/api.w.org\/{rel}","templated":true}]}}