{"id":115,"date":"2026-01-28T08:10:17","date_gmt":"2026-01-28T07:10:17","guid":{"rendered":"https:\/\/pro-veranda.fr\/actu\/veranda-guide-complet-pour-choisir-la-bonne-orientation\/"},"modified":"2026-01-28T08:10:17","modified_gmt":"2026-01-28T07:10:17","slug":"veranda-guide-complet-pour-choisir-la-bonne-orientation","status":"publish","type":"post","link":"https:\/\/pro-veranda.fr\/actu\/veranda-guide-complet-pour-choisir-la-bonne-orientation\/","title":{"rendered":"V\u00e9randa : guide complet pour choisir la bonne orientation"},"content":{"rendered":"<p>Le choix de l&rsquo;orientation d&rsquo;une v\u00e9randa est une \u00e9tape fondamentale qui conditionne son confort, sa luminosit\u00e9 et ses performances \u00e9nerg\u00e9tiques. Loin d&rsquo;\u00eatre un simple d\u00e9tail technique, cette d\u00e9cision a un impact direct sur la mani\u00e8re dont vous vivrez cet nouvel espace. Une orientation bien pens\u00e9e transforme une simple extension en une v\u00e9ritable pi\u00e8ce de vie, agr\u00e9able en toute saison, tout en valorisant votre patrimoine immobilier.<\/p>\n\n<p><strong>En bref, les points cl\u00e9s pour une orientation r\u00e9ussie :<\/strong><\/p>\n\n<ul class=\"wp-block-list\"><li>\ud83e\udded <strong>Analyse des points cardinaux :<\/strong> Chaque orientation (Nord, Sud, Est, Ouest) poss\u00e8de des caract\u00e9ristiques uniques en termes d&rsquo;ensoleillement et de chaleur, adapt\u00e9es \u00e0 des besoins et des r\u00e9gions sp\u00e9cifiques.<\/li><li>\ud83c\udfe1 <strong>Int\u00e9gration architecturale :<\/strong> La configuration de votre maison existante est un facteur d\u00e9terminant pour l&rsquo;implantation de la v\u00e9randa.<\/li><li>\ud83c\udf0d <strong>Contexte g\u00e9ographique :<\/strong> Les besoins ne sont pas les m\u00eames dans le nord ou le sud de la France ; l&rsquo;exposition solaire doit \u00eatre adapt\u00e9e au climat local.<\/li><li>\ud83c\udf3f <strong>Environnement direct :<\/strong> Le voisinage, la v\u00e9g\u00e9tation ou les murs mitoyens peuvent influencer le choix pour pr\u00e9server votre intimit\u00e9 et la vue.<\/li><li>\ud83d\udca1 <strong>Usage personnel :<\/strong> L&rsquo;utilisation que vous ferez de votre v\u00e9randa (bureau, salon, jardin d&rsquo;hiver) guidera le choix final pour un confort optimal.<\/li><\/ul>\n\n<h2 class=\"wp-block-heading\">L&rsquo;orientation de la v\u00e9randa : un pilier de votre projet<\/h2>\n\n<p>L&rsquo;orientation de votre future v\u00e9randa est bien plus qu&rsquo;une question esth\u00e9tique ; c&rsquo;est le facteur qui d\u00e9terminera la qualit\u00e9 de vie dans ce nouvel espace. Une <strong>planification<\/strong> minutieuse de l&rsquo;<strong>exposition solaire<\/strong> est cruciale pour garantir une abondance de <strong>lumi\u00e8re naturelle<\/strong> et un <strong>confort thermique<\/strong> optimal tout au long de l&rsquo;ann\u00e9e. Une v\u00e9randa judicieusement orient\u00e9e devient un v\u00e9ritable capteur solaire passif en hiver, r\u00e9duisant ainsi vos besoins en chauffage et contribuant \u00e0 une meilleure <strong>\u00e9conomie d&rsquo;\u00e9nergie<\/strong>.<\/p>\n\n<p>L&rsquo;objectif est de cr\u00e9er une harmonie parfaite entre votre maison, votre jardin et le mouvement du soleil. Cet espace doit \u00eatre un havre de paix o\u00f9 la lumi\u00e8re naturelle r\u00e9gule positivement votre humeur et votre bien-\u00eatre, transformant chaque moment pass\u00e9 \u00e0 l&rsquo;int\u00e9rieur en une exp\u00e9rience unique.<\/p>\n\n<h3 class=\"wp-block-heading\">Impact sur la luminosit\u00e9 et la perception de l&rsquo;espace<\/h3>\n\n<p>La lumi\u00e8re est l&rsquo;\u00e9l\u00e9ment qui sculpte les volumes. Une orientation bien choisie inonde votre v\u00e9randa de lumi\u00e8re, donnant une impression d&rsquo;espace et d&rsquo;ouverture sur l&rsquo;ext\u00e9rieur. Les grandes baies vitr\u00e9es et les solutions comme les cloisons amovibles renforcent cette sensation, cr\u00e9ant une transition fluide entre l&rsquo;int\u00e9rieur et le jardin.<\/p>\n\n<p>Cette optimisation de la luminosit\u00e9 n&rsquo;est pas seulement b\u00e9n\u00e9fique pour le moral, elle est \u00e9galement une solution efficace pour r\u00e9soudre les probl\u00e8mes d&rsquo;espaces sombres dans les habitations. La v\u00e9randa agit comme un puits de lumi\u00e8re, \u00e9clairant les pi\u00e8ces attenantes et am\u00e9liorant la qualit\u00e9 de vie globale de votre foyer.<\/p>\n\n<h2 class=\"wp-block-heading\">Nord, Sud, Est, Ouest : quelle exposition solaire privil\u00e9gier ?<\/h2>\n\n<p>Il n&rsquo;existe pas une seule \u00ab\u00a0meilleure\u00a0\u00bb orientation. Le <strong>choix<\/strong> id\u00e9al d\u00e9pend de votre r\u00e9gion, de l&rsquo;<strong>architecture<\/strong> de votre maison et de l&rsquo;usage que vous souhaitez faire de votre v\u00e9randa. Chaque point cardinal offre un compromis diff\u00e9rent entre chaleur et lumi\u00e8re. Analyser leurs sp\u00e9cificit\u00e9s est la premi\u00e8re \u00e9tape pour une d\u00e9cision \u00e9clair\u00e9e.<\/p>\n\n<figure class=\"wp-block-table\"><table>\n<thead>\n<tr>\n<th>Orientation<\/th>\n<th>Avantages \u2705<\/th>\n<th>Inconv\u00e9nients \u26a0\ufe0f<\/th>\n<th>Id\u00e9ale pour&#8230;<\/th>\n<\/tr>\n<\/thead>\n<tbody>\n<tr>\n<td><strong>Sud<\/strong><\/td>\n<td>Ensoleillement maximal, apport calorifique important en hiver.<\/td>\n<td>Risque de surchauffe en \u00e9t\u00e9, n\u00e9cessite des protections solaires (stores, vitrage de contr\u00f4le solaire).<\/td>\n<td>Les r\u00e9gions du nord de la France, pour maximiser la chaleur et la lumi\u00e8re durant les mois froids.<\/td>\n<\/tr>\n<tr>\n<td><strong>Nord<\/strong><\/td>\n<td>Lumi\u00e8re douce et constante, pas d&rsquo;\u00e9blouissement, temp\u00e9ratures stables et fra\u00eeches en \u00e9t\u00e9.<\/td>\n<td>Peu d&rsquo;apports solaires en hiver, pi\u00e8ce plus fra\u00eeche.<\/td>\n<td>Un bureau, un atelier d&rsquo;artiste ou dans les r\u00e9gions tr\u00e8s ensoleill\u00e9es du Sud pour \u00e9viter la chaleur.<\/td>\n<\/tr>\n<tr>\n<td><strong>Est<\/strong><\/td>\n<td>Soleil le matin, id\u00e9al pour les petits-d\u00e9jeuners. Ombre et fra\u00eecheur l&rsquo;apr\u00e8s-midi.<\/td>\n<td>La pi\u00e8ce se rafra\u00eechit rapidement en fin de journ\u00e9e.<\/td>\n<td>Une cuisine ou une salle \u00e0 manger, particuli\u00e8rement dans les r\u00e9gions chaudes.<\/td>\n<\/tr>\n<tr>\n<td><strong>Ouest<\/strong><\/td>\n<td>Soleil l&rsquo;apr\u00e8s-midi et en soir\u00e9e, magnifiques couchers de soleil.<\/td>\n<td>Forte chaleur en fin de journ\u00e9e l&rsquo;\u00e9t\u00e9, risque d&rsquo;\u00e9blouissement.<\/td>\n<td>Un salon ou une pi\u00e8ce de d\u00e9tente, \u00e0 condition de pr\u00e9voir des protections solaires efficaces.<\/td>\n<\/tr>\n<\/tbody>\n<\/table><\/figure>\n\n<figure class=\"is-provider-youtube is-type-video wp-block-embed wp-block-embed-youtube wp-embed-aspect-16-9 wp-has-aspect-ratio\"><div class=\"wp-block-embed__wrapper\">\n<iframe loading=\"lazy\" title=\"Veranda ou pergola Haut-Rhin: Laquelle choisir avec Centre V\u00e9randa\" width=\"500\" height=\"281\" src=\"https:\/\/www.youtube.com\/embed\/Y80IIJzhz5k?feature=oembed\" frameborder=\"0\" allow=\"accelerometer; autoplay; clipboard-write; encrypted-media; gyroscope; picture-in-picture; web-share\" referrerpolicy=\"strict-origin-when-cross-origin\" allowfullscreen><\/iframe>\n<\/div><\/figure>\n\n<h3 class=\"wp-block-heading\">Les crit\u00e8res d\u00e9cisifs au-del\u00e0 des points cardinaux<\/h3>\n\n<p>Au-del\u00e0 de l&rsquo;axe Nord-Sud, plusieurs \u00e9l\u00e9ments contextuels doivent \u00eatre pris en compte pour affiner votre projet. Une approche globale est indispensable pour que votre v\u00e9randa s&rsquo;int\u00e8gre parfaitement \u00e0 votre environnement et \u00e0 votre mode de vie.<\/p>\n\n<ul class=\"wp-block-list\"><li><strong>Le b\u00e2ti existant :<\/strong> La configuration de votre maison (fa\u00e7ade disponible, pignon) oriente naturellement les possibilit\u00e9s d&rsquo;implantation. Un projet de construction neuve offre plus de flexibilit\u00e9, permettant des int\u00e9grations en angle ou semi-encastr\u00e9es pour une meilleure <strong>isolation thermique<\/strong>. La forme et les mat\u00e9riaux de la v\u00e9randa devront s&rsquo;harmoniser avec l&rsquo;<strong>architecture<\/strong> g\u00e9n\u00e9rale, et une bonne <a href=\"https:\/\/pro-veranda.fr\/actu\/veranda-guide-complet-pour-bien-choisir-sa-structure\/\">planification de la structure de la v\u00e9randa<\/a> est essentielle.<\/li><li><strong>La situation g\u00e9ographique :<\/strong> Dans le sud de la France, une orientation Nord ou Est sera souvent privil\u00e9gi\u00e9e pour conserver la fra\u00eecheur en \u00e9t\u00e9. Inversement, dans les r\u00e9gions plus septentrionales, une orientation Sud ou Ouest est recommand\u00e9e pour capter un maximum de chaleur.<\/li><li><strong>L&rsquo;environnement imm\u00e9diat :<\/strong> Pensez au vis-\u00e0-vis. La pr\u00e9sence de fen\u00eatres de voisins, de murs ou de haies hautes peut vous inciter \u00e0 modifier l&rsquo;orientation pour pr\u00e9server votre intimit\u00e9. La vue sur le jardin ou un paysage est \u00e9galement un crit\u00e8re de plaisir \u00e0 ne pas n\u00e9gliger.<\/li><\/ul>\n\n<h2 class=\"wp-block-heading\">Optimiser le confort thermique et les \u00e9conomies d&rsquo;\u00e9nergie<\/h2>\n\n<p>Une v\u00e9randa bien orient\u00e9e est un atout majeur pour la performance \u00e9nerg\u00e9tique de votre maison. En hiver, une fa\u00e7ade vitr\u00e9e orient\u00e9e au Sud capte les rayons du soleil bas sur l&rsquo;horizon, chauffant gratuitement l&rsquo;espace. Cet apport calorifique peut ensuite se diffuser dans le reste de la maison, all\u00e9geant votre facture de chauffage.<\/p>\n\n<!-- Bloc de code du Calculateur d'Ensoleillement de V\u00e9randa - Pr\u00eat \u00e0 copier\/coller -->\n\n<!--\n    STYLES & SCRIPT EXTERNE\n    Utilisation de Tailwind CSS via un CDN pour un design moderne et rapide.\n    L'ic\u00f4ne du soleil provient de Heroicons (https:\/\/heroicons.com\/), directement int\u00e9gr\u00e9e en SVG.\n-->\n<script src=\"https:\/\/cdn.tailwindcss.com\"><\/script>\n\n<!-- CONTENEUR PRINCIPAL DU CALCULATEUR -->\n<div id=\"veranda-calculator-container\" class=\"not-prose font-sans bg-slate-50 p-6 sm:p-8 rounded-2xl shadow-lg border border-slate-200 max-w-3xl mx-auto my-12\">\n\n    <!-- En-t\u00eate -->\n    <div class=\"text-center mb-8\">\n        <h2 class=\"text-3xl font-bold text-slate-800 mb-2\">Calculateur d&rsquo;Orientation Id\u00e9ale<\/h2>\n        <p class=\"text-slate-600\">D\u00e9couvrez l&rsquo;ensoleillement et les conseils pour votre future v\u00e9randa.<\/p>\n    <\/div>\n\n    <!-- \u00c9TAPES DE S\u00c9LECTION -->\n    <div class=\"grid grid-cols-1 md:grid-cols-2 gap-8\">\n        <!-- \u00c9tape 1: Choix de l'orientation -->\n        <div>\n            <h3 class=\"text-lg font-semibold text-slate-700 mb-3\"><span class=\"bg-blue-500 text-white rounded-full w-6 h-6 inline-flex items-center justify-center mr-2\">1<\/span>Choisissez l&rsquo;orientation<\/h3>\n            <div id=\"orientation-selector\" class=\"grid grid-cols-2 gap-3\">\n                <button data-orientation=\"sud\" class=\"orientation-btn group flex flex-col items-center justify-center p-4 h-24 bg-white rounded-lg border-2 border-slate-200 hover:border-blue-500 hover:bg-blue-50 transition-all duration-300 focus:outline-none focus:ring-2 focus:ring-blue-500 focus:ring-offset-2\">\n                    <span class=\"text-2xl mb-1\">&#x2600;&#xfe0f;<\/span>\n                    <span class=\"font-semibold text-slate-800\">Sud<\/span>\n                <\/button>\n                <button data-orientation=\"ouest\" class=\"orientation-btn group flex flex-col items-center justify-center p-4 h-24 bg-white rounded-lg border-2 border-slate-200 hover:border-blue-500 hover:bg-blue-50 transition-all duration-300 focus:outline-none focus:ring-2 focus:ring-blue-500 focus:ring-offset-2\">\n                    <span class=\"text-2xl mb-1\">&#x1f305;<\/span>\n                    <span class=\"font-semibold text-slate-800\">Ouest<\/span>\n                <\/button>\n                <button data-orientation=\"est\" class=\"orientation-btn group flex flex-col items-center justify-center p-4 h-24 bg-white rounded-lg border-2 border-slate-200 hover:border-blue-500 hover:bg-blue-50 transition-all duration-300 focus:outline-none focus:ring-2 focus:ring-blue-500 focus:ring-offset-2\">\n                    <span class=\"text-2xl mb-1\">&#x1f304;<\/span>\n                    <span class=\"font-semibold text-slate-800\">Est<\/span>\n                <\/button>\n                <button data-orientation=\"nord\" class=\"orientation-btn group flex flex-col items-center justify-center p-4 h-24 bg-white rounded-lg border-2 border-slate-200 hover:border-blue-500 hover:bg-blue-50 transition-all duration-300 focus:outline-none focus:ring-2 focus:ring-blue-500 focus:ring-offset-2\">\n                    <span class=\"text-2xl mb-1\">&#x2601;&#xfe0f;<\/span>\n                    <span class=\"font-semibold text-slate-800\">Nord<\/span>\n                <\/button>\n            <\/div>\n        <\/div>\n\n        <!-- \u00c9tape 2: Choix de la saison -->\n        <div>\n            <h3 class=\"text-lg font-semibold text-slate-700 mb-3\"><span class=\"bg-blue-500 text-white rounded-full w-6 h-6 inline-flex items-center justify-center mr-2\">2<\/span>S\u00e9lectionnez la saison<\/h3>\n            <div id=\"season-selector\" class=\"grid grid-cols-1 gap-3\">\n                 <button data-season=\"ete\" class=\"season-btn group flex items-center p-4 h-24 bg-white rounded-lg border-2 border-slate-200 hover:border-amber-500 hover:bg-amber-50 transition-all duration-300 focus:outline-none focus:ring-2 focus:ring-amber-500 focus:ring-offset-2\">\n                    <span class=\"text-4xl mr-4\">&#x1f31e;<\/span>\n                    <div>\n                        <span class=\"font-semibold text-slate-800 text-left\">\u00c9t\u00e9<\/span>\n                        <p class=\"text-sm text-slate-500\">Juin \u00e0 Septembre<\/p>\n                    <\/div>\n                <\/button>\n                <button data-season=\"hiver\" class=\"season-btn group flex items-center p-4 h-24 bg-white rounded-lg border-2 border-slate-200 hover:border-sky-500 hover:bg-sky-50 transition-all duration-300 focus:outline-none focus:ring-2 focus:ring-sky-500 focus:ring-offset-2\">\n                    <span class=\"text-4xl mr-4\">&#x2744;&#xfe0f;<\/span>\n                    <div>\n                        <span class=\"font-semibold text-slate-800 text-left\">Hiver<\/span>\n                         <p class=\"text-sm text-slate-500\">D\u00e9cembre \u00e0 Mars<\/p>\n                    <\/div>\n                <\/button>\n            <\/div>\n        <\/div>\n    <\/div>\n\n    <!-- ZONE DE R\u00c9SULTATS (initialement masqu\u00e9e) -->\n    <div id=\"veranda-results\" class=\"mt-10 pt-6 border-t border-slate-200 opacity-0 transform -translate-y-4 transition-all duration-500 ease-out\">\n        <h3 id=\"results-title\" class=\"text-2xl font-bold text-slate-800 mb-4 text-center\"><\/h3>\n        \n        <div class=\"grid md:grid-cols-2 gap-6 bg-white p-6 rounded-lg shadow-md\">\n            <!-- Dur\u00e9e d'ensoleillement -->\n            <div class=\"flex flex-col items-center justify-center bg-amber-50 rounded-lg p-6 text-center\">\n                 <svg xmlns=\"http:\/\/www.w3.org\/2000\/svg\" class=\"h-12 w-12 text-amber-500 mb-2\" viewBox=\"0 0 24 24\" fill=\"currentColor\">\n                    <path fill-rule=\"evenodd\" d=\"M12 2.25c-5.385 0-9.75 4.365-9.75 9.75s4.365 9.75 9.75 9.75 9.75-4.365 9.75-9.75S17.385 2.25 12 2.25zM12.75 6a.75.75 0 00-1.5 0v6c0 .414.336.75.75.75h4.5a.75.75 0 000-1.5h-3.75V6z\" clip-rule=\"evenodd\" \/>\n                <\/svg>\n                <p class=\"text-slate-600 font-medium\">Ensoleillement direct estim\u00e9<\/p>\n                <p id=\"sun-hours\" class=\"text-4xl font-extrabold text-amber-600\"><\/p>\n                <p class=\"text-sm text-slate-500\">par jour<\/p>\n            <\/div>\n\n            <!-- Conseils -->\n            <div class=\"flex flex-col\">\n                <h4 class=\"text-lg font-semibold text-slate-700 mb-3\">Nos conseils pour un confort optimal :<\/h4>\n                <ul id=\"advice-list\" class=\"space-y-2 text-slate-600 list-none p-0\">\n                    <!-- Les conseils seront inject\u00e9s ici par le JS -->\n                <\/ul>\n            <\/div>\n        <\/div>\n    <\/div>\n<\/div>\n\n<!-- LOGIQUE JAVASCRIPT DU CALCULATEUR -->\n<script>\ndocument.addEventListener('DOMContentLoaded', function () {\n    \/\/ =================================================================================\n    \/\/ CONFIGURATION & DONN\u00c9ES\n    \/\/ Toutes les cha\u00eenes de texte et les donn\u00e9es sont ici pour une \u00e9dition facile.\n    \/\/ =================================================================================\n\n    \/\/ Textes de l'interface (pour faciliter la traduction\/modification)\n    const TEXTS = {\n        resultTitle: (orientation, season) => `R\u00e9sultats pour une orientation ${orientation} en ${season}`,\n        orientations: {\n            sud: \"Sud\",\n            ouest: \"Ouest\",\n            est: \"Est\",\n            nord: \"Nord\"\n        },\n        seasons: {\n            ete: \"\u00e9t\u00e9\",\n            hiver: \"hiver\"\n        }\n    };\n\n    \/\/ Donn\u00e9es sur l'ensoleillement et les conseils par orientation\/saison\n    \/\/ C'est le \"moteur\" du calculateur. Aucune API externe n'est n\u00e9cessaire.\n    const verandaData = {\n        sud: {\n            ete: {\n                hours: \"6-8h\",\n                advice: [\n                    \"<strong>Protection solaire indispensable :<\/strong> stores, volets roulants ou vitrage \u00e0 contr\u00f4le solaire.\",\n                    \"<strong>Ventilation cruciale :<\/strong> pr\u00e9voyez des ouvertures pour \u00e9vacuer la chaleur.\",\n                    \"Id\u00e9ale pour y faire s\u00e9cher le linge rapidement.\"\n                ]\n            },\n            hiver: {\n                hours: \"4-6h\",\n                advice: [\n                    \"<strong>Chaleur passive bienvenue :<\/strong> profitez des apports solaires gratuits pour chauffer la maison.\",\n                    \"<strong>Vitrages performants :<\/strong> un double ou triple vitrage gardera la chaleur la nuit.\",\n                    \"Parfaite comme jardin d'hiver pour vos plantes.\"\n                ]\n            }\n        },\n        ouest: {\n            ete: {\n                hours: \"4-6h\",\n                advice: [\n                    \"<strong>Attention \u00e0 la surchauffe en fin de journ\u00e9e :<\/strong> le soleil de l'apr\u00e8s-midi est intense.\",\n                    \"<strong>Protections solaires obligatoires<\/strong> pour profiter des soir\u00e9es d'\u00e9t\u00e9.\",\n                    \"Permet de profiter de magnifiques couchers de soleil.\"\n                ]\n            },\n            hiver: {\n                hours: \"2-3h\",\n                advice: [\n                    \"<strong>Lumi\u00e8re agr\u00e9able :<\/strong> apporte une belle luminosit\u00e9 en apr\u00e8s-midi.\",\n                    \"<strong>Apports solaires limit\u00e9s :<\/strong> ne comptez pas dessus pour chauffer la maison.\",\n                    \"Un bon vitrage est n\u00e9cessaire pour \u00e9viter les d\u00e9perditions la nuit.\"\n                ]\n            }\n        },\n        est: {\n            ete: {\n                hours: \"4-6h\",\n                advice: [\n                    \"<strong>Lumi\u00e8re douce du matin :<\/strong> id\u00e9ale pour le petit-d\u00e9jeuner.\",\n                    \"<strong>Moins de surchauffe l'apr\u00e8s-midi :<\/strong> la v\u00e9randa redevient fra\u00eeche plus t\u00f4t.\",\n                    \"Une bonne ventilation reste recommand\u00e9e.\"\n                ]\n            },\n            hiver: {\n                hours: \"2-3h\",\n                advice: [\n                    \"<strong>Lumi\u00e8re matinale vivifiante :<\/strong> parfait pour commencer la journ\u00e9e.\",\n                    \"<strong>Peu d'apports thermiques :<\/strong> l'ensoleillement est trop t\u00f4t pour chauffer durablement.\",\n                    \"Pensez \u00e0 un chauffage d'appoint pour un usage en continu.\"\n                ]\n            }\n        },\n        nord: {\n            ete: {\n                hours: \"0-2h\",\n                advice: [\n                    \"<strong>Lumi\u00e8re constante et douce :<\/strong> pas d'\u00e9blouissement, id\u00e9al pour un bureau ou un atelier d'artiste.\",\n                    \"<strong>Fra\u00eecheur naturelle :<\/strong> c'est un v\u00e9ritable atout pendant les canicules.\",\n                    \"Pas besoin de protection solaire co\u00fbteuse.\"\n                ]\n            },\n            hiver: {\n                hours: \"0h\",\n                advice: [\n                    \"<strong>Tr\u00e8s peu de soleil direct :<\/strong> la pi\u00e8ce sera lumineuse mais froide.\",\n                    \"<strong>Isolation et chauffage primordiaux :<\/strong> c'est le point le plus important pour cette orientation.\",\n                    \"Privil\u00e9giez un triple vitrage pour \u00e9viter la sensation de paroi froide.\"\n                ]\n            }\n        }\n    };\n\n    \/\/ =================================================================================\n    \/\/ S\u00c9LECTION DES \u00c9L\u00c9MENTS DU DOM\n    \/\/ On r\u00e9cup\u00e8re les r\u00e9f\u00e9rences aux \u00e9l\u00e9ments HTML dont on aura besoin.\n    \/\/ =================================================================================\n    \n    const orientationButtons = document.querySelectorAll('.orientation-btn');\n    const seasonButtons = document.querySelectorAll('.season-btn');\n    const resultsContainer = document.getElementById('veranda-results');\n    const resultsTitle = document.getElementById('results-title');\n    const sunHoursElement = document.getElementById('sun-hours');\n    const adviceListElement = document.getElementById('advice-list');\n\n    \/\/ =================================================================================\n    \/\/ LOGIQUE DU CALCULATEUR\n    \/\/ =================================================================================\n\n    \/\/ Variables pour stocker les choix de l'utilisateur\n    let selectedOrientation = null;\n    let selectedSeason = null;\n\n    \/\/ --- Gestion des clics sur les boutons d'orientation ---\n    orientationButtons.forEach(button => {\n        button.addEventListener('click', () => {\n            \/\/ Met \u00e0 jour la s\u00e9lection\n            selectedOrientation = button.dataset.orientation;\n\n            \/\/ G\u00e8re le style visuel du bouton actif\n            orientationButtons.forEach(btn => btn.classList.remove('active-selection', 'border-blue-500', 'bg-blue-50', 'ring-2', 'ring-blue-500'));\n            button.classList.add('active-selection', 'border-blue-500', 'bg-blue-50', 'ring-2', 'ring-blue-500');\n\n            \/\/ Met \u00e0 jour l'affichage des r\u00e9sultats\n            updateResults();\n        });\n    });\n\n    \/\/ --- Gestion des clics sur les boutons de saison ---\n    seasonButtons.forEach(button => {\n        button.addEventListener('click', () => {\n            \/\/ Met \u00e0 jour la s\u00e9lection\n            selectedSeason = button.dataset.season;\n\n            \/\/ G\u00e8re le style visuel du bouton actif\n            let activeColorClass = selectedSeason === 'ete' ? 'amber' : 'sky';\n            let inactiveColorClass = selectedSeason === 'ete' ? 'sky' : 'amber';\n            \n            seasonButtons.forEach(btn => {\n                btn.classList.remove(`border-${activeColorClass}-500`, `bg-${activeColorClass}-50`, `ring-2`, `ring-${activeColorClass}-500`);\n                btn.classList.remove(`border-${inactiveColorClass}-500`, `bg-${inactiveColorClass}-50`, `ring-2`, `ring-${inactiveColorClass}-500`);\n            });\n            button.classList.add(`border-${activeColorClass}-500`, `bg-${activeColorClass}-50`, `ring-2`, `ring-${activeColorClass}-500`);\n\n            \/\/ Met \u00e0 jour l'affichage des r\u00e9sultats\n            updateResults();\n        });\n    });\n\n    \/**\n     * Met \u00e0 jour la section des r\u00e9sultats en fonction des s\u00e9lections.\n     * S'ex\u00e9cute chaque fois qu'un choix est fait.\n     *\/\n    function updateResults() {\n        \/\/ On ne fait rien tant que les deux choix ne sont pas faits\n        if (!selectedOrientation || !selectedSeason) {\n            return;\n        }\n\n        \/\/ R\u00e9cup\u00e8re les donn\u00e9es correspondantes dans notre objet de configuration\n        const data = verandaData[selectedOrientation][selectedSeason];\n\n        \/\/ Met \u00e0 jour le contenu HTML avec les nouvelles donn\u00e9es\n        resultsTitle.textContent = TEXTS.resultTitle(TEXTS.orientations[selectedOrientation], TEXTS.seasons[selectedSeason]);\n        sunHoursElement.textContent = data.hours;\n        \n        \/\/ Vide la liste de conseils pr\u00e9c\u00e9dente\n        adviceListElement.innerHTML = '';\n        \n        \/\/ Remplit la liste avec les nouveaux conseils\n        data.advice.forEach(adviceText => {\n            const li = document.createElement('li');\n            li.className = 'flex items-start';\n            \/\/ Ajout d'une ic\u00f4ne \"check\" pour un meilleur design\n            li.innerHTML = `<svg xmlns=\"http:\/\/www.w3.org\/2000\/svg\" class=\"h-5 w-5 text-blue-500 mr-2 flex-shrink-0 mt-0.5\" viewBox=\"0 0 20 20\" fill=\"currentColor\"><path fill-rule=\"evenodd\" d=\"M10 18a8 8 0 100-16 8 8 0 000 16zm3.707-9.293a1 1 0 00-1.414-1.414L9 10.586 7.707 9.293a1 1 0 00-1.414 1.414l2 2a1 1 0 001.414 0l4-4z\" clip-rule=\"evenodd\" \/><\/svg><span>${adviceText}<\/span>`;\n            adviceListElement.appendChild(li);\n        });\n\n        \/\/ Affiche la section de r\u00e9sultats avec une animation douce\n        resultsContainer.classList.remove('opacity-0', '-translate-y-4');\n        resultsContainer.classList.add('opacity-100', 'translate-y-0');\n    }\n});\n<\/script>\n<!-- Fin du bloc de code du Calculateur -->\n\n<p>\u00c0 l&rsquo;inverse, en \u00e9t\u00e9, il est crucial de se prot\u00e9ger de la surchauffe. Des solutions existent : vitrages \u00e0 contr\u00f4le solaire, stores ext\u00e9rieurs, volets roulants, ou encore des avanc\u00e9es de toiture. Ces \u00e9l\u00e9ments, pens\u00e9s d\u00e8s la phase de <strong>planification<\/strong>, garantissent un <strong>confort thermique<\/strong> agr\u00e9able m\u00eame au c\u0153ur de l&rsquo;\u00e9t\u00e9. Choisir la bonne orientation est la premi\u00e8re \u00e9tape pour <a href=\"https:\/\/pro-veranda.fr\/actu\/veranda-guide-complet-pour-installer-une-extension-lumineuse\/\">r\u00e9ussir votre projet d&rsquo;extension lumineuse<\/a> sans compromettre votre confort.<\/p>\n\n<h3 class=\"wp-block-heading\">L&rsquo;importance de la ventilation et des mat\u00e9riaux<\/h3>\n\n<p>Pour parfaire le confort, une bonne ventilation est indispensable. Elle permet de r\u00e9guler la temp\u00e9rature et d&rsquo;\u00e9viter la condensation. Des a\u00e9rations en toiture ou des syst\u00e8mes de ventilation int\u00e9gr\u00e9s sont des solutions efficaces. Le choix des mat\u00e9riaux de structure (aluminium, bois, PVC) et du vitrage (double ou triple vitrage, \u00e0 isolation thermique renforc\u00e9e) joue \u00e9galement un r\u00f4le fondamental dans la performance globale de votre v\u00e9randa.<\/p>\n\n<p>Une conception intelligente, combinant orientation optimale et technologies modernes, transforme votre v\u00e9randa en une pi\u00e8ce \u00e0 vivre toute l&rsquo;ann\u00e9e, confortable et \u00e9conome en \u00e9nergie.<\/p>\n\n<figure class=\"is-provider-youtube is-type-video wp-block-embed wp-block-embed-youtube wp-embed-aspect-16-9 wp-has-aspect-ratio\"><div class=\"wp-block-embed__wrapper\">\n<iframe loading=\"lazy\" title=\"[Tuto 1] Innovation Commerciale, choix de la forme de la v\u00e9randa\" width=\"500\" height=\"375\" src=\"https:\/\/www.youtube.com\/embed\/EJMh1JriGoA?feature=oembed\" frameborder=\"0\" allow=\"accelerometer; autoplay; clipboard-write; encrypted-media; gyroscope; picture-in-picture; web-share\" referrerpolicy=\"strict-origin-when-cross-origin\" allowfullscreen><\/iframe>\n<\/div><\/figure>\n\n<script type=\"application\/ld+json\">\n{\"@context\":\"https:\/\/schema.org\",\"@type\":\"FAQPage\",\"mainEntity\":[{\"@type\":\"Question\",\"name\":\"Quelle est la meilleure orientation pour une vu00e9randa dans une ru00e9gion tru00e8s chaude ?\",\"acceptedAnswer\":{\"@type\":\"Answer\",\"text\":\"Dans les ru00e9gions du sud de la France, une orientation Nord est souvent idu00e9ale. Elle offre une lumiu00e8re constante sans exposition directe au soleil, ce qui maintient une tempu00e9rature agru00e9able en u00e9tu00e9. Une orientation Est est u00e9galement un bon compromis, bu00e9nu00e9ficiant du soleil matinal plus doux et de l'ombre l'apru00e8s-midi.\"}},{\"@type\":\"Question\",\"name\":\"Puis-je installer une vu00e9randa au Sud si je crains la chaleur en u00e9tu00e9 ?\",\"acceptedAnswer\":{\"@type\":\"Answer\",\"text\":\"Absolument. Une orientation Sud reste tru00e8s appru00e9ciu00e9e pour ses apports en hiver. Pour contrer la surchauffe estivale, il est impu00e9ratif d'investir dans des solutions de protection solaire efficaces : stores extu00e9rieurs, volets roulants, vitrage u00e0 contru00f4le solaire, ou une pergola bioclimatique adossu00e9e.\"}},{\"@type\":\"Question\",\"name\":\"L'orientation a-t-elle un impact sur les du00e9marches administratives ?\",\"acceptedAnswer\":{\"@type\":\"Answer\",\"text\":\"Non, l'orientation en elle-mu00eame n'influence pas les du00e9marches (permis de construire ou du00e9claration pru00e9alable de travaux). Cependant, le plan d'implantation de la vu00e9randa, qui du00e9coule de son orientation, fait partie des piu00e8ces obligatoires du dossier u00e0 du00e9poser en mairie.\"}},{\"@type\":\"Question\",\"name\":\"Quelle orientation pour une vu00e9randa utilisu00e9e comme bureau ?\",\"acceptedAnswer\":{\"@type\":\"Answer\",\"text\":\"Pour un bureau, une lumiu00e8re stable et sans u00e9blouissement est pru00e9fu00e9rable. Une orientation Nord est parfaite pour cela. Une orientation Est peut aussi convenir, offrant une belle lumiu00e8re le matin pour bien commencer la journu00e9e de travail, sans la chaleur de l'apru00e8s-midi.\"}}]}\n<\/script>\n<h3>Quelle est la meilleure orientation pour une v\u00e9randa dans une r\u00e9gion tr\u00e8s chaude ?<\/h3>\n<p>Dans les r\u00e9gions du sud de la France, une orientation Nord est souvent id\u00e9ale. Elle offre une lumi\u00e8re constante sans exposition directe au soleil, ce qui maintient une temp\u00e9rature agr\u00e9able en \u00e9t\u00e9. Une orientation Est est \u00e9galement un bon compromis, b\u00e9n\u00e9ficiant du soleil matinal plus doux et de l&rsquo;ombre l&rsquo;apr\u00e8s-midi.<\/p>\n<h3>Puis-je installer une v\u00e9randa au Sud si je crains la chaleur en \u00e9t\u00e9 ?<\/h3>\n<p>Absolument. Une orientation Sud reste tr\u00e8s appr\u00e9ci\u00e9e pour ses apports en hiver. Pour contrer la surchauffe estivale, il est imp\u00e9ratif d&rsquo;investir dans des solutions de protection solaire efficaces : stores ext\u00e9rieurs, volets roulants, vitrage \u00e0 contr\u00f4le solaire, ou une pergola bioclimatique adoss\u00e9e.<\/p>\n<h3>L&rsquo;orientation a-t-elle un impact sur les d\u00e9marches administratives ?<\/h3>\n<p>Non, l&rsquo;orientation en elle-m\u00eame n&rsquo;influence pas les d\u00e9marches (permis de construire ou d\u00e9claration pr\u00e9alable de travaux). Cependant, le plan d&rsquo;implantation de la v\u00e9randa, qui d\u00e9coule de son orientation, fait partie des pi\u00e8ces obligatoires du dossier \u00e0 d\u00e9poser en mairie.<\/p>\n<h3>Quelle orientation pour une v\u00e9randa utilis\u00e9e comme bureau ?<\/h3>\n<p>Pour un bureau, une lumi\u00e8re stable et sans \u00e9blouissement est pr\u00e9f\u00e9rable. Une orientation Nord est parfaite pour cela. Une orientation Est peut aussi convenir, offrant une belle lumi\u00e8re le matin pour bien commencer la journ\u00e9e de travail, sans la chaleur de l&rsquo;apr\u00e8s-midi.<\/p>\n\n","protected":false},"excerpt":{"rendered":"<p>Le choix de l&rsquo;orientation d&rsquo;une v\u00e9randa est une \u00e9tape fondamentale qui conditionne son confort, sa luminosit\u00e9 et ses performances \u00e9nerg\u00e9tiques. [&hellip;]<\/p>\n","protected":false},"author":1,"featured_media":114,"comment_status":"open","ping_status":"open","sticky":false,"template":"","format":"standard","meta":{"site-sidebar-layout":"default","site-content-layout":"","ast-site-content-layout":"default","site-content-style":"default","site-sidebar-style":"default","ast-global-header-display":"","ast-banner-title-visibility":"","ast-main-header-display":"","ast-hfb-above-header-display":"","ast-hfb-below-header-display":"","ast-hfb-mobile-header-display":"","site-post-title":"","ast-breadcrumbs-content":"","ast-featured-img":"","footer-sml-layout":"","ast-disable-related-posts":"","theme-transparent-header-meta":"","adv-header-id-meta":"","stick-header-meta":"","header-above-stick-meta":"","header-main-stick-meta":"","header-below-stick-meta":"","astra-migrate-meta-layouts":"default","ast-page-background-enabled":"default","ast-page-background-meta":{"desktop":{"background-color":"var(--ast-global-color-5)","background-image":"","background-repeat":"repeat","background-position":"center center","background-size":"auto","background-attachment":"scroll","background-type":"","background-media":"","overlay-type":"","overlay-color":"","overlay-opacity":"","overlay-gradient":""},"tablet":{"background-color":"","background-image":"","background-repeat":"repeat","background-position":"center center","background-size":"auto","background-attachment":"scroll","background-type":"","background-media":"","overlay-type":"","overlay-color":"","overlay-opacity":"","overlay-gradient":""},"mobile":{"background-color":"","background-image":"","background-repeat":"repeat","background-position":"center center","background-size":"auto","background-attachment":"scroll","background-type":"","background-media":"","overlay-type":"","overlay-color":"","overlay-opacity":"","overlay-gradient":""}},"ast-content-background-meta":{"desktop":{"background-color":"var(--ast-global-color-4)","background-image":"","background-repeat":"repeat","background-position":"center center","background-size":"auto","background-attachment":"scroll","background-type":"","background-media":"","overlay-type":"","overlay-color":"","overlay-opacity":"","overlay-gradient":""},"tablet":{"background-color":"var(--ast-global-color-4)","background-image":"","background-repeat":"repeat","background-position":"center center","background-size":"auto","background-attachment":"scroll","background-type":"","background-media":"","overlay-type":"","overlay-color":"","overlay-opacity":"","overlay-gradient":""},"mobile":{"background-color":"var(--ast-global-color-4)","background-image":"","background-repeat":"repeat","background-position":"center center","background-size":"auto","background-attachment":"scroll","background-type":"","background-media":"","overlay-type":"","overlay-color":"","overlay-opacity":"","overlay-gradient":""}},"footnotes":""},"categories":[1],"tags":[],"class_list":["post-115","post","type-post","status-publish","format-standard","has-post-thumbnail","hentry","category-veranda"],"_links":{"self":[{"href":"https:\/\/pro-veranda.fr\/actu\/wp-json\/wp\/v2\/posts\/115","targetHints":{"allow":["GET"]}}],"collection":[{"href":"https:\/\/pro-veranda.fr\/actu\/wp-json\/wp\/v2\/posts"}],"about":[{"href":"https:\/\/pro-veranda.fr\/actu\/wp-json\/wp\/v2\/types\/post"}],"author":[{"embeddable":true,"href":"https:\/\/pro-veranda.fr\/actu\/wp-json\/wp\/v2\/users\/1"}],"replies":[{"embeddable":true,"href":"https:\/\/pro-veranda.fr\/actu\/wp-json\/wp\/v2\/comments?post=115"}],"version-history":[{"count":0,"href":"https:\/\/pro-veranda.fr\/actu\/wp-json\/wp\/v2\/posts\/115\/revisions"}],"wp:featuredmedia":[{"embeddable":true,"href":"https:\/\/pro-veranda.fr\/actu\/wp-json\/wp\/v2\/media\/114"}],"wp:attachment":[{"href":"https:\/\/pro-veranda.fr\/actu\/wp-json\/wp\/v2\/media?parent=115"}],"wp:term":[{"taxonomy":"category","embeddable":true,"href":"https:\/\/pro-veranda.fr\/actu\/wp-json\/wp\/v2\/categories?post=115"},{"taxonomy":"post_tag","embeddable":true,"href":"https:\/\/pro-veranda.fr\/actu\/wp-json\/wp\/v2\/tags?post=115"}],"curies":[{"name":"wp","href":"https:\/\/api.w.org\/{rel}","templated":true}]}}