{"id":111,"date":"2026-01-27T08:04:01","date_gmt":"2026-01-27T07:04:01","guid":{"rendered":"https:\/\/pro-veranda.fr\/actu\/veranda-guide-complet-pour-valoriser-votre-bien-immobilier\/"},"modified":"2026-01-27T08:04:01","modified_gmt":"2026-01-27T07:04:01","slug":"veranda-guide-complet-pour-valoriser-votre-bien-immobilier","status":"publish","type":"post","link":"https:\/\/pro-veranda.fr\/actu\/veranda-guide-complet-pour-valoriser-votre-bien-immobilier\/","title":{"rendered":"V\u00e9randa : guide complet pour valoriser votre bien immobilier"},"content":{"rendered":"<p><strong>En bref :<\/strong><\/p>\n\n<p>L&rsquo;ajout d&rsquo;une v\u00e9randa est une strat\u00e9gie de plus en plus pris\u00e9e pour augmenter la valeur d&rsquo;un bien immobilier. Cette extension vitr\u00e9e n&rsquo;offre pas seulement un gain d&rsquo;espace et de lumi\u00e8re, mais constitue un v\u00e9ritable atout lors de la revente. De la s\u00e9lection des mat\u00e9riaux \u00e0 la conformit\u00e9 l\u00e9gale, chaque \u00e9tape compte pour optimiser cet investissement. Ce guide vous livre les conseils d&rsquo;un professionnel pour une valorisation r\u00e9ussie de votre maison.<\/p>\n\n<ul class=\"wp-block-list\"><li>\u2705 <strong>Gain de surface :<\/strong> Une v\u00e9randa bien int\u00e9gr\u00e9e augmente la surface exploitable, un crit\u00e8re majeur pour les acheteurs.<\/li><li>\u2600\ufe0f <strong>Lumi\u00e8re et esth\u00e9tique :<\/strong> Elle am\u00e9liore l&rsquo;attrait visuel de la maison et cr\u00e9e un espace de vie lumineux et agr\u00e9able.<\/li><li>\ud83d\udee0\ufe0f <strong>Choix des mat\u00e9riaux :<\/strong> L&rsquo;aluminium, le bois ou le PVC influencent la durabilit\u00e9, l&rsquo;entretien et l&rsquo;efficacit\u00e9 \u00e9nerg\u00e9tique de l&rsquo;extension.<\/li><li>\u2696\ufe0f <strong>D\u00e9marches administratives :<\/strong> Le respect du Plan Local d&rsquo;Urbanisme (PLU) et l&rsquo;obtention des autorisations sont des \u00e9tapes incontournables.<\/li><li>\ud83d\udcb0 <strong>Impact fiscal :<\/strong> La d\u00e9claration de cette nouvelle surface est obligatoire et peut modifier le montant de vos taxes locales.<\/li><\/ul>\n\n<h2 class=\"wp-block-heading\">L&rsquo;impact d&rsquo;une v\u00e9randa sur la valorisation de votre bien immobilier<\/h2>\n\n<p>Examinons les divers \u00e9l\u00e9ments qui peuvent contribuer \u00e0 la valorisation immobili\u00e8re gr\u00e2ce \u00e0 l&rsquo;ajout d&rsquo;une v\u00e9randa. Bien plus qu&rsquo;une simple extension, une v\u00e9randa bien pens\u00e9e transforme l&rsquo;exp\u00e9rience de vie au sein d&rsquo;une maison et, par cons\u00e9quent, son attractivit\u00e9 sur le march\u00e9.<\/p>\n\n<h3 class=\"wp-block-heading\">Un gain d&rsquo;espace de vie significatif<\/h3>\n\n<p>Le premier atout d&rsquo;une v\u00e9randa est l&rsquo;<strong>augmentation de la surface habitable<\/strong>. Cet espace polyvalent peut se transformer en salon, bureau, salle de jeux ou jardin d&rsquo;hiver, r\u00e9pondant ainsi aux besoins vari\u00e9s des familles modernes. Dans le contexte immobilier actuel o\u00f9 chaque m\u00e8tre carr\u00e9 compte, cette pi\u00e8ce suppl\u00e9mentaire constitue un argument de poids pour la <strong>valorisation<\/strong> de votre bien. Un am\u00e9nagement r\u00e9ussi cr\u00e9e une transition fluide entre l&rsquo;int\u00e9rieur et l&rsquo;ext\u00e9rieur, un crit\u00e8re de plus en plus recherch\u00e9.<\/p>\n\n<h3 class=\"wp-block-heading\">Une esth\u00e9tique et une luminosit\u00e9 am\u00e9lior\u00e9es<\/h3>\n\n<p>Le design d&rsquo;une v\u00e9randa moderne rehausse l&rsquo;architecture globale de la maison. Ses larges baies vitr\u00e9es inondent l&rsquo;int\u00e9rieur de lumi\u00e8re naturelle, cr\u00e9ant une atmosph\u00e8re chaleureuse et accueillante. Cet apport lumineux peut m\u00e9tamorphoser une pi\u00e8ce de vie sombre en un espace convivial. Un projet de <strong>r\u00e9novation<\/strong> int\u00e9grant une v\u00e9randa est souvent per\u00e7u comme une mont\u00e9e en gamme, ce qui se r\u00e9percute positivement sur l&rsquo;estimation immobili\u00e8re.<\/p>\n\n<figure class=\"is-provider-youtube is-type-video wp-block-embed wp-block-embed-youtube wp-embed-aspect-16-9 wp-has-aspect-ratio\"><div class=\"wp-block-embed__wrapper\">\n<iframe loading=\"lazy\" title=\"Comment R\u00e9nover un Bien Immobilier (guide Complet)\" width=\"500\" height=\"281\" src=\"https:\/\/www.youtube.com\/embed\/qDESFQ7QtGk?feature=oembed\" frameborder=\"0\" allow=\"accelerometer; autoplay; clipboard-write; encrypted-media; gyroscope; picture-in-picture; web-share\" referrerpolicy=\"strict-origin-when-cross-origin\" allowfullscreen><\/iframe>\n<\/div><\/figure>\n\n<h3 class=\"wp-block-heading\">Un confort thermique et une meilleure efficacit\u00e9 \u00e9nerg\u00e9tique<\/h3>\n\n<p>Les progr\u00e8s techniques ont transform\u00e9 la v\u00e9randa en une v\u00e9ritable pi\u00e8ce \u00e0 vivre toute l&rsquo;ann\u00e9e. Gr\u00e2ce \u00e0 des mat\u00e9riaux performants et des vitrages \u00e0 isolation renforc\u00e9e, les v\u00e9randas modernes garantissent une excellente <strong>efficacit\u00e9 \u00e9nerg\u00e9tique<\/strong>. Un bon confort thermique, \u00e9t\u00e9 comme hiver, est un avantage consid\u00e9rable. Il permet non seulement de r\u00e9aliser des \u00e9conomies de chauffage, mais aussi de profiter de l&rsquo;espace en continu, un argument essentiel pour <a href=\"https:\/\/pro-veranda.fr\/actu\/veranda-guide-complet-pour-profiter-toute-lannee\/\">profiter de sa v\u00e9randa toute l&rsquo;ann\u00e9e<\/a>.<\/p>\n\n<h2 class=\"wp-block-heading\">Choisir les bons mat\u00e9riaux : un investissement cl\u00e9 pour votre v\u00e9randa<\/h2>\n\n<p>En tant que menuisier, je peux affirmer que le choix des mat\u00e9riaux est d\u00e9terminant pour la p\u00e9rennit\u00e9 et la valeur ajout\u00e9e de votre extension. Chaque option pr\u00e9sente des caract\u00e9ristiques sp\u00e9cifiques en termes de durabilit\u00e9, d&rsquo;entretien et bien s\u00fbr, de budget.<\/p>\n\n<h3 class=\"wp-block-heading\">Durabilit\u00e9 et entretien : les options sur le march\u00e9<\/h3>\n\n<p>Le choix de la structure de votre v\u00e9randa impacte directement sa long\u00e9vit\u00e9 et le temps que vous consacrerez \u00e0 sa maintenance. Voici un aper\u00e7u des principaux mat\u00e9riaux :<\/p>\n\n<ul class=\"wp-block-list\"><li><strong>L&rsquo;aluminium :<\/strong> \ud83d\udc8e L\u00e9ger, robuste et inoxydable, il ne demande que tr\u00e8s peu d&rsquo;entretien. C&rsquo;est le choix id\u00e9al pour un <strong>design<\/strong> contemporain et des structures fines laissant un maximum de place au vitrage.<\/li><li><strong>Le bois :<\/strong> \ud83c\udf32 Appr\u00e9ci\u00e9 pour son aspect naturel et chaleureux, il offre d&rsquo;excellentes performances d&rsquo;isolation. Il n\u00e9cessite cependant un entretien r\u00e9gulier (lasure, peinture) pour le prot\u00e9ger des intemp\u00e9ries et des insectes. Un <a href=\"https:\/\/pro-veranda.fr\/actu\/veranda-guide-complet-pour-lentretien-et-la-maintenance\/\">entretien rigoureux garantit sa long\u00e9vit\u00e9<\/a>.<\/li><li><strong>Le PVC :<\/strong> \ud83d\udcb8 C&rsquo;est l&rsquo;option la plus \u00e9conomique et elle est facile \u00e0 entretenir. Toutefois, sa robustesse est moindre compar\u00e9e \u00e0 l&rsquo;aluminium ou au bois, et il est moins adapt\u00e9 aux grandes structures.<\/li><\/ul>\n\n<p>Pour une analyse plus d\u00e9taill\u00e9e, n&rsquo;h\u00e9sitez pas \u00e0 consulter un <a href=\"https:\/\/pro-veranda.fr\/actu\/veranda-guide-complet-pour-choisir-les-materiaux-adaptes\/\">guide complet sur le choix des mat\u00e9riaux<\/a>.<\/p>\n\n<h3 class=\"wp-block-heading\">Comparatif des mat\u00e9riaux pour votre projet de v\u00e9randa<\/h3>\n\n<figure class=\"wp-block-table\"><table>\n<thead>\n<tr>\n<th>Mat\u00e9riau<\/th>\n<th>Co\u00fbt moyen au m\u00b2 (estimations 2026)<\/th>\n<th>Avantages principaux<\/th>\n<\/tr>\n<\/thead>\n<tbody>\n<tr>\n<td>Aluminium \ud83e\ude99<\/td>\n<td>1 500 \u20ac &#8211; 2 000 \u20ac<\/td>\n<td>Durabilit\u00e9, entretien r\u00e9duit, design moderne<\/td>\n<\/tr>\n<tr>\n<td>Bois \ud83e\udeb5<\/td>\n<td>1 200 \u20ac &#8211; 1 800 \u20ac<\/td>\n<td>Esth\u00e9tique chaleureuse, excellente isolation naturelle<\/td>\n<\/tr>\n<tr>\n<td>PVC \ud83d\udca7<\/td>\n<td>800 \u20ac &#8211; 1 200 \u20ac<\/td>\n<td>\u00c9conomique, facile \u00e0 entretenir<\/td>\n<\/tr>\n<\/tbody>\n<\/table><\/figure>\n\n<!-- Bloc de code du calculateur de co\u00fbt de v\u00e9randa - \u00e0 copier\/coller -->\n\n<!--\n  NOTE POUR L'INT\u00c9GRATION :\n  Ce bloc utilise Tailwind CSS pour le style.\n  Assurez-vous que Tailwind CSS est charg\u00e9 sur votre page.\n  Si ce n'est pas d\u00e9j\u00e0 le cas, ajoutez cette ligne dans le <head> de votre site :\n  <script src=\"https:\/\/cdn.tailwindcss.com\"><\/script>\n  (Le script ci-dessous est une alternative qui fonctionne directement dans le corps de la page).\n-->\n\n<!-- Chargement de Tailwind CSS via CDN pour un fonctionnement autonome -->\n<script src=\"https:\/\/cdn.tailwindcss.com\/3.4.1\"><\/script>\n\n<!-- D\u00e9but du calculateur -->\n<div id=\"calculateur-veranda\" class=\"max-w-2xl mx-auto bg-slate-50 p-6 sm:p-8 rounded-2xl shadow-lg border border-slate-200 font-sans\">\n\n    <!-- Titre du calculateur -->\n    <h3 class=\"text-2xl sm:text-3xl font-bold text-slate-800 text-center mb-6\">\n        Estimez le co\u00fbt de votre future v\u00e9randa\n    <\/h3>\n    <p class=\"text-center text-slate-600 mb-8\">\n        Remplissez les champs ci-dessous pour obtenir une premi\u00e8re estimation budg\u00e9taire pour votre projet.\n    <\/p>\n\n    <!-- Formulaire de calcul -->\n    <div class=\"space-y-6\">\n        <!-- Champ 1 : Surface -->\n        <div>\n            <label for=\"surfaceVeranda\" class=\"block text-md font-medium text-slate-700 mb-2\">\n                Surface souhait\u00e9e (en m\u00b2)\n            <\/label>\n            <div class=\"relative\">\n                <input type=\"number\" id=\"surfaceVeranda\" name=\"surfaceVeranda\" min=\"5\" placeholder=\"Ex: 20\" class=\"w-full p-4 text-lg border border-slate-300 rounded-lg focus:ring-2 focus:ring-cyan-500 focus:border-cyan-500 transition-shadow duration-200\" \/>\n                <span class=\"absolute inset-y-0 right-4 flex items-center text-slate-500\">m\u00b2<\/span>\n            <\/div>\n        <\/div>\n\n        <!-- Champ 2 : Mat\u00e9riau -->\n        <div>\n            <label for=\"materiauVeranda\" class=\"block text-md font-medium text-slate-700 mb-2\">\n                Mat\u00e9riau de la structure\n            <\/label>\n            <select id=\"materiauVeranda\" name=\"materiauVeranda\" class=\"w-full p-4 text-lg border border-slate-300 rounded-lg focus:ring-2 focus:ring-cyan-500 focus:border-cyan-500 transition-shadow duration-200 appearance-none bg-white bg-no-repeat bg-right-4\" style=\"background-image: url('data:image\/svg+xml,%3csvg xmlns=%27http:\/\/www.w3.org\/2000\/svg%27 fill=%27none%27 viewBox=%270 0 20 20%27%3e%3cpath stroke=%27%2364748b%27 stroke-linecap=%27round%27 stroke-linejoin=%27round%27 stroke-width=%271.5%27 d=%27M6 8l4 4 4-4%27\/%3e%3c\/svg%3e'); background-size: 1.5em 1.5em;\">\n                <option value=\"1750\">Aluminium (moderne et durable)<\/option>\n                <option value=\"1500\">Bois (chaleureux et authentique)<\/option>\n                <option value=\"1000\">PVC (\u00e9conomique et facile d&rsquo;entretien)<\/option>\n            <\/select>\n        <\/div>\n    <\/div>\n\n    <!-- Section du r\u00e9sultat -->\n    <div id=\"resultatVerandaContainer\" class=\"mt-10 p-6 bg-cyan-50 border-l-4 border-cyan-500 rounded-r-lg hidden transition-all duration-300\">\n        <p class=\"text-lg text-slate-700\">Co\u00fbt estim\u00e9 de votre projet :<\/p>\n        <p id=\"resultatVerandaTexte\" class=\"text-3xl sm:text-4xl font-extrabold text-cyan-800 my-2\">\n            <!-- Le r\u00e9sultat sera inject\u00e9 ici par le JavaScript -->\n        <\/p>\n        <p id=\"resultatDisclaimer\" class=\"text-sm text-slate-600 mt-2\">\n            <!-- Le texte d'avertissement sera inject\u00e9 ici -->\n        <\/p>\n    <\/div>\n\n<\/div>\n\n<script>\n    \/\/ Attend que le contenu de la page soit enti\u00e8rement charg\u00e9 pour ex\u00e9cuter le script\n    document.addEventListener('DOMContentLoaded', function() {\n\n        \/\/ --- CONFIGURATION ET TEXTES (facilement modifiables) ---\n        const CONFIG = {\n            \/\/ Textes utilis\u00e9s dans l'interface du r\u00e9sultat\n            TEXTE_RESULTAT: \"Le co\u00fbt estim\u00e9 de votre v\u00e9randa est de \",\n            AVERTISSEMENT: \"Cette estimation est purement indicative et ne remplace pas un devis professionnel. Les co\u00fbts de ma\u00e7onnerie, de fondation et les options ne sont pas inclus.\",\n            DEVISE: \"\u20ac\",\n            \/\/ Prix par mat\u00e9riau (correspond aux 'value' dans le HTML)\n            PRIX_AU_M2: {\n                ALUMINIUM: 1750,\n                BOIS: 1500,\n                PVC: 1000\n            }\n        };\n\n        \/\/ --- S\u00c9LECTION DES \u00c9L\u00c9MENTS DU DOM ---\n        \/\/ On r\u00e9cup\u00e8re les \u00e9l\u00e9ments HTML avec lesquels on va interagir\n        const inputSurface = document.getElementById('surfaceVeranda');\n        const selectMateriau = document.getElementById('materiauVeranda');\n        const resultatContainer = document.getElementById('resultatVerandaContainer');\n        const resultatTexte = document.getElementById('resultatVerandaTexte');\n        const resultatDisclaimer = document.getElementById('resultatDisclaimer');\n\n        \/\/ --- FONCTION PRINCIPALE DE CALCUL ---\n        function calculerEtAfficherCout() {\n            \/\/ 1. R\u00e9cup\u00e9rer les valeurs des champs\n            \/\/ On utilise parseFloat pour convertir le texte en nombre d\u00e9cimal.\n            \/\/ Si le champ est vide, la valeur sera NaN (Not a Number).\n            const surface = parseFloat(inputSurface.value);\n            const prixAuM2 = parseFloat(selectMateriau.value);\n\n            \/\/ 2. Valider les donn\u00e9es\n            \/\/ Si la surface n'est pas un nombre, est inf\u00e9rieure ou \u00e9gale \u00e0 0, ou si le prix n'est pas valide,\n            \/\/ on cache le r\u00e9sultat et on arr\u00eate la fonction.\n            if (isNaN(surface) || surface <= 0 || isNaN(prixAuM2)) {\n                resultatContainer.classList.add('hidden'); \/\/ Cache le bloc de r\u00e9sultat\n                return; \/\/ Stoppe l'ex\u00e9cution de la fonction\n            }\n\n            \/\/ 3. Calculer le co\u00fbt total\n            const coutTotal = surface * prixAuM2;\n\n            \/\/ 4. Formater le r\u00e9sultat pour l'affichage\n            \/\/ toLocaleString('fr-FR') ajoute automatiquement les s\u00e9parateurs de milliers (ex: 25 000)\n            const coutFormate = Math.round(coutTotal).toLocaleString('fr-FR');\n\n            \/\/ 5. Afficher le r\u00e9sultat dans le DOM\n            \/\/ On met \u00e0 jour le contenu des \u00e9l\u00e9ments HTML pr\u00e9vus \u00e0 cet effet.\n            resultatTexte.textContent = coutFormate + ' ' + CONFIG.DEVISE;\n            resultatDisclaimer.textContent = CONFIG.AVERTISSEMENT;\n\n            \/\/ On rend le conteneur du r\u00e9sultat visible en retirant la classe 'hidden'.\n            resultatContainer.classList.remove('hidden');\n        }\n\n        \/\/ --- MISE EN PLACE DES \u00c9COUTEURS D'\u00c9V\u00c9NEMENTS ---\n        \/\/ On attache la fonction de calcul aux \u00e9v\u00e9nements 'input'.\n        \/\/ 'input' se d\u00e9clenche \u00e0 chaque fois que l'utilisateur tape une lettre,\n        \/\/ efface, ou change une option du s\u00e9lecteur. Cela rend le calculateur dynamique.\n        inputSurface.addEventListener('input', calculerEtAfficherCout);\n        selectMateriau.addEventListener('input', calculerEtAfficherCout);\n\n        \/\/ Optionnel : Lancer un premier calcul au chargement au cas o\u00f9 les champs seraient pr\u00e9-remplis par le navigateur\n        calculerEtAfficherCout();\n\n    });\n<\/script>\n<!-- Fin du calculateur -->\n\n<h2 class=\"wp-block-heading\">R\u00e9glementation et d\u00e9marches : ce que vous devez savoir avant de construire<\/h2>\n\n<p>Un projet de construction de v\u00e9randa ne s'improvise pas. Pour \u00e9viter les mauvaises surprises, il est imp\u00e9ratif de se conformer \u00e0 la l\u00e9gislation en vigueur. Une construction non conforme peut entra\u00eener de lourdes sanctions et d\u00e9pr\u00e9cier votre bien au lieu de le valoriser.<\/p>\n\n<h3 class=\"wp-block-heading\">La v\u00e9randa est-elle consid\u00e9r\u00e9e comme une surface habitable ?<\/h3>\n\n<p>C'est une question cruciale qui a des implications l\u00e9gales et fiscales. La r\u00e9ponse varie selon le contexte :<\/p>\n\n<ul class=\"wp-block-list\"><li>Pour la <strong>location (loi Boutin)<\/strong> : Non, une v\u00e9randa n'est pas comptabilis\u00e9e dans la surface habitable mentionn\u00e9e sur le bail, selon l'article R. 111-2 du code de la construction.<\/li><li>Pour la <strong>vente (loi Carrez)<\/strong> : <strong>Oui<\/strong>, elle est prise en compte dans le calcul de la surface privative si elle est close, couverte et que sa hauteur sous plafond d\u00e9passe 1,80 m\u00e8tre. Cette surface suppl\u00e9mentaire impacte directement l'estimation de votre bien.<\/li><\/ul>\n\n<h3 class=\"wp-block-heading\">Permis de construire et PLU : les autorisations indispensables<\/h3>\n\n<p>Avant le premier coup de pelle, les d\u00e9marches administratives sont une priorit\u00e9. Si la surface de votre <strong>extension<\/strong> est inf\u00e9rieure \u00e0 20 m\u00b2, une simple <strong>d\u00e9claration pr\u00e9alable de travaux<\/strong> en mairie suffit g\u00e9n\u00e9ralement. Au-del\u00e0, un <strong>permis de construire<\/strong> devient n\u00e9cessaire.<\/p>\n\n<p>Il est \u00e9galement fondamental de <a href=\"https:\/\/pro-veranda.fr\/actu\/comment-consulter-le-plu-de-ma-commune-avant-dacheter-une-veranda\/\">consulter le Plan Local d'Urbanisme (PLU)<\/a> de votre commune. Ce document fixe les r\u00e8gles de construction : distances avec le voisinage, mat\u00e9riaux autoris\u00e9s, aspect ext\u00e9rieur, etc. Dans certains cas, comme la construction en <a href=\"https:\/\/pro-veranda.fr\/actu\/construire-une-veranda-en-zone-protegee-architecte-des-batiments-de-france\/\">zone prot\u00e9g\u00e9e<\/a>, l'avis de l'Architecte des B\u00e2timents de France sera requis.<\/p>\n\n<h2 class=\"wp-block-heading\">D\u00e9claration aux imp\u00f4ts : anticiper l'impact fiscal de votre extension<\/h2>\n\n<p>Une fois votre v\u00e9randa construite, une derni\u00e8re \u00e9tape administrative vous attend : la d\u00e9claration aupr\u00e8s des services fiscaux. Cet ajout modifie la consistance de votre bien et doit \u00eatre signal\u00e9.<\/p>\n\n<h3 class=\"wp-block-heading\">Mise \u00e0 jour de vos taxes locales<\/h3>\n\n<p>L'ajout d'une v\u00e9randa augmente la valeur locative cadastrale de votre <strong>maison<\/strong>, qui sert de base au calcul de la taxe fonci\u00e8re et de la taxe d'habitation (pour les r\u00e9sidences secondaires). Il faut donc s'attendre \u00e0 une augmentation de ces imp\u00f4ts locaux. Cette d\u00e9marche est obligatoire et doit \u00eatre effectu\u00e9e dans les 90 jours suivant l'ach\u00e8vement des travaux.<\/p>\n\n<h3 class=\"wp-block-heading\">La proc\u00e9dure de d\u00e9claration<\/h3>\n\n<p>Pour mettre \u00e0 jour votre situation, vous devez remplir le formulaire H1 (pour une maison individuelle) ou le formulaire 6650. Ce document doit \u00eatre transmis \u00e0 votre centre des imp\u00f4ts fonciers. Bien que cela entra\u00eene une hausse fiscale, n'oubliez pas que cet investissement participe activement \u00e0 la <strong>valorisation<\/strong> de votre patrimoine immobilier sur le long terme.<\/p>\n\n<figure class=\"is-provider-youtube is-type-video wp-block-embed wp-block-embed-youtube wp-embed-aspect-16-9 wp-has-aspect-ratio\"><div class=\"wp-block-embed__wrapper\">\n<iframe loading=\"lazy\" title=\"Le GUIDE complet pour devenir RENTIER en 10 ans avec Christopher Wangen !\" width=\"500\" height=\"281\" src=\"https:\/\/www.youtube.com\/embed\/NBlWepR2SBo?feature=oembed\" frameborder=\"0\" allow=\"accelerometer; autoplay; clipboard-write; encrypted-media; gyroscope; picture-in-picture; web-share\" referrerpolicy=\"strict-origin-when-cross-origin\" allowfullscreen><\/iframe>\n<\/div><\/figure>\n\n<script type=\"application\/ld+json\">\n{\"@context\":\"https:\/\/schema.org\",\"@type\":\"FAQPage\",\"mainEntity\":[{\"@type\":\"Question\",\"name\":\"Quelle plus-value immobiliu00e8re puis-je espu00e9rer avec une vu00e9randa ?\",\"acceptedAnswer\":{\"@type\":\"Answer\",\"text\":\"La plus-value varie grandement selon la qualitu00e9 de la construction, la ru00e9gion et l'u00e9tat du marchu00e9 immobilier. Cependant, les estimations s'accordent sur une augmentation de la valeur du bien pouvant aller de 5% u00e0 15%. Une vu00e9randa bien isolu00e9e, esthu00e9tique et parfaitement intu00e9gru00e9e sera un atout majeur.\"}},{\"@type\":\"Question\",\"name\":\"Une vu00e9randa est-elle toujours comptu00e9e dans la surface habitable ?\",\"acceptedAnswer\":{\"@type\":\"Answer\",\"text\":\"Non, pas toujours. Pour la vente d'un bien (loi Carrez), une vu00e9randa close et couverte de plus de 1,80m de hauteur est incluse. En revanche, pour la location (loi Boutin), elle n'est pas considu00e9ru00e9e comme une surface habitable. Il est crucial de connau00eetre cette distinction.\"}},{\"@type\":\"Question\",\"name\":\"Quel est le matu00e9riau le plus facile u00e0 entretenir pour une vu00e9randa ?\",\"acceptedAnswer\":{\"@type\":\"Answer\",\"text\":\"Sans hu00e9sitation, l'aluminium est le matu00e9riau qui demande le moins d'entretien. Un simple nettoyage u00e0 l'eau savonneuse quelques fois par an suffit u00e0 maintenir son apparence. Le PVC est u00e9galement facile u00e0 entretenir, tandis que le bois nu00e9cessite un traitement ru00e9gulier pour conserver sa beautu00e9 et sa durabilitu00e9.\"}},{\"@type\":\"Question\",\"name\":\"Dois-je toujours demander un permis de construire pour une vu00e9randa ?\",\"acceptedAnswer\":{\"@type\":\"Answer\",\"text\":\"Pas nu00e9cessairement. Si la surface au sol de votre vu00e9randa est infu00e9rieure u00e0 20 mu00b2 (ou 40 mu00b2 dans certaines zones urbaines couvertes par un PLU), une du00e9claration pru00e9alable de travaux en mairie est suffisante. Le permis de construire est obligatoire pour les surfaces plus importantes.\"}}]}\n<\/script>\n<h3>Quelle plus-value immobili\u00e8re puis-je esp\u00e9rer avec une v\u00e9randa ?<\/h3>\n<p>La plus-value varie grandement selon la qualit\u00e9 de la construction, la r\u00e9gion et l'\u00e9tat du march\u00e9 immobilier. Cependant, les estimations s'accordent sur une augmentation de la valeur du bien pouvant aller de 5% \u00e0 15%. Une v\u00e9randa bien isol\u00e9e, esth\u00e9tique et parfaitement int\u00e9gr\u00e9e sera un atout majeur.<\/p>\n<h3>Une v\u00e9randa est-elle toujours compt\u00e9e dans la surface habitable ?<\/h3>\n<p>Non, pas toujours. Pour la vente d'un bien (loi Carrez), une v\u00e9randa close et couverte de plus de 1,80m de hauteur est incluse. En revanche, pour la location (loi Boutin), elle n'est pas consid\u00e9r\u00e9e comme une surface habitable. Il est crucial de conna\u00eetre cette distinction.<\/p>\n<h3>Quel est le mat\u00e9riau le plus facile \u00e0 entretenir pour une v\u00e9randa ?<\/h3>\n<p>Sans h\u00e9sitation, l'aluminium est le mat\u00e9riau qui demande le moins d'entretien. Un simple nettoyage \u00e0 l'eau savonneuse quelques fois par an suffit \u00e0 maintenir son apparence. Le PVC est \u00e9galement facile \u00e0 entretenir, tandis que le bois n\u00e9cessite un traitement r\u00e9gulier pour conserver sa beaut\u00e9 et sa durabilit\u00e9.<\/p>\n<h3>Dois-je toujours demander un permis de construire pour une v\u00e9randa ?<\/h3>\n<p>Pas n\u00e9cessairement. Si la surface au sol de votre v\u00e9randa est inf\u00e9rieure \u00e0 20 m\u00b2 (ou 40 m\u00b2 dans certaines zones urbaines couvertes par un PLU), une d\u00e9claration pr\u00e9alable de travaux en mairie est suffisante. Le permis de construire est obligatoire pour les surfaces plus importantes.<\/p>\n\n","protected":false},"excerpt":{"rendered":"<p>En bref : L&rsquo;ajout d&rsquo;une v\u00e9randa est une strat\u00e9gie de plus en plus pris\u00e9e pour augmenter la valeur d&rsquo;un bien [&hellip;]<\/p>\n","protected":false},"author":1,"featured_media":110,"comment_status":"open","ping_status":"open","sticky":false,"template":"","format":"standard","meta":{"site-sidebar-layout":"default","site-content-layout":"","ast-site-content-layout":"default","site-content-style":"default","site-sidebar-style":"default","ast-global-header-display":"","ast-banner-title-visibility":"","ast-main-header-display":"","ast-hfb-above-header-display":"","ast-hfb-below-header-display":"","ast-hfb-mobile-header-display":"","site-post-title":"","ast-breadcrumbs-content":"","ast-featured-img":"","footer-sml-layout":"","ast-disable-related-posts":"","theme-transparent-header-meta":"","adv-header-id-meta":"","stick-header-meta":"","header-above-stick-meta":"","header-main-stick-meta":"","header-below-stick-meta":"","astra-migrate-meta-layouts":"default","ast-page-background-enabled":"default","ast-page-background-meta":{"desktop":{"background-color":"var(--ast-global-color-5)","background-image":"","background-repeat":"repeat","background-position":"center center","background-size":"auto","background-attachment":"scroll","background-type":"","background-media":"","overlay-type":"","overlay-color":"","overlay-opacity":"","overlay-gradient":""},"tablet":{"background-color":"","background-image":"","background-repeat":"repeat","background-position":"center center","background-size":"auto","background-attachment":"scroll","background-type":"","background-media":"","overlay-type":"","overlay-color":"","overlay-opacity":"","overlay-gradient":""},"mobile":{"background-color":"","background-image":"","background-repeat":"repeat","background-position":"center center","background-size":"auto","background-attachment":"scroll","background-type":"","background-media":"","overlay-type":"","overlay-color":"","overlay-opacity":"","overlay-gradient":""}},"ast-content-background-meta":{"desktop":{"background-color":"var(--ast-global-color-4)","background-image":"","background-repeat":"repeat","background-position":"center center","background-size":"auto","background-attachment":"scroll","background-type":"","background-media":"","overlay-type":"","overlay-color":"","overlay-opacity":"","overlay-gradient":""},"tablet":{"background-color":"var(--ast-global-color-4)","background-image":"","background-repeat":"repeat","background-position":"center center","background-size":"auto","background-attachment":"scroll","background-type":"","background-media":"","overlay-type":"","overlay-color":"","overlay-opacity":"","overlay-gradient":""},"mobile":{"background-color":"var(--ast-global-color-4)","background-image":"","background-repeat":"repeat","background-position":"center center","background-size":"auto","background-attachment":"scroll","background-type":"","background-media":"","overlay-type":"","overlay-color":"","overlay-opacity":"","overlay-gradient":""}},"footnotes":""},"categories":[1],"tags":[],"class_list":["post-111","post","type-post","status-publish","format-standard","has-post-thumbnail","hentry","category-veranda"],"_links":{"self":[{"href":"https:\/\/pro-veranda.fr\/actu\/wp-json\/wp\/v2\/posts\/111","targetHints":{"allow":["GET"]}}],"collection":[{"href":"https:\/\/pro-veranda.fr\/actu\/wp-json\/wp\/v2\/posts"}],"about":[{"href":"https:\/\/pro-veranda.fr\/actu\/wp-json\/wp\/v2\/types\/post"}],"author":[{"embeddable":true,"href":"https:\/\/pro-veranda.fr\/actu\/wp-json\/wp\/v2\/users\/1"}],"replies":[{"embeddable":true,"href":"https:\/\/pro-veranda.fr\/actu\/wp-json\/wp\/v2\/comments?post=111"}],"version-history":[{"count":0,"href":"https:\/\/pro-veranda.fr\/actu\/wp-json\/wp\/v2\/posts\/111\/revisions"}],"wp:featuredmedia":[{"embeddable":true,"href":"https:\/\/pro-veranda.fr\/actu\/wp-json\/wp\/v2\/media\/110"}],"wp:attachment":[{"href":"https:\/\/pro-veranda.fr\/actu\/wp-json\/wp\/v2\/media?parent=111"}],"wp:term":[{"taxonomy":"category","embeddable":true,"href":"https:\/\/pro-veranda.fr\/actu\/wp-json\/wp\/v2\/categories?post=111"},{"taxonomy":"post_tag","embeddable":true,"href":"https:\/\/pro-veranda.fr\/actu\/wp-json\/wp\/v2\/tags?post=111"}],"curies":[{"name":"wp","href":"https:\/\/api.w.org\/{rel}","templated":true}]}}