{"id":106,"date":"2026-01-26T08:02:07","date_gmt":"2026-01-26T07:02:07","guid":{"rendered":"https:\/\/pro-veranda.fr\/actu\/veranda-guide-complet-pour-transformer-votre-jardin-en-salon\/"},"modified":"2026-01-26T08:02:07","modified_gmt":"2026-01-26T07:02:07","slug":"veranda-guide-complet-pour-transformer-votre-jardin-en-salon","status":"publish","type":"post","link":"https:\/\/pro-veranda.fr\/actu\/veranda-guide-complet-pour-transformer-votre-jardin-en-salon\/","title":{"rendered":"V\u00e9randa : guide complet pour transformer votre jardin en salon"},"content":{"rendered":"<p>Transformer une v\u00e9randa en salon, c\u2019est bien plus qu\u2019un simple projet de d\u00e9coration. C\u2019est la cr\u00e9ation d\u2019une v\u00e9ritable extension de maison, un espace de vie baign\u00e9 de lumi\u00e8re qui fait le pont entre votre int\u00e9rieur et votre jardin. Pour r\u00e9ussir cet am\u00e9nagement et en faire une pi\u00e8ce confortable toute l&rsquo;ann\u00e9e, une approche m\u00e9thodique est indispensable. De la d\u00e9finition de sa fonction \u00e0 la ma\u00eetrise du confort thermique, en passant par le choix du mobilier et l&rsquo;anticipation du budget, chaque \u00e9tape compte pour faire de votre v\u00e9randa le nouveau c\u0153ur de votre foyer.<\/p>\n\n<p><strong>En bref, les points cl\u00e9s pour r\u00e9ussir l&rsquo;am\u00e9nagement de votre v\u00e9randa :<\/strong><\/p>\n\n<ul class=\"wp-block-list\"><li><strong>D\u00e9finir l&rsquo;usage principal :<\/strong> Avant toute chose, d\u00e9cidez si votre v\u00e9randa sera un salon, une salle \u00e0 manger, un bureau ou un jardin d&rsquo;hiver. Cette d\u00e9cision guidera tous les autres choix.<\/li><li><strong>Auditer l&rsquo;existant :<\/strong> \u00c9valuez l&rsquo;isolation, l&rsquo;orientation, le vitrage et les installations \u00e9lectriques. Une bonne analyse pr\u00e9vient les mauvaises surprises.<\/li><li><strong>Prioriser le confort thermique :<\/strong> C&rsquo;est le d\u00e9fi majeur. Investissez dans des solutions contre la chaleur estivale (stores, films solaires) et le froid hivernal (chauffage, vitrage performant).<\/li><li><strong>Choisir un mobilier adapt\u00e9 :<\/strong> Privil\u00e9giez des mat\u00e9riaux r\u00e9sistants aux UV et aux variations de temp\u00e9rature comme le rotin, l&rsquo;aluminium ou les tissus trait\u00e9s.<\/li><li><strong>Planifier son budget :<\/strong> Estimez les co\u00fbts pour chaque poste (isolation, mobilier, d\u00e9coration) afin de ma\u00eetriser vos d\u00e9penses.<\/li><li><strong>Soigner la d\u00e9coration :<\/strong> Cr\u00e9ez une continuit\u00e9 avec le reste de votre maison et le jardin pour un am\u00e9nagement harmonieux et un design ext\u00e9rieur r\u00e9ussi.<\/li><\/ul>\n\n<h2 class=\"wp-block-heading\">Quelle fonction pour votre nouvel espace de vie ?<\/h2>\n\n<p>Avant m\u00eame de penser mobilier ou d\u00e9coration, la question fondamentale est : quel sera le r\u00f4le de cette nouvelle pi\u00e8ce ? L&rsquo;usage que vous lui destinez va conditionner l&rsquo;ensemble de votre projet d&rsquo;am\u00e9nagement. Une bonne planification est la cl\u00e9 d&rsquo;un espace de vie fonctionnel et agr\u00e9able.<\/p>\n\n<p>Voici quelques id\u00e9es pour transformer votre v\u00e9randa :<\/p>\n\n<ul class=\"wp-block-list\"><li>\ud83d\udecb\ufe0f <strong>Un salon \u00ab\u00a0dedans-dehors\u00a0\u00bb :<\/strong> Cr\u00e9ez une extension de votre pi\u00e8ce de vie principale. Un canap\u00e9 confortable, quelques fauteuils et une table basse en feront le lieu parfait pour se d\u00e9tendre avec une vue imprenable sur le jardin.<\/li><li>\ud83c\udf7d\ufe0f <strong>Une salle \u00e0 manger lumineuse :<\/strong> C&rsquo;est une option tr\u00e8s pris\u00e9e. Profitez de repas conviviaux en toute saison, comme si vous \u00e9tiez \u00e0 l&rsquo;ext\u00e9rieur. Une belle table et des chaises adapt\u00e9es suffisent \u00e0 cr\u00e9er une atmosph\u00e8re unique.<\/li><li>\ud83d\udcbc <strong>Un bureau inspirant :<\/strong> Avec l&rsquo;essor du t\u00e9l\u00e9travail, am\u00e9nager un espace de travail dans la v\u00e9randa est une excellente id\u00e9e. La luminosit\u00e9 naturelle favorise la concentration et le bien-\u00eatre.<\/li><li>\ud83c\udf3f <strong>Un jardin d&rsquo;hiver luxuriant :<\/strong> Pour les passionn\u00e9s de botanique, c&rsquo;est l&rsquo;endroit id\u00e9al. La lumi\u00e8re abondante permet de cultiver des plantes exotiques et de cr\u00e9er une v\u00e9ritable oasis de verdure.<\/li><li>\ud83c\udfa8 <strong>Un atelier d&rsquo;artiste :<\/strong> Peinture, sculpture, bricolage&#8230; La lumi\u00e8re naturelle est un atout majeur pour toute activit\u00e9 cr\u00e9ative.<\/li><\/ul>\n\n<h2 class=\"wp-block-heading\">\u00c9valuer votre v\u00e9randa : le point de d\u00e9part technique<\/h2>\n\n<p>Avant de d\u00e9placer le moindre meuble, une inspection rigoureuse s&rsquo;impose. Prenez un m\u00e8tre, un carnet, et analysez objectivement votre espace. Cette \u00e9tape de diagnostic vous \u00e9vitera des d\u00e9convenues et des d\u00e9penses inutiles.<\/p>\n\n<h3 class=\"wp-block-heading\">Les points de contr\u00f4le essentiels<\/h3>\n\n<p>Concentrez-vous sur ces \u00e9l\u00e9ments d\u00e9terminants pour la suite de votre am\u00e9nagement :<\/p>\n\n<ul class=\"wp-block-list\"><li><strong>L&rsquo;orientation :<\/strong> Une v\u00e9randa expos\u00e9e plein sud sera tr\u00e8s chaude en \u00e9t\u00e9, tandis qu&rsquo;une orientation nord restera plus fra\u00eeche. Ce facteur influence directement vos besoins en protection solaire et en chauffage.<\/li><li><strong>Le vitrage :<\/strong> Simple, double ou triple vitrage ? Un vitrage performant est la premi\u00e8re barri\u00e8re contre le froid et la chaleur. Si le v\u00f4tre est ancien, une r\u00e9novation pourrait \u00eatre n\u00e9cessaire pour garantir un bon confort.<\/li><li><strong>L&rsquo;isolation g\u00e9n\u00e9rale :<\/strong> V\u00e9rifiez l&rsquo;\u00e9tat des joints, des parois et de la toiture. Une bonne isolation est la base d&rsquo;une pi\u00e8ce vivable toute l&rsquo;ann\u00e9e. Pour aller plus loin, ce <a href=\"https:\/\/pro-veranda.fr\/actu\/veranda-guide-complet-pour-optimiser-lisolation-thermique\/\">guide sur l&rsquo;isolation thermique<\/a> vous donnera des pistes techniques.<\/li><li><strong>La ventilation :<\/strong> Un air sain est crucial. Sans une bonne a\u00e9ration, l&rsquo;humidit\u00e9 et une chaleur \u00e9touffante peuvent rapidement s&rsquo;installer. Des ouvertures ou une VMC sont indispensables.<\/li><\/ul>\n\n<figure class=\"is-provider-youtube is-type-video wp-block-embed wp-block-embed-youtube wp-embed-aspect-16-9 wp-has-aspect-ratio\"><div class=\"wp-block-embed__wrapper\">\n<iframe loading=\"lazy\" title=\"Comment am\u00e9nager une v\u00e9randa en jardin d&#039;hiver ? - Mission V\u00e9g\u00e9tal - M6\" width=\"500\" height=\"281\" src=\"https:\/\/www.youtube.com\/embed\/iCT_TPv7-5I?feature=oembed\" frameborder=\"0\" allow=\"accelerometer; autoplay; clipboard-write; encrypted-media; gyroscope; picture-in-picture; web-share\" referrerpolicy=\"strict-origin-when-cross-origin\" allowfullscreen><\/iframe>\n<\/div><\/figure>\n\n<h2 class=\"wp-block-heading\">Ma\u00eetriser le confort : le d\u00e9fi num\u00e9ro un de la v\u00e9randa<\/h2>\n\n<p>La principale difficult\u00e9 d&rsquo;une v\u00e9randa r\u00e9side dans sa grande surface vitr\u00e9e, qui la rend tr\u00e8s sensible aux caprices de la m\u00e9t\u00e9o. L&rsquo;objectif est simple : \u00e9viter l&rsquo;effet de serre en \u00e9t\u00e9 et la sensation de froid en hiver. Heureusement, des solutions efficaces existent.<\/p>\n\n<h3 class=\"wp-block-heading\">Lutter contre la chaleur estivale<\/h3>\n\n<p>Pour profiter de votre salon m\u00eame en pleine canicule, l&rsquo;installation de protections solaires est indispensable. Les <strong>stores de toiture ext\u00e9rieurs<\/strong> sont les plus performants, car ils bloquent les rayons du soleil avant qu&rsquo;ils n&rsquo;atteignent le vitrage. En compl\u00e9ment, des stores int\u00e9rieurs ou des films solaires peuvent aider \u00e0 tamiser la lumi\u00e8re et \u00e0 r\u00e9duire encore la chaleur.<\/p>\n\n<h3 class=\"wp-block-heading\">Conserver une chaleur douce en hiver<\/h3>\n\n<p>Pour que votre v\u00e9randa reste un cocon de bien-\u00eatre durant les mois froids, le chauffage est un point \u00e0 ne pas n\u00e9gliger. Un radiateur \u00e9lectrique \u00e0 inertie ou m\u00eame un petit po\u00eale \u00e0 bois peuvent suffire. Associer un bon syst\u00e8me de chauffage \u00e0 une ventilation ma\u00eetris\u00e9e est essentiel. Pensez \u00e0 consulter des guides pour bien <a href=\"https:\/\/pro-veranda.fr\/actu\/veranda-guide-complet-pour-integrer-le-chauffage-et-la-ventilation\/\">int\u00e9grer chauffage et ventilation<\/a> dans votre projet.<\/p>\n\n<h2 class=\"wp-block-heading\">Quel budget pr\u00e9voir pour l&rsquo;am\u00e9nagement de votre v\u00e9randa ?<\/h2>\n\n<p>Le co\u00fbt de transformation de votre v\u00e9randa d\u00e9pendra enti\u00e8rement de l&rsquo;ampleur des travaux et de la gamme des \u00e9quipements choisis. Pour vous aider \u00e0 y voir plus clair, voici une estimation des principaux postes de d\u00e9penses pour 2026.<\/p>\n\n<figure class=\"wp-block-table\"><table>\n<thead>\n<tr>\n<th>Poste de d\u00e9pense \ud83c\udff7\ufe0f<\/th>\n<th>Budget entr\u00e9e de gamme \ud83d\udcb0<\/th>\n<th>Budget milieu de gamme \ud83d\udcb0\ud83d\udcb0<\/th>\n<th>Budget haut de gamme \ud83d\udcb0\ud83d\udcb0\ud83d\udcb0<\/th>\n<\/tr>\n<\/thead>\n<tbody>\n<tr>\n<td>Isolation thermique<\/td>\n<td>500 &#8211; 1 200 \u20ac<\/td>\n<td>1 200 &#8211; 3 000 \u20ac<\/td>\n<td>3 000 &#8211; 8 000 \u20ac<\/td>\n<\/tr>\n<tr>\n<td>Chauffage \/ Climatisation<\/td>\n<td>400 &#8211; 1 000 \u20ac<\/td>\n<td>1 000 &#8211; 2 500 \u20ac<\/td>\n<td>2 500 &#8211; 6 000 \u20ac<\/td>\n<\/tr>\n<tr>\n<td>Stores ou volets<\/td>\n<td>300 &#8211; 800 \u20ac<\/td>\n<td>800 &#8211; 2 000 \u20ac<\/td>\n<td>2 000 &#8211; 5 000 \u20ac<\/td>\n<\/tr>\n<tr>\n<td>Rev\u00eatement de sol<\/td>\n<td>200 &#8211; 600 \u20ac<\/td>\n<td>600 &#8211; 1 500 \u20ac<\/td>\n<td>1 500 &#8211; 4 000 \u20ac<\/td>\n<\/tr>\n<tr>\n<td>Mobilier et d\u00e9coration<\/td>\n<td>600 &#8211; 1 500 \u20ac<\/td>\n<td>1 500 &#8211; 3 800 \u20ac<\/td>\n<td>3 800 &#8211; 10 000 \u20ac<\/td>\n<\/tr>\n<tr>\n<td>\u00c9clairage<\/td>\n<td>150 &#8211; 400 \u20ac<\/td>\n<td>400 &#8211; 1 000 \u20ac<\/td>\n<td>1 000 &#8211; 3 000 \u20ac<\/td>\n<\/tr>\n<\/tbody>\n<\/table><\/figure>\n\nAbsolument ! Voici un bloc de code pr\u00eat \u00e0 l&#8217;emploi pour un calculateur de budget de v\u00e9randa, con\u00e7u avec une touche cr\u00e9ative et moderne, utilisant TailwindCSS pour le style. Il est enti\u00e8rement en fran\u00e7ais, performant et respecte toutes vos contraintes.\n\nVous n&rsquo;avez qu&rsquo;\u00e0 copier-coller ce bloc directement dans le corps de votre article.\n\n\u00ab\u00a0`html\n<!-- D\u00c9BUT DU CALCULATEUR DE BUDGET V\u00c9RANDA -->\n<div id=\"veranda-calculator-container\" class=\"not-prose font-sans antialiased text-slate-800\">\n    <!-- Appel du CDN TailwindCSS pour le style. -->\n    <!-- Le script @tailwindcss\/browser est une version \"play\" qui compile les classes \u00e0 la vol\u00e9e. -->\n    <!-- Pour une mise en production, il est recommand\u00e9 de compiler un fichier CSS final. -->\n    <script src=\"https:\/\/cdn.tailwindcss.com\/3.4.1\"><\/script>\n\n    <div class=\"bg-slate-50 max-w-4xl mx-auto p-4 sm:p-8 rounded-2xl shadow-xl border border-slate-200\">\n\n        <!-- Titre et description -->\n        <div class=\"text-center mb-8\">\n            <h2 class=\"text-3xl sm:text-4xl font-bold text-emerald-800 mb-2\">Estimez le budget d&rsquo;am\u00e9nagement de votre v\u00e9randa<\/h2>\n            <p class=\"text-slate-600 max-w-2xl mx-auto\">Entrez la surface de votre future v\u00e9randa et s\u00e9lectionnez le niveau de gamme pour chaque poste de d\u00e9pense afin d&rsquo;obtenir une estimation personnalis\u00e9e.<\/p>\n        <\/div>\n\n        <!-- Panneau de configuration principal -->\n        <div class=\"grid grid-cols-1 lg:grid-cols-3 gap-8 items-start\">\n\n            <!-- Colonne de gauche : Surface et R\u00e9sultat -->\n            <div class=\"lg:col-span-1 space-y-8 sticky top-8\">\n                <!-- Carte pour la surface -->\n                <div class=\"bg-white p-6 rounded-xl shadow-md border border-slate-100\">\n                    <label for=\"surface\" class=\"block text-lg font-semibold text-slate-700 mb-3\">Surface de la v\u00e9randa<\/label>\n                    <div class=\"flex items-center bg-slate-100 rounded-lg\">\n                        <input type=\"number\" id=\"surface\" min=\"5\" value=\"20\" class=\"w-full bg-transparent text-2xl font-bold p-3 border-0 focus:ring-2 focus:ring-emerald-500 rounded-lg\" placeholder=\"ex: 20\">\n                        <span class=\"text-xl font-medium text-slate-500 pr-4\">m\u00b2<\/span>\n                    <\/div>\n                <\/div>\n\n                <!-- Carte pour le r\u00e9sultat total -->\n                <div class=\"bg-emerald-700 text-white p-6 rounded-xl shadow-lg text-center\">\n                    <h3 class=\"font-semibold opacity-80 mb-2\">Budget total estim\u00e9<\/h3>\n                    <div id=\"total-budget\" aria-live=\"polite\" class=\"text-5xl font-bold tracking-tight\">\n                        0 \u20ac\n                    <\/div>\n                    <p class=\"text-sm opacity-70 mt-3\">Cette estimation est indicative et ne remplace pas un devis professionnel.<\/p>\n                <\/div>\n                \n                <!-- L\u00e9gende pour le graphique -->\n                <div id=\"budget-breakdown-legend\" class=\"bg-white p-4 rounded-xl shadow-md border border-slate-100 space-y-2\">\n                    <h4 class=\"font-semibold text-slate-700 mb-2\">R\u00e9partition du budget :<\/h4>\n                    <!-- La l\u00e9gende sera g\u00e9n\u00e9r\u00e9e par JavaScript -->\n                <\/div>\n            <\/div>\n\n            <!-- Colonne de droite : Postes de d\u00e9penses -->\n            <div class=\"lg:col-span-2 space-y-6\">\n                <!-- Chaque poste de d\u00e9pense est une \"carte\" -->\n                \n                <!-- Poste : Isolation -->\n                <div class=\"bg-white p-5 rounded-xl shadow-md border border-slate-100\" data-category=\"isolation\">\n                    <div class=\"flex justify-between items-start\">\n                        <div>\n                            <div class=\"flex items-center gap-3\">\n                                <!-- SVG Icon -->\n                                <svg class=\"w-6 h-6 text-emerald-600\" fill=\"none\" stroke-width=\"1.5\" stroke=\"currentColor\" viewBox=\"0 0 24 24\" xmlns=\"http:\/\/www.w3.org\/2000\/svg\"><path d=\"M3.75 3v11.25A2.25 2.25 0 006 16.5h12A2.25 2.25 0 0020.25 14.25V3M3.75 21h16.5M16.5 3.75h.008v.008H16.5V3.75z\" stroke-linecap=\"round\" stroke-linejoin=\"round\"><\/path><\/svg>\n                                <h3 class=\"text-lg font-semibold text-slate-800\">Isolation<\/h3>\n                            <\/div>\n                             <p class=\"text-sm text-slate-500 ml-9\">Toiture, murs et vitrages.<\/p>\n                        <\/div>\n                        <div class=\"text-right\">\n                           <span class=\"subtotal-display text-lg font-bold text-emerald-700\">0 \u20ac<\/span>\n                        <\/div>\n                    <\/div>\n                    <fieldset class=\"mt-4\">\n                        <legend class=\"sr-only\">Niveau de gamme pour l&rsquo;isolation<\/legend>\n                        <div class=\"grid grid-cols-3 gap-3\">\n                           <!-- Options g\u00e9n\u00e9r\u00e9es par JS -->\n                        <\/div>\n                    <\/fieldset>\n                <\/div>\n\n                <!-- Poste : Chauffage & Climatisation -->\n                <div class=\"bg-white p-5 rounded-xl shadow-md border border-slate-100\" data-category=\"chauffage\">\n                     <div class=\"flex justify-between items-start\">\n                        <div>\n                            <div class=\"flex items-center gap-3\">\n                                <!-- SVG Icon -->\n                                <svg class=\"w-6 h-6 text-emerald-600\" fill=\"none\" stroke-width=\"1.5\" stroke=\"currentColor\" viewBox=\"0 0 24 24\" xmlns=\"http:\/\/www.w3.org\/2000\/svg\"><path d=\"M13.5 4.5L21 12m0 0l-7.5 7.5M21 12H3\" stroke-linecap=\"round\" stroke-linejoin=\"round\"><\/path><path d=\"M12 21a9 9 0 110-18 9 9 0 010 18z\" stroke-linecap=\"round\" stroke-linejoin=\"round\"><\/path><\/svg>\n                                <h3 class=\"text-lg font-semibold text-slate-800\">Chauffage &#038; Climatisation<\/h3>\n                            <\/div>\n                             <p class=\"text-sm text-slate-500 ml-9\">Radiateurs, plancher chauffant, clim r\u00e9versible.<\/p>\n                        <\/div>\n                        <div class=\"text-right\">\n                           <span class=\"subtotal-display text-lg font-bold text-emerald-700\">0 \u20ac<\/span>\n                        <\/div>\n                    <\/div>\n                    <fieldset class=\"mt-4\">\n                        <legend class=\"sr-only\">Niveau de gamme pour le chauffage<\/legend>\n                        <div class=\"grid grid-cols-3 gap-3\">\n                           <!-- Options g\u00e9n\u00e9r\u00e9es par JS -->\n                        <\/div>\n                    <\/fieldset>\n                <\/div>\n\n                <!-- Poste : Rev\u00eatement de sol -->\n                 <div class=\"bg-white p-5 rounded-xl shadow-md border border-slate-100\" data-category=\"revetement_sol\">\n                     <div class=\"flex justify-between items-start\">\n                        <div>\n                            <div class=\"flex items-center gap-3\">\n                                <!-- SVG Icon -->\n                                <svg class=\"w-6 h-6 text-emerald-600\" fill=\"none\" stroke-width=\"1.5\" stroke=\"currentColor\" viewBox=\"0 0 24 24\" xmlns=\"http:\/\/www.w3.org\/2000\/svg\"><path d=\"M2.25 12l8.954-8.955c.44-.439 1.152-.439 1.591 0L21.75 12M4.5 9.75v10.125c0 .621.504 1.125 1.125 1.125H9.75v-4.875c0-.621.504-1.125 1.125-1.125h2.25c.621 0 1.125.504 1.125 1.125V21h4.125c.621 0 1.125-.504 1.125-1.125V9.75M8.25 21h8.25\" stroke-linecap=\"round\" stroke-linejoin=\"round\"><\/path><\/svg>\n                                <h3 class=\"text-lg font-semibold text-slate-800\">Rev\u00eatement de sol<\/h3>\n                            <\/div>\n                            <p class=\"text-sm text-slate-500 ml-9\">Carrelage, parquet, b\u00e9ton cir\u00e9&#8230;<\/p>\n                        <\/div>\n                        <div class=\"text-right\">\n                           <span class=\"subtotal-display text-lg font-bold text-emerald-700\">0 \u20ac<\/span>\n                        <\/div>\n                    <\/div>\n                    <fieldset class=\"mt-4\">\n                        <legend class=\"sr-only\">Niveau de gamme pour le rev\u00eatement de sol<\/legend>\n                        <div class=\"grid grid-cols-3 gap-3\">\n                           <!-- Options g\u00e9n\u00e9r\u00e9es par JS -->\n                        <\/div>\n                    <\/fieldset>\n                <\/div>\n\n                <!-- Poste : Mobilier -->\n                 <div class=\"bg-white p-5 rounded-xl shadow-md border border-slate-100\" data-category=\"mobilier\">\n                     <div class=\"flex justify-between items-start\">\n                        <div>\n                            <div class=\"flex items-center gap-3\">\n                               <!-- SVG Icon -->\n                               <svg class=\"w-6 h-6 text-emerald-600\" fill=\"none\" stroke-width=\"1.5\" stroke=\"currentColor\" viewBox=\"0 0 24 24\" xmlns=\"http:\/\/www.w3.org\/2000\/svg\"><path d=\"M12 6.042A8.967 8.967 0 006 3.75c-1.052 0-2.062.18-3 .512v14.25A8.987 8.987 0 016 18c2.305 0 4.408.867 6 2.292m0-14.25a8.966 8.966 0 016-2.292c1.052 0 2.062.18 3 .512v14.25A8.987 8.987 0 0018 18a8.967 8.967 0 00-6 2.292m0-14.25v14.25\" stroke-linecap=\"round\" stroke-linejoin=\"round\"><\/path><\/svg>\n                                <h3 class=\"text-lg font-semibold text-slate-800\">Mobilier<\/h3>\n                            <\/div>\n                             <p class=\"text-sm text-slate-500 ml-9\">Canap\u00e9, table, chaises, rangements.<\/p>\n                        <\/div>\n                        <div class=\"text-right\">\n                           <span class=\"subtotal-display text-lg font-bold text-emerald-700\">0 \u20ac<\/span>\n                        <\/div>\n                    <\/div>\n                    <fieldset class=\"mt-4\">\n                        <legend class=\"sr-only\">Niveau de gamme pour le mobilier<\/legend>\n                        <div class=\"grid grid-cols-3 gap-3\">\n                           <!-- Options g\u00e9n\u00e9r\u00e9es par JS -->\n                        <\/div>\n                    <\/fieldset>\n                <\/div>\n\n                <!-- Poste : D\u00e9coration & \u00c9clairage -->\n                <div class=\"bg-white p-5 rounded-xl shadow-md border border-slate-100\" data-category=\"decoration\">\n                     <div class=\"flex justify-between items-start\">\n                        <div>\n                            <div class=\"flex items-center gap-3\">\n                               <!-- SVG Icon -->\n                               <svg class=\"w-6 h-6 text-emerald-600\" fill=\"none\" stroke-width=\"1.5\" stroke=\"currentColor\" viewBox=\"0 0 24 24\" xmlns=\"http:\/\/www.w3.org\/2000\/svg\"><path d=\"M9.813 15.904L9 18.75l-.813-2.846a4.5 4.5 0 00-3.09-3.09L2.25 12l2.846-.813a4.5 4.5 0 003.09-3.09L9 5.25l.813 2.846a4.5 4.5 0 003.09 3.09L15.75 12l-2.846.813a4.5 4.5 0 00-3.09 3.09zM18.259 8.715L18 9.75l-.259-1.035a3.375 3.375 0 00-2.455-2.456L14.25 6l1.036-.259a3.375 3.375 0 002.455-2.456L18 2.25l.259 1.035a3.375 3.375 0 002.456 2.456L21.75 6l-1.035.259a3.375 3.375 0 00-2.456 2.456zM16.898 20.54L16.5 21.75l-.398-1.21a3.375 3.375 0 00-2.455-2.456L12.75 18l1.21-.398a3.375 3.375 0 002.455-2.456L16.5 14.25l.398 1.21a3.375 3.375 0 002.456 2.456l1.21.398-1.21.398a3.375 3.375 0 00-2.456 2.456z\" stroke-linecap=\"round\" stroke-linejoin=\"round\"><\/path><\/svg>\n                                <h3 class=\"text-lg font-semibold text-slate-800\">D\u00e9coration &#038; \u00c9clairage<\/h3>\n                            <\/div>\n                             <p class=\"text-sm text-slate-500 ml-9\">Luminaires, rideaux, plantes, objets d\u00e9co.<\/p>\n                        <\/div>\n                        <div class=\"text-right\">\n                           <span class=\"subtotal-display text-lg font-bold text-emerald-700\">0 \u20ac<\/span>\n                        <\/div>\n                    <\/div>\n                    <fieldset class=\"mt-4\">\n                        <legend class=\"sr-only\">Niveau de gamme pour la d\u00e9coration<\/legend>\n                        <div class=\"grid grid-cols-3 gap-3\">\n                           <!-- Options g\u00e9n\u00e9r\u00e9es par JS -->\n                        <\/div>\n                    <\/fieldset>\n                <\/div>\n            <\/div>\n        <\/div>\n    <\/div>\n<\/div>\n\n<script>\n    \/\/ Le script est encapsul\u00e9 dans un \u00e9couteur d'\u00e9v\u00e9nement pour s'assurer que le DOM est bien charg\u00e9.\n    document.addEventListener('DOMContentLoaded', function () {\n\n        \/\/ =====================================================================\n        \/\/ CONFIGURATION CENTRALE\n        \/\/ Toutes les donn\u00e9es et textes sont ici pour une modification facile.\n        \/\/ =====================================================================\n\n        \/\/ NOTE SUR LES APIs EXTERNES :\n        \/\/ Pour un calculateur de ce type, utiliser des donn\u00e9es internes (comme ci-dessous)\n        \/\/ est plus performant et fiable qu'un appel API. Il n'y a pas de donn\u00e9es\n        \/\/ en temps r\u00e9el n\u00e9cessaires. Si on devait utiliser une API, ce serait par exemple\n        \/\/ pour obtenir des co\u00fbts moyens par r\u00e9gion.\n        \/\/ Exemple d'appel API (fictif) :\n        \/\/ fetch('https:\/\/api.veranda-costs.fr\/v1\/costs?region=fr-idf')\n        \/\/ R\u00e9ponse JSON attendue :\n        \/\/ { \"isolation\": { \"entree\": 45, \"milieu\": 70, \"haut_de_gamme\": 110 }, ... }\n\n        const config = {\n            \/\/ Co\u00fbts estimatifs en \u20ac par m\u00b2 pour chaque poste et chaque gamme\n            costs: {\n                isolation:      { entree: 35, milieu: 65, haut_de_gamme: 110 },\n                chauffage:      { entree: 20, milieu: 70, haut_de_gamme: 150 },\n                revetement_sol: { entree: 25, milieu: 55, haut_de_gamme: 120 },\n                mobilier:       { entree: 50, milieu: 150, haut_de_gamme: 300 },\n                decoration:     { entree: 15, milieu: 40, haut_de_gamme: 80 }\n            },\n            \/\/ Niveaux de gamme avec leurs libell\u00e9s et couleurs pour la l\u00e9gende\n            gammes: {\n                entree:        { label: \"Entr\u00e9e\", color: \"bg-sky-400\" },\n                milieu:        { label: \"Milieu\", color: \"bg-amber-400\" },\n                haut_de_gamme: { label: \"Haut de gamme\", color: \"bg-rose-400\" }\n            },\n            \/\/ Options pour le formatage des nombres en devise fran\u00e7aise (Euro)\n            currencyFormatter: new Intl.NumberFormat('fr-FR', {\n                style: 'currency',\n                currency: 'EUR',\n                minimumFractionDigits: 0,\n                maximumFractionDigits: 0\n            })\n        };\n\n        \/\/ =====================================================================\n        \/\/ S\u00c9LECTION DES \u00c9L\u00c9MENTS DU DOM\n        \/\/ On r\u00e9cup\u00e8re tous les \u00e9l\u00e9ments interactifs une seule fois.\n        \/\/ =====================================================================\n\n        const surfaceInput = document.getElementById('surface');\n        const totalBudgetElement = document.getElementById('total-budget');\n        const breakdownLegendElement = document.getElementById('budget-breakdown-legend');\n        const categoryCards = document.querySelectorAll('[data-category]');\n\n        \/\/ =====================================================================\n        \/\/ INITIALISATION DE L'INTERFACE\n        \/\/ Cr\u00e9ation dynamique des boutons de s\u00e9lection de gamme.\n        \/\/ =====================================================================\n\n        function initializeUI() {\n            categoryCards.forEach(card => {\n                const category = card.dataset.category;\n                const fieldsetDiv = card.querySelector('fieldset > div');\n                \n                \/\/ On boucle sur les gammes d\u00e9finies dans la config pour cr\u00e9er les boutons radio\n                Object.entries(config.gammes).forEach(([key, value], index) => {\n                    const isChecked = (key === 'milieu'); \/\/ On coche \"Milieu de gamme\" par d\u00e9faut\n                    \n                    const optionHTML = `\n                        <div>\n                            <input type=\"radio\" name=\"${category}-gamme\" id=\"${category}-${key}\" value=\"${key}\" class=\"sr-only peer\" ${isChecked ? 'checked' : ''}>\n                            <label for=\"${category}-${key}\" class=\"block w-full text-center text-sm font-semibold p-3 rounded-lg cursor-pointer transition-colors\n                                bg-slate-100 text-slate-600 ring-1 ring-slate-200\n                                peer-checked:bg-emerald-600 peer-checked:text-white peer-checked:ring-emerald-600\n                                hover:bg-slate-200 peer-checked:hover:bg-emerald-700\">\n                                ${value.label}\n                            <\/label>\n                        <\/div>\n                    `;\n                    fieldsetDiv.insertAdjacentHTML('beforeend', optionHTML);\n                });\n            });\n        }\n\n        \/\/ =====================================================================\n        \/\/ LOGIQUE DE CALCUL ET DE MISE \u00c0 JOUR\n        \/\/ =====================================================================\n\n        function calculateAndDisplay() {\n            \/\/ 1. R\u00e9cup\u00e9rer la surface. Si invalide ou vide, on utilise 0.\n            const surface = parseFloat(surfaceInput.value) || 0;\n            let totalBudget = 0;\n            const categoryTotals = {};\n\n            \/\/ 2. Calculer le sous-total pour chaque cat\u00e9gorie\n            categoryCards.forEach(card => {\n                const category = card.dataset.category;\n                const subtotalDisplay = card.querySelector('.subtotal-display');\n                \n                \/\/ Trouver quel bouton radio est coch\u00e9 pour cette cat\u00e9gorie\n                const selectedGammeInput = card.querySelector(`input[name=\"${category}-gamme\"]:checked`);\n                if (!selectedGammeInput) return; \/\/ S\u00e9curit\u00e9 si rien n'est s\u00e9lectionn\u00e9\n                \n                const selectedGamme = selectedGammeInput.value;\n                \n                \/\/ Calculer le co\u00fbt : surface * co\u00fbt\/m\u00b2 pour la gamme choisie\n                const costPerSqm = config.costs[category][selectedGamme];\n                const subtotal = surface * costPerSqm;\n                \n                \/\/ Stocker le r\u00e9sultat et mettre \u00e0 jour le total g\u00e9n\u00e9ral\n                categoryTotals[category] = subtotal;\n                totalBudget += subtotal;\n                \n                \/\/ Mettre \u00e0 jour l'affichage du sous-total sur la carte\n                subtotalDisplay.textContent = config.currencyFormatter.format(subtotal);\n            });\n\n            \/\/ 3. Mettre \u00e0 jour l'affichage du budget total\n            totalBudgetElement.textContent = config.currencyFormatter.format(totalBudget);\n            \n            \/\/ 4. Mettre \u00e0 jour la l\u00e9gende de r\u00e9partition\n            updateBreakdownLegend(categoryTotals, totalBudget);\n        }\n        \n        function updateBreakdownLegend(categoryTotals, totalBudget) {\n            \/\/ Vider la l\u00e9gende pr\u00e9c\u00e9dente\n            breakdownLegendElement.innerHTML = '<h4 class=\"font-semibold text-slate-700 mb-2\">R\u00e9partition du budget :<\/h4>';\n            \n            if (totalBudget === 0) {\n                breakdownLegendElement.insertAdjacentHTML('beforeend', '<p class=\"text-sm text-slate-500\">Entrez une surface pour voir la r\u00e9partition.<\/p>');\n                return;\n            }\n            \n            const categoryColors = {\n                isolation: 'bg-blue-500',\n                chauffage: 'bg-orange-500',\n                revetement_sol: 'bg-yellow-500',\n                mobilier: 'bg-purple-500',\n                decoration: 'bg-pink-500',\n            };\n\n            \/\/ On trie les cat\u00e9gories par co\u00fbt d\u00e9croissant pour un affichage plus logique\n            const sortedCategories = Object.entries(categoryTotals).sort(([, a], [, b]) => b - a);\n            \n            sortedCategories.forEach(([category, amount]) => {\n                const percentage = (amount \/ totalBudget * 100).toFixed(0);\n                const categoryName = document.querySelector(`[data-category=\"${category}\"] h3`).textContent;\n                \n                if (amount > 0) {\n                    const legendItemHTML = `\n                        <div class=\"flex justify-between items-center text-sm\">\n                            <div class=\"flex items-center gap-2\">\n                                <span class=\"w-3 h-3 rounded-full ${categoryColors[category]}\"><\/span>\n                                <span class=\"text-slate-600\">${categoryName}<\/span>\n                            <\/div>\n                            <div class=\"font-semibold text-slate-800\">${percentage}%<\/div>\n                        <\/div>\n                    `;\n                    breakdownLegendElement.insertAdjacentHTML('beforeend', legendItemHTML);\n                }\n            });\n        }\n\n        \/\/ =====================================================================\n        \/\/ GESTION DES \u00c9V\u00c9NEMENTS\n        \/\/ =====================================================================\n        \n        \/\/ Initialiser l'interface en cr\u00e9ant les boutons\n        initializeUI();\n\n        \/\/ Ajouter les \u00e9couteurs d'\u00e9v\u00e9nements\n        surfaceInput.addEventListener('input', calculateAndDisplay);\n        \n        \/\/ On met un seul \u00e9couteur sur le conteneur pour la performance (d\u00e9l\u00e9gation d'\u00e9v\u00e9nement)\n        const calculatorContainer = document.getElementById('veranda-calculator-container');\n        calculatorContainer.addEventListener('change', (event) => {\n            if (event.target.type === 'radio') {\n                calculateAndDisplay();\n            }\n        });\n\n        \/\/ Effectuer un premier calcul au chargement avec les valeurs par d\u00e9faut\n        calculateAndDisplay();\n    });\n<\/script>\n<!-- FIN DU CALCULATEUR DE BUDGET V\u00c9RANDA -->\n\n<h2 class=\"wp-block-heading\">Mobilier et d\u00e9coration : cr\u00e9ez un salon qui vous ressemble<\/h2>\n\n<p>Le choix du mobilier et de la d\u00e9coration est la touche finale qui va transformer votre v\u00e9randa en une pi\u00e8ce chaleureuse et int\u00e9gr\u00e9e au reste de votre maison. Le style doit \u00eatre en harmonie avec votre int\u00e9rieur tout en dialoguant avec le jardin.<\/p>\n\n<h3 class=\"wp-block-heading\">Le choix des mat\u00e9riaux : un enjeu de durabilit\u00e9<\/h3>\n\n<p>Le mobilier de la v\u00e9randa est soumis \u00e0 rude \u00e9preuve : forte luminosit\u00e9, variations de temp\u00e9rature&#8230; Il est donc crucial de choisir des mat\u00e9riaux r\u00e9sistants. <strong>Le rotin, le bambou, l&rsquo;aluminium ou le teck<\/strong> sont d&rsquo;excellents choix. Pour les canap\u00e9s et fauteuils, optez pour des tissus trait\u00e9s anti-UV pour \u00e9viter une d\u00e9coloration pr\u00e9matur\u00e9e. Le choix de mat\u00e9riaux adapt\u00e9s est un facteur cl\u00e9 de la long\u00e9vit\u00e9 de votre am\u00e9nagement. Pour vous guider, il existe des ressources pour <a href=\"https:\/\/pro-veranda.fr\/actu\/veranda-guide-complet-pour-choisir-les-materiaux-adaptes\/\">choisir les mat\u00e9riaux de votre v\u00e9randa<\/a>.<\/p>\n\n<h3 class=\"wp-block-heading\">Cr\u00e9er une harmonie entre int\u00e9rieur et ext\u00e9rieur<\/h3>\n\n<p>Pour un design ext\u00e9rieur r\u00e9ussi, la d\u00e9coration doit renforcer le lien avec le jardin. Multipliez les <strong>plantes vertes<\/strong> pour cr\u00e9er une ambiance de jungle urbaine. Pensez \u00e9galement \u00e0 la continuit\u00e9 du sol : utiliser le m\u00eame rev\u00eatement que dans la pi\u00e8ce attenante agrandit visuellement l&rsquo;espace. Enfin, ne n\u00e9gligez pas l&rsquo;\u00e9clairage artificiel pour le soir. Lampadaires, lampes \u00e0 poser et guirlandes lumineuses cr\u00e9eront une atmosph\u00e8re cosy une fois la nuit tomb\u00e9e.<\/p>\n\n<figure class=\"is-provider-youtube is-type-video wp-block-embed wp-block-embed-youtube wp-embed-aspect-16-9 wp-has-aspect-ratio\"><div class=\"wp-block-embed__wrapper\">\n<iframe loading=\"lazy\" title=\"V\u00e9randa Classik en mode cuisine\" width=\"500\" height=\"281\" src=\"https:\/\/www.youtube.com\/embed\/2eJGgjFFSJQ?feature=oembed\" frameborder=\"0\" allow=\"accelerometer; autoplay; clipboard-write; encrypted-media; gyroscope; picture-in-picture; web-share\" referrerpolicy=\"strict-origin-when-cross-origin\" allowfullscreen><\/iframe>\n<\/div><\/figure>\n\n<h2 class=\"wp-block-heading\">Les erreurs \u00e0 \u00e9viter pour un am\u00e9nagement de v\u00e9randa r\u00e9ussi<\/h2>\n\n<p>Certains pi\u00e8ges sont classiques lors de l&rsquo;am\u00e9nagement d&rsquo;une v\u00e9randa. Les conna\u00eetre vous permettra de les anticiper et de garantir la r\u00e9ussite de votre projet.<\/p>\n\n<ol class=\"wp-block-list\"><li><strong>Surcharger l&rsquo;espace :<\/strong> La v\u00e9randa est avant tout une pi\u00e8ce de lumi\u00e8re et de vue. Trop de meubles ou de d\u00e9coration peuvent \u00e9touffer l&rsquo;espace et bloquer la perspective vers le jardin. Visez la l\u00e9g\u00e8ret\u00e9.<\/li><li><strong>Choisir des meubles inadapt\u00e9s :<\/strong> Un canap\u00e9 en velours ou une biblioth\u00e8que en bois massif non trait\u00e9 risquent de souffrir des conditions particuli\u00e8res de la v\u00e9randa. Privil\u00e9giez des mat\u00e9riaux r\u00e9sistants.<\/li><li><strong>N\u00e9gliger l&rsquo;entretien :<\/strong> Les grandes surfaces vitr\u00e9es se salissent vite. Pensez pratique en choisissant des mat\u00e9riaux faciles \u00e0 nettoyer. Un <a href=\"https:\/\/pro-veranda.fr\/actu\/veranda-guide-complet-pour-lentretien-et-la-maintenance\/\">bon entretien r\u00e9gulier<\/a> est la cl\u00e9.<\/li><li><strong>Oublier l&rsquo;\u00e9lectricit\u00e9 :<\/strong> Pensez en amont \u00e0 vos besoins en prises \u00e9lectriques et en points lumineux. Un \u00e9clairage mal plac\u00e9 ou l&rsquo;absence de prise peut rendre la pi\u00e8ce peu fonctionnelle au quotidien.<\/li><li><strong>Ignorer les r\u00e8gles d&rsquo;urbanisme :<\/strong> Avant de vous lancer, il est sage de <a href=\"https:\/\/pro-veranda.fr\/actu\/comment-consulter-le-plu-de-ma-commune-avant-dacheter-une-veranda\/\">v\u00e9rifier le Plan Local d&rsquo;Urbanisme (PLU)<\/a> de votre commune, surtout si des modifications ext\u00e9rieures sont envisag\u00e9es.<\/li><\/ol>\n\n<script type=\"application\/ld+json\">\n{\"@context\":\"https:\/\/schema.org\",\"@type\":\"FAQPage\",\"mainEntity\":[{\"@type\":\"Question\",\"name\":\"Faut-il un permis de construire pour amu00e9nager une vu00e9randa existante ?\",\"acceptedAnswer\":{\"@type\":\"Answer\",\"text\":\"Non, pour l'amu00e9nagement intu00e9rieur d'une vu00e9randa du00e9ju00e0 construite (mobilier, du00e9coration, isolation par l'intu00e9rieur), aucune autorisation n'est requise. En revanche, si vous modifiez l'aspect extu00e9rieur, augmentez sa surface ou fermez un espace qui u00e9tait ouvert, une du00e9claration pru00e9alable de travaux ou un permis de construire peut u00eatre nu00e9cessaire en fonction de la surface cru00e9u00e9e. Renseignez-vous toujours aupru00e8s de votre mairie.\"}},{\"@type\":\"Question\",\"name\":\"Quel type de sol est le plus adaptu00e9 pour une vu00e9randa ?\",\"acceptedAnswer\":{\"@type\":\"Answer\",\"text\":\"Le carrelage est une excellente option car il est durable, facile d'entretien et possu00e8de une bonne inertie thermique, ce qui aide u00e0 conserver la frau00eecheur en u00e9tu00e9. Le bois composite et les sols en vinyle ou PVC sont aussi de tru00e8s bons choix, offrant ru00e9sistance u00e0 l'humiditu00e9 et une grande variu00e9tu00e9 de styles. u00c9vitez le parquet en bois massif, qui supporte mal les fortes variations de tempu00e9rature et d'humiditu00e9.\"}},{\"@type\":\"Question\",\"name\":\"Quelle tempu00e9rature peut-il faire dans une vu00e9randa en u00e9tu00e9 ?\",\"acceptedAnswer\":{\"@type\":\"Answer\",\"text\":\"Sans aucune protection solaire ni ventilation, une vu00e9randa orientu00e9e sud peut facilement atteindre 40 u00e0 50u00b0C, la rendant inutilisable. Cependant, avec des u00e9quipements adaptu00e9s comme des stores de toiture, des volets, une bonne au00e9ration et u00e9ventuellement une climatisation d'appoint, il est tout u00e0 fait possible de maintenir une tempu00e9rature de confort agru00e9able, autour de 22-26u00b0C.\"}},{\"@type\":\"Question\",\"name\":\"Combien cou00fbte en moyenne l'amu00e9nagement d'une vu00e9randa en salon ?\",\"acceptedAnswer\":{\"@type\":\"Answer\",\"text\":\"Le budget est tru00e8s variable. Pour un simple amu00e9nagement du00e9coratif avec du mobilier d'entru00e9e de gamme, comptez entre 1 500 u20ac et 3 000 u20ac. Pour une transformation plus complu00e8te incluant l'isolation, l'installation d'un chauffage et du mobilier de qualitu00e9, le budget peut s'u00e9lever de 8 000 u20ac u00e0 15 000 u20ac ou plus, selon la surface et les matu00e9riaux choisis.\"}}]}\n<\/script>\n<h3>Faut-il un permis de construire pour am\u00e9nager une v\u00e9randa existante ?<\/h3>\n<p>Non, pour l&rsquo;am\u00e9nagement int\u00e9rieur d&rsquo;une v\u00e9randa d\u00e9j\u00e0 construite (mobilier, d\u00e9coration, isolation par l&rsquo;int\u00e9rieur), aucune autorisation n&rsquo;est requise. En revanche, si vous modifiez l&rsquo;aspect ext\u00e9rieur, augmentez sa surface ou fermez un espace qui \u00e9tait ouvert, une d\u00e9claration pr\u00e9alable de travaux ou un permis de construire peut \u00eatre n\u00e9cessaire en fonction de la surface cr\u00e9\u00e9e. Renseignez-vous toujours aupr\u00e8s de votre mairie.<\/p>\n<h3>Quel type de sol est le plus adapt\u00e9 pour une v\u00e9randa ?<\/h3>\n<p>Le carrelage est une excellente option car il est durable, facile d&rsquo;entretien et poss\u00e8de une bonne inertie thermique, ce qui aide \u00e0 conserver la fra\u00eecheur en \u00e9t\u00e9. Le bois composite et les sols en vinyle ou PVC sont aussi de tr\u00e8s bons choix, offrant r\u00e9sistance \u00e0 l&rsquo;humidit\u00e9 et une grande vari\u00e9t\u00e9 de styles. \u00c9vitez le parquet en bois massif, qui supporte mal les fortes variations de temp\u00e9rature et d&rsquo;humidit\u00e9.<\/p>\n<h3>Quelle temp\u00e9rature peut-il faire dans une v\u00e9randa en \u00e9t\u00e9 ?<\/h3>\n<p>Sans aucune protection solaire ni ventilation, une v\u00e9randa orient\u00e9e sud peut facilement atteindre 40 \u00e0 50\u00b0C, la rendant inutilisable. Cependant, avec des \u00e9quipements adapt\u00e9s comme des stores de toiture, des volets, une bonne a\u00e9ration et \u00e9ventuellement une climatisation d&rsquo;appoint, il est tout \u00e0 fait possible de maintenir une temp\u00e9rature de confort agr\u00e9able, autour de 22-26\u00b0C.<\/p>\n<h3>Combien co\u00fbte en moyenne l&rsquo;am\u00e9nagement d&rsquo;une v\u00e9randa en salon ?<\/h3>\n<p>Le budget est tr\u00e8s variable. Pour un simple am\u00e9nagement d\u00e9coratif avec du mobilier d&rsquo;entr\u00e9e de gamme, comptez entre 1 500 \u20ac et 3 000 \u20ac. Pour une transformation plus compl\u00e8te incluant l&rsquo;isolation, l&rsquo;installation d&rsquo;un chauffage et du mobilier de qualit\u00e9, le budget peut s&rsquo;\u00e9lever de 8 000 \u20ac \u00e0 15 000 \u20ac ou plus, selon la surface et les mat\u00e9riaux choisis.<\/p>\n\n","protected":false},"excerpt":{"rendered":"<p>Transformer une v\u00e9randa en salon, c\u2019est bien plus qu\u2019un simple projet de d\u00e9coration. C\u2019est la cr\u00e9ation d\u2019une v\u00e9ritable extension de [&hellip;]<\/p>\n","protected":false},"author":1,"featured_media":104,"comment_status":"open","ping_status":"open","sticky":false,"template":"","format":"standard","meta":{"site-sidebar-layout":"default","site-content-layout":"","ast-site-content-layout":"default","site-content-style":"default","site-sidebar-style":"default","ast-global-header-display":"","ast-banner-title-visibility":"","ast-main-header-display":"","ast-hfb-above-header-display":"","ast-hfb-below-header-display":"","ast-hfb-mobile-header-display":"","site-post-title":"","ast-breadcrumbs-content":"","ast-featured-img":"","footer-sml-layout":"","ast-disable-related-posts":"","theme-transparent-header-meta":"","adv-header-id-meta":"","stick-header-meta":"","header-above-stick-meta":"","header-main-stick-meta":"","header-below-stick-meta":"","astra-migrate-meta-layouts":"default","ast-page-background-enabled":"default","ast-page-background-meta":{"desktop":{"background-color":"var(--ast-global-color-5)","background-image":"","background-repeat":"repeat","background-position":"center center","background-size":"auto","background-attachment":"scroll","background-type":"","background-media":"","overlay-type":"","overlay-color":"","overlay-opacity":"","overlay-gradient":""},"tablet":{"background-color":"","background-image":"","background-repeat":"repeat","background-position":"center center","background-size":"auto","background-attachment":"scroll","background-type":"","background-media":"","overlay-type":"","overlay-color":"","overlay-opacity":"","overlay-gradient":""},"mobile":{"background-color":"","background-image":"","background-repeat":"repeat","background-position":"center center","background-size":"auto","background-attachment":"scroll","background-type":"","background-media":"","overlay-type":"","overlay-color":"","overlay-opacity":"","overlay-gradient":""}},"ast-content-background-meta":{"desktop":{"background-color":"var(--ast-global-color-4)","background-image":"","background-repeat":"repeat","background-position":"center center","background-size":"auto","background-attachment":"scroll","background-type":"","background-media":"","overlay-type":"","overlay-color":"","overlay-opacity":"","overlay-gradient":""},"tablet":{"background-color":"var(--ast-global-color-4)","background-image":"","background-repeat":"repeat","background-position":"center center","background-size":"auto","background-attachment":"scroll","background-type":"","background-media":"","overlay-type":"","overlay-color":"","overlay-opacity":"","overlay-gradient":""},"mobile":{"background-color":"var(--ast-global-color-4)","background-image":"","background-repeat":"repeat","background-position":"center center","background-size":"auto","background-attachment":"scroll","background-type":"","background-media":"","overlay-type":"","overlay-color":"","overlay-opacity":"","overlay-gradient":""}},"footnotes":""},"categories":[1],"tags":[],"class_list":["post-106","post","type-post","status-publish","format-standard","has-post-thumbnail","hentry","category-veranda"],"_links":{"self":[{"href":"https:\/\/pro-veranda.fr\/actu\/wp-json\/wp\/v2\/posts\/106","targetHints":{"allow":["GET"]}}],"collection":[{"href":"https:\/\/pro-veranda.fr\/actu\/wp-json\/wp\/v2\/posts"}],"about":[{"href":"https:\/\/pro-veranda.fr\/actu\/wp-json\/wp\/v2\/types\/post"}],"author":[{"embeddable":true,"href":"https:\/\/pro-veranda.fr\/actu\/wp-json\/wp\/v2\/users\/1"}],"replies":[{"embeddable":true,"href":"https:\/\/pro-veranda.fr\/actu\/wp-json\/wp\/v2\/comments?post=106"}],"version-history":[{"count":0,"href":"https:\/\/pro-veranda.fr\/actu\/wp-json\/wp\/v2\/posts\/106\/revisions"}],"wp:featuredmedia":[{"embeddable":true,"href":"https:\/\/pro-veranda.fr\/actu\/wp-json\/wp\/v2\/media\/104"}],"wp:attachment":[{"href":"https:\/\/pro-veranda.fr\/actu\/wp-json\/wp\/v2\/media?parent=106"}],"wp:term":[{"taxonomy":"category","embeddable":true,"href":"https:\/\/pro-veranda.fr\/actu\/wp-json\/wp\/v2\/categories?post=106"},{"taxonomy":"post_tag","embeddable":true,"href":"https:\/\/pro-veranda.fr\/actu\/wp-json\/wp\/v2\/tags?post=106"}],"curies":[{"name":"wp","href":"https:\/\/api.w.org\/{rel}","templated":true}]}}